{"id":372881,"date":"2025-09-07T11:45:11","date_gmt":"2025-09-07T11:45:11","guid":{"rendered":"https:\/\/www.europesays.com\/fr\/372881\/"},"modified":"2025-09-07T11:45:11","modified_gmt":"2025-09-07T11:45:11","slug":"des-cables-sous-marins-servant-au-reseau-internet-international-sectionnes-en-mer-rouge-annonce-microsoft","status":"publish","type":"post","link":"https:\/\/www.europesays.com\/fr\/372881\/","title":{"rendered":"Des c\u00e2bles sous-marins servant au r\u00e9seau internet international sectionn\u00e9s en mer Rouge, annonce Microsoft"},"content":{"rendered":"<p>D\u00e9faillance ou attaque\u00a0? La firme am\u00e9ricaine n\u2019a pas donn\u00e9 de pr\u00e9cisions dans l\u2019imm\u00e9diat sur les causes de l\u2019incident.<\/p>\n<p class=\"fig-paragraph\">Des c\u00e2bles sous-marins servant aux communications et au r\u00e9seau internet internationaux\u00a0<a href=\"http:\/\/www.lefigaro.fr\/la-chine-revele-avoir-mis-au-point-un-robot-capable-de-sectionner-les-cables-sous-marins-20250324\" data-fig-type=\"NewsFlash\" data-gtm-custom-categorie=\"navigation\" data-gtm-custom-action=\"crossclick\" data-gtm-custom-label=\"Contextuel\" data-gtm-event=\"customEventSPE\" data-fig-domain=\"LEFIGARO\" target=\"_blank\" rel=\"noopener\">ont \u00e9t\u00e9 sectionn\u00e9s en mer Rouge<\/a>, a annonc\u00e9 Microsoft tard samedi, provoquant des perturbations du trafic internet en Asie et au Moyen-Orient selon une organisation de surveillance de l&rsquo;acc\u00e8s \u00e0 l&rsquo;internet. Microsoft a annonc\u00e9 dans un communiqu\u00e9 de sa plateforme d&rsquo;informatique \u00e0 distance Azure que le Moyen-Orient \u00abpourrait conna\u00eetre une latence accrue en raison de coupures de c\u00e2bles sous-marins en mer Rouge\u00bb. La firme am\u00e9ricaine n&rsquo;a pas donn\u00e9 de pr\u00e9cisions dans l&rsquo;imm\u00e9diat sur les causes de l&rsquo;incident. Elle a toutefois pr\u00e9cis\u00e9 que le trafic internet n&#8217;empruntant pas la r\u00e9gion du Moyen-Orient \u00abn&rsquo;est pas affect\u00e9\u00bb.<\/p>\n<p class=\"fig-paragraph\">L&rsquo;organisation de surveillance de l&rsquo;acc\u00e8s \u00e0 internet si\u00e9geant \u00e0 Londres NetBlocks, a pour sa part relev\u00e9 qu&rsquo;une \u00abs\u00e9rie de pannes de c\u00e2bles sous-marins en mer Rouge a d\u00e9grad\u00e9 la connectivit\u00e9 internet dans plusieurs pays, citant notamment l&rsquo;Inde, le Pakistan et les \u00c9mirats arabes unis. Elle a attribu\u00e9 ces perturbations \u00e0 des \u00abd\u00e9faillances touchant les syst\u00e8mes de c\u00e2bles SMW4 et IMEWE pr\u00e8s de Djeddah, en Arabie saoudite\u00bb. V\u00e9ritable colonne vert\u00e9brale des communications mondiales, les c\u00e2bles de t\u00e9l\u00e9communications sous-marins acheminent 99% des \u00e9changes internationaux de donn\u00e9es. Selon le Comit\u00e9 international de protection des c\u00e2bles (CIPC), principale organisation du secteur, on enregistre en moyenne 150 \u00e0 200 pannes par an \u00e0 travers le monde. Si la majorit\u00e9 survient en raison de c\u00e2bles sectionn\u00e9s par des ancres de navires, ces infrastructures peuvent aussi \u00eatre la cible d&rsquo;attaques.<\/p>\n<p>                                    <a class=\"fig-a11y-skip a11y-hidden\" href=\"#fig-a11y-skip-main-inarticle\"><br \/>\n        Passer la publicit\u00e9<br \/>\n    <\/a><\/p>\n<p class=\"fig-paragraph\">Cette panne survient alors que les rebelles houthis du Y\u00e9men, soutenus par l&rsquo;Iran lancent r\u00e9guli\u00e8rement des attaques contre des navires dans le golfe d&rsquo;Aden et en mer Rouge en signe de solidarit\u00e9 avec les Palestiniens de Gaza, assi\u00e9g\u00e9s et soumis \u00e0 une offensive militaire isra\u00e9lienne d&rsquo;envergure, cons\u00e9cutive \u00e0 l&rsquo;attaque du 7 octobre 2023 du mouvement islamiste palestinien Hamas sur le sol isra\u00e9lien. En 2024, les rebelles y\u00e9m\u00e9nites avaient d\u00e9menti avoir vis\u00e9 les c\u00e2bles sous-marins en mer Rouge. Environ 1,4 million de kilom\u00e8tres de c\u00e2bles en fibre optique traversent les oc\u00e9ans, permettant la fourniture de donn\u00e9es partout dans le monde pour des services essentiels comme le commerce, les transactions financi\u00e8res, les services publics, la sant\u00e9 num\u00e9rique et l&rsquo;\u00e9ducation.<\/p>\n","protected":false},"excerpt":{"rendered":"D\u00e9faillance ou attaque\u00a0? La firme am\u00e9ricaine n\u2019a pas donn\u00e9 de pr\u00e9cisions dans l\u2019imm\u00e9diat sur les causes de l\u2019incident.&hellip;\n","protected":false},"author":2,"featured_media":372882,"comment_status":"","ping_status":"","sticky":false,"template":"","format":"standard","meta":{"footnotes":""},"categories":[6],"tags":[47,722,723,35,33,34,1011,27,727,726,142,310,655,720,719,724,725,717,718,721,728],"class_list":{"0":"post-372881","1":"post","2":"type-post","3":"status-publish","4":"format-standard","5":"has-post-thumbnail","7":"category-economie","8":"tag-actualite","9":"tag-blog","10":"tag-blogs","11":"tag-business","12":"tag-economie","13":"tag-economy","14":"tag-fr","15":"tag-france","16":"tag-gadget","17":"tag-gadgets","18":"tag-high-tech","19":"tag-internet","20":"tag-iphone","21":"tag-multimedia","22":"tag-nouvelles-technolgies","23":"tag-smartphone","24":"tag-tablette","25":"tag-technologie","26":"tag-tic","27":"tag-web","28":"tag-widgets"},"share_on_mastodon":{"url":"https:\/\/pubeurope.com\/@fr\/115162849256142197","error":""},"_links":{"self":[{"href":"https:\/\/www.europesays.com\/fr\/wp-json\/wp\/v2\/posts\/372881","targetHints":{"allow":["GET"]}}],"collection":[{"href":"https:\/\/www.europesays.com\/fr\/wp-json\/wp\/v2\/posts"}],"about":[{"href":"https:\/\/www.europesays.com\/fr\/wp-json\/wp\/v2\/types\/post"}],"author":[{"embeddable":true,"href":"https:\/\/www.europesays.com\/fr\/wp-json\/wp\/v2\/users\/2"}],"replies":[{"embeddable":true,"href":"https:\/\/www.europesays.com\/fr\/wp-json\/wp\/v2\/comments?post=372881"}],"version-history":[{"count":0,"href":"https:\/\/www.europesays.com\/fr\/wp-json\/wp\/v2\/posts\/372881\/revisions"}],"wp:featuredmedia":[{"embeddable":true,"href":"https:\/\/www.europesays.com\/fr\/wp-json\/wp\/v2\/media\/372882"}],"wp:attachment":[{"href":"https:\/\/www.europesays.com\/fr\/wp-json\/wp\/v2\/media?parent=372881"}],"wp:term":[{"taxonomy":"category","embeddable":true,"href":"https:\/\/www.europesays.com\/fr\/wp-json\/wp\/v2\/categories?post=372881"},{"taxonomy":"post_tag","embeddable":true,"href":"https:\/\/www.europesays.com\/fr\/wp-json\/wp\/v2\/tags?post=372881"}],"curies":[{"name":"wp","href":"https:\/\/api.w.org\/{rel}","templated":true}]}}