{"id":372895,"date":"2025-09-07T11:55:20","date_gmt":"2025-09-07T11:55:20","guid":{"rendered":"https:\/\/www.europesays.com\/fr\/372895\/"},"modified":"2025-09-07T11:55:20","modified_gmt":"2025-09-07T11:55:20","slug":"le-message-de-joan-caudullo-apres-la-defaite-de-montpellier-contre-toulon-en-top-14-2","status":"publish","type":"post","link":"https:\/\/www.europesays.com\/fr\/372895\/","title":{"rendered":"le message de Joan Caudullo apr\u00e8s la d\u00e9faite de Montpellier contre Toulon en Top 14"},"content":{"rendered":"<p class=\"mb-4 text-lg md:leading-8 break-words\">Toulon a r\u00e9alis\u00e9 le match parfait \u00e0 l\u2019ext\u00e9rieur ce samedi soir: occupation, d\u00e9fense, engagement, solidarit\u00e9 et r\u00e9ussite pour mener 24-3 \u00e0 la mi-temps. Une deuxi\u00e8me mi-temps en gestion pour finalement s\u2019imposer 27-17 contre des Montpelli\u00e9rains qui sont pass\u00e9s \u00e0 c\u00f4t\u00e9 de leur premi\u00e8re p\u00e9riode et qui ont eu le droit \u00e0 deux soufflantes de <a href=\"https:\/\/rmcsport.bfmtv.com\/rugby\/top-14\/video-mhr-toulon-toulouse-est-une-locomotive-l-inspiration-de-coach-caudullo_VN-202509040557.html\" rel=\"nofollow noopener\" target=\"_blank\" data-ylk=\"slk:Joan Caudullo;elm:context_link;itc:0;sec:content-canvas\" class=\"link \">Joan Caudullo<\/a> (\u00e0 la mi-temps et \u00e0 la fin du match). Le MHR se met d\u00e9j\u00e0 la pression avant le d\u00e9placement \u00e0 Bayonne (13 septembre) et la r\u00e9ception de Toulouse (30 septembre). Joan Caudullo \u00e9tait marqu\u00e9 en conf\u00e9rence de presse d\u2019apr\u00e8s match.<\/p>\n<p class=\"mb-4 text-lg md:leading-8 break-words\"><b>Quel est votre premier sentiment apr\u00e8s cette d\u00e9faite contre Toulon?<\/b><\/p>\n<p class=\"mb-4 text-lg md:leading-8 break-words\">C&rsquo;est dur \u00e0 encaisser, tr\u00e8s dur \u00e0 encaisser au vu de notre premi\u00e8re mi-temps. Avec une premi\u00e8re mi-temps comme \u00e7a, on ne peut pas gagner un match. \u00c7a fait chier parce que c&rsquo;est la <a href=\"https:\/\/fr.news.yahoo.com\/sport\/rugby-suspense-stades-pleins-pourquoi-183026160.html\" data-ylk=\"slk:premi\u00e8re journ\u00e9e;elm:context_link;itc:0;sec:content-canvas;outcm:mb_qualified_link;_E:mb_qualified_link;ct:story;\" class=\"link  yahoo-link\" target=\"_blank\" rel=\"noopener\">premi\u00e8re journ\u00e9e<\/a>. Je pensais qu&rsquo;on \u00e9tait pr\u00eats. Malheureusement, non. On n\u2019a pas r\u00e9ussi ce soir \u00e0 faire ce que l\u2019on avait fait pendant les matches amicaux. Comme quoi \u00e7a ne sert \u00e0 rien, c\u2019est \u00e0 dire dominer physiquement l&rsquo;adversaire. Je la prends pour moi, celle-l\u00e0. Il faut qu&rsquo;on r\u00e9agisse tr\u00e8s rapidement la semaine prochaine \u00e0 Bayonne pour r\u00e9aliser une bonne saison. Je ne veux pas revivre les deux derni\u00e8res saisons. Il faut tr\u00e8s rapidement panser les plaies et repartir de l&rsquo;avant.<\/p>\n<p class=\"mb-4 text-lg md:leading-8 break-words\"><b>Vous sembliez tr\u00e8s remont\u00e9 \u00e0 la mi-temps dans les vestiaires, vous avez dit quoi \u00e0 vos joueurs?<\/b><\/p>\n<p class=\"mb-4 text-lg md:leading-8 break-words\">Avant le match, je leur ai dit que les matchs amicaux ne servaient \u00e0 rien, qu&rsquo;on avait montr\u00e9 des choses int\u00e9ressantes, mais que les comp\u00e9titeurs \u00e9taient l\u00e0 quand \u00e7a comptait. Et \u00e0 la mi-temps, je leur ai dit que ce n&rsquo;\u00e9taient pas des comp\u00e9titeurs et que je trouvais qu&rsquo;on jouait un petit peu les mains en haut du guidon. Face \u00e0 <a href=\"https:\/\/rmcsport.bfmtv.com\/rugby\/rc-toulonnais_DN-201503070179.html\" rel=\"nofollow noopener\" target=\"_blank\" data-ylk=\"slk:une \u00e9quipe;elm:context_link;itc:0;sec:content-canvas\" class=\"link \">une \u00e9quipe<\/a> de ce calibre, de cette qualit\u00e9, on ne peut pas exister. Tout simplement, on ne peut pas exister. Il y a de la col\u00e8re parce qu&rsquo;on a rat\u00e9 la premi\u00e8re marche de l&rsquo;escalier. Mais il y en a encore pas mal, de marches.<\/p>\n<p>\u00ab\u00a0On a peur de retomber dans nos travers\u00a0\u00bb<\/p>\n<p class=\"mb-4 text-lg md:leading-8 break-words\"><b>Vous pensiez \u00eatre \u00e0 l\u2019abri de ce manque de constance de votre \u00e9quipe sur un match?<\/b><\/p>\n<p class=\"mb-4 text-lg md:leading-8 break-words\">C&rsquo;est une mi-temps o\u00f9 on est oblig\u00e9 de dire aux joueurs qu&rsquo;on ne comprend pas leur comportement. Le Top 14 est difficile, c&rsquo;est compliqu\u00e9 d&rsquo;amener \u00e9norm\u00e9ment de constance. M\u00eame le <a href=\"https:\/\/rmcsport.bfmtv.com\/rugby\/top-14\/video-stade-toulousain-rester-affame-est-une-necessite-mola-lance-la-saison_VN-202509050600.html\" rel=\"nofollow noopener\" target=\"_blank\" data-ylk=\"slk:Stade Toulousain;elm:context_link;itc:0;sec:content-canvas\" class=\"link \">Stade Toulousain<\/a>, par moments, faillit. Mais nous, aujourd&rsquo;hui, le probl\u00e8me, c&rsquo;est que c&rsquo;est la premi\u00e8re journ\u00e9e. C&rsquo;est \u00e7a qui est malheureux. Il y a \u00e9norm\u00e9ment de questions personnelles \u00e0 avoir de ma part, dans mon discours, dans ma fa\u00e7on d&rsquo;aborder les matchs. C&rsquo;est un travail que je vais faire. Lundi, on va repartir de l&rsquo;avant pour faire en sorte de laver cet affront-l\u00e0. Je ne vais pas l\u00e2cher et continuer d&rsquo;avancer parce qu&rsquo;on a toujours le m\u00eame objectif.<\/p>\n<p class=\"mb-4 text-lg md:leading-8 break-words\"><b>L\u2019ann\u00e9e derni\u00e8re, vous avez perdu lors de la premi\u00e8re journ\u00e9e \u00e0 domicile contre Lyon. Une d\u00e9faite que vous avez tra\u00een\u00e9 un peu comme un fardeau. Vous avez peur de revivre la m\u00eame saison?<\/b><\/p>\n<p class=\"mb-4 text-lg md:leading-8 break-words\">On a bien \u00e9videmment peur de \u00e7a. On a peur de retomber <a href=\"https:\/\/fr.news.yahoo.com\/sport\/top-14-%C3%A9quipe-capable-grandes-081401524.html\" data-ylk=\"slk:dans nos travers;elm:context_link;itc:0;sec:content-canvas;outcm:mb_qualified_link;_E:mb_qualified_link;ct:story;\" class=\"link  yahoo-link\" target=\"_blank\" rel=\"noopener\">dans nos travers<\/a> et de ne pas se dire les choses. Ce que je leur ai dit dans le rond \u00e0 la fin du match, c&rsquo;est qu&rsquo;il ne faut pas qu&rsquo;on se l\u00e2che. Il faut qu&rsquo;on se resserre pour faire un match de qualit\u00e9 \u00e0 Bayonne. Parce que je reste persuad\u00e9 qu&rsquo;on a de la qualit\u00e9 et on a les moyens de remplir les objectifs qui \u00e9taient fix\u00e9s en d\u00e9but de saison.<\/p>\n<p class=\"mb-4 text-lg md:leading-8 break-words\"><a href=\"https:\/\/rmcsport.bfmtv.com\/rugby\/top-14\/repartir-de-l-avant-et-laver-cet-affront-le-message-de-joan-caudullo-apres-la-defaite-de-montpellier-contre-toulon-en-top-14_AV-202509060360.html#xtor=AL-68\" rel=\"nofollow noopener\" target=\"_blank\" data-ylk=\"slk:Article original publi\u00e9 sur RMC Sport;elm:context_link;itc:0;sec:content-canvas\" class=\"link \">Article original publi\u00e9 sur RMC Sport<\/a><\/p>\n","protected":false},"excerpt":{"rendered":"Toulon a r\u00e9alis\u00e9 le match parfait \u00e0 l\u2019ext\u00e9rieur ce samedi soir: occupation, d\u00e9fense, engagement, solidarit\u00e9 et r\u00e9ussite pour&hellip;\n","protected":false},"author":2,"featured_media":372896,"comment_status":"","ping_status":"","sticky":false,"template":"","format":"standard","meta":{"footnotes":""},"categories":[9619],"tags":[1111,11,1777,674,1011,27,50708,12,882,25,2310],"class_list":{"0":"post-372895","1":"post","2":"type-post","3":"status-publish","4":"format-standard","5":"has-post-thumbnail","7":"category-toulon","8":"tag-actu","9":"tag-actualites","10":"tag-eu","11":"tag-europe","12":"tag-fr","13":"tag-france","14":"tag-mi-temps","15":"tag-news","16":"tag-provence-alpes-cote-dazur","17":"tag-republique-francaise","18":"tag-toulon"},"share_on_mastodon":{"url":"https:\/\/pubeurope.com\/@fr\/115162888542586107","error":""},"_links":{"self":[{"href":"https:\/\/www.europesays.com\/fr\/wp-json\/wp\/v2\/posts\/372895","targetHints":{"allow":["GET"]}}],"collection":[{"href":"https:\/\/www.europesays.com\/fr\/wp-json\/wp\/v2\/posts"}],"about":[{"href":"https:\/\/www.europesays.com\/fr\/wp-json\/wp\/v2\/types\/post"}],"author":[{"embeddable":true,"href":"https:\/\/www.europesays.com\/fr\/wp-json\/wp\/v2\/users\/2"}],"replies":[{"embeddable":true,"href":"https:\/\/www.europesays.com\/fr\/wp-json\/wp\/v2\/comments?post=372895"}],"version-history":[{"count":0,"href":"https:\/\/www.europesays.com\/fr\/wp-json\/wp\/v2\/posts\/372895\/revisions"}],"wp:featuredmedia":[{"embeddable":true,"href":"https:\/\/www.europesays.com\/fr\/wp-json\/wp\/v2\/media\/372896"}],"wp:attachment":[{"href":"https:\/\/www.europesays.com\/fr\/wp-json\/wp\/v2\/media?parent=372895"}],"wp:term":[{"taxonomy":"category","embeddable":true,"href":"https:\/\/www.europesays.com\/fr\/wp-json\/wp\/v2\/categories?post=372895"},{"taxonomy":"post_tag","embeddable":true,"href":"https:\/\/www.europesays.com\/fr\/wp-json\/wp\/v2\/tags?post=372895"}],"curies":[{"name":"wp","href":"https:\/\/api.w.org\/{rel}","templated":true}]}}