{"id":372903,"date":"2025-09-07T12:02:22","date_gmt":"2025-09-07T12:02:22","guid":{"rendered":"https:\/\/www.europesays.com\/fr\/372903\/"},"modified":"2025-09-07T12:02:22","modified_gmt":"2025-09-07T12:02:22","slug":"la-proliferation-des-sangliers-en-pleine-ville-inquiete-pres-de-grenoble","status":"publish","type":"post","link":"https:\/\/www.europesays.com\/fr\/372903\/","title":{"rendered":"la prolif\u00e9ration des sangliers en pleine ville inqui\u00e8te pr\u00e8s de Grenoble"},"content":{"rendered":"<p class=\"article__intro\">En p\u00e9riph\u00e9rie de Grenoble, plusieurs habitants de Saint-Martin-d\u2019H\u00e8res (Is\u00e8re) signalent la pr\u00e9sence de sangliers pr\u00e8s de leurs habitations, et s\u2019inqui\u00e8tent de cette cohabitation. Une jeune femme, qui promenait ses chiens dans un parc, a m\u00eame \u00e9t\u00e9 attaqu\u00e9e par l&rsquo;un d&rsquo;entre eux.<\/p>\n<p>\n      L\u2019actu des r\u00e9gions\n    <\/p>\n<p>\n      Chaque jour, un tour d\u2019horizon des principales infos de toutes les r\u00e9gions.\n    <\/p>\n<p>    France T\u00e9l\u00e9visions utilise votre adresse e-mail afin de vous envoyer la newsletter \u00ab\u00a0L\u2019actu des r\u00e9gions\u00a0\u00bb. Vous pouvez vous d\u00e9sinscrire \u00e0 tout moment via le lien en bas de cette newsletter. <a target=\"_blank\" href=\"https:\/\/www.francetelevisions.fr\/groupe\/confidentialite\/politique-de-confidentialite\/politique-de-confidentialite-de-france-televisions-6503\" rel=\"nofollow noopener\">Notre politique de confidentialit\u00e9<\/a><\/p>\n<p>\u00c0 quelques m\u00e8tres d\u2019une aire de jeux pour enfants, certaines parcelles du parc de Saint-Martin-d\u2019H\u00e8res sont ravag\u00e9es.<\/p>\n<p>\u00ab\u00a0L\u00e0, typiquement, on est sur une zone retourn\u00e9e par les sangliers. Ils sont l\u00e0, ils recherchent la nourriture, ils recherchent tout ce qui est vert, tout ce qui est bulbe\u00a0\u00bb, d\u00e9crit S\u00e9bastien Persicot, pr\u00e9sident de l\u2019association de chasse de Saint-Martin-d\u2019H\u00e8res.<\/p>\n<p><a data-article-figure=\"\" href=\"https:\/\/france3-regions.franceinfo.fr\/image\/83PpcbUQZF45w2mXE3t5ErsEnvc\/1920x1080\/regions\/2025\/09\/07\/attaques-de-sanglier-saint-martin-d-h-res-00-00-27-00-68bd38ed35356410581627.jpg\" data-pswp-width=\"1920\" data-pswp-height=\"1080\" target=\"_blank\" rel=\"nofollow noopener\"><\/p>\n<p>          <img width=\"600\" height=\"400\" class=\"article-image lazy\" data-src=\"https:\/\/www.europesays.com\/fr\/wp-content\/uploads\/2025\/09\/attaques-de-sanglier-saint-martin-d-h-res-00-00-27-00-68bd38ed35356410581627.jpg\" alt=\"S\u00e9bastien Persicot, pr\u00e9sident de l\u2019association de chasse de Saint-Martin-d\u2019H\u00e8res, constate les d\u00e9g\u00e2ts des sangliers dans ce parc communal.\" fetchpriority=\"high\" as=\"image\"\/><\/p>\n<p>\n            S\u00e9bastien Persicot, pr\u00e9sident de l\u2019association de chasse de Saint-Martin-d\u2019H\u00e8res, constate les d\u00e9g\u00e2ts des sangliers dans ce parc communal.<br \/>\n                           \u2022<br \/>\n                                      \u00a9 F3 Alpes\n                      <\/p>\n<p><\/a><\/p>\n<p>\u00c0 la nuit tomb\u00e9e, les sangliers envahissent cette commune de l\u2019agglom\u00e9ration grenobloise. L\u2019esp\u00e8ce s\u2019adapte tr\u00e8s bien au milieu p\u00e9riurbain. \u00ab\u00a0On estime le nombre de sangliers \u00e0 une douzaine, entre 12 et 15 individus qui ont pu d\u00e9t\u00e9riorer le sol \u00e0 ce niveau-l\u00e0\u00a0\u00bb,\u00a0poursuit le chasseur.<\/p>\n<p>Au pied de la colline du M\u00fbrier, G\u00e9raldine Ayache a l&rsquo;habitude d\u2019observer les sangliers dans son jardin. Mais cette cohabitation pacifique, qui durait depuis plusieurs ann\u00e9es, s\u2019est subitement d\u00e9t\u00e9rior\u00e9e d\u00e9but septembre.<\/p>\n<p>Alors qu\u2019elle se promenait avec ses chiens, la fille de G\u00e9raldine s\u2019est retrouv\u00e9e nez \u00e0 nez avec un sanglier. \u00ab\u00a0Le bordeur-collie l&rsquo;a repouss\u00e9, et le sanglier s&rsquo;est trouv\u00e9 accul\u00e9 \u00e0 cette cabane. Il a fait volte-face et il a attaqu\u00e9 ma fille. Elle a l\u00e2ch\u00e9 ses chiens. Il y a eu une bataille entre les chiens et le sanglier. Le malinois a \u00e9t\u00e9 gri\u00e8vement bless\u00e9\u00a0\u00bb, raconte la Martin\u00e9roise.<\/p>\n<p>Le chien a d\u00fb subir trois heures d&rsquo;op\u00e9ration. Une sc\u00e8ne traumatisante pour G\u00e9raldine qui exige que des mesures soient prises.<\/p>\n<p>Mais \u00e0 Saint-Martin-d&rsquo;H\u00e8res, milieu p\u00e9riurbain, les r\u00e8gles de chasse ne sont pas si simples.<\/p>\n<p>\u00ab\u00a0Dans ce cas pr\u00e9sent, il y a un arr\u00eat\u00e9 de s\u00e9curit\u00e9 publique qui existe, qui a \u00e9t\u00e9 sign\u00e9 par le pr\u00e9fet en 2006, et qui limite la possibilit\u00e9 donn\u00e9e aux chasseurs de pouvoir chasser. Donc ils ne peuvent chasser que le samedi jusqu&rsquo;\u00e0 15 heures et le dimanche jusqu&rsquo;\u00e0 12 heures dans cette partie de la commune\u00a0\u00bb, d\u00e9taille Patrice Sibut, pr\u00e9sident de la F\u00e9d\u00e9ration d\u00e9partementale des chasseurs de l\u2019Is\u00e8re.<\/p>\n<p><a data-article-figure=\"\" href=\"https:\/\/france3-regions.franceinfo.fr\/image\/1MbIwu-40I82cfHnw7mYd71riPE\/1920x1080\/regions\/2025\/09\/07\/attaques-de-sanglier-saint-martin-d-h-res-00-01-47-01-68bd3ce7ba586715341160.jpg\" data-pswp-width=\"1920\" data-pswp-height=\"1080\" target=\"_blank\" rel=\"nofollow noopener\"><\/p>\n<p>          <img width=\"600\" height=\"400\" class=\"article-image lazy\" data-src=\"https:\/\/www.europesays.com\/fr\/wp-content\/uploads\/2025\/09\/attaques-de-sanglier-saint-martin-d-h-res-00-01-47-01-68bd3ce7ba586715341160.jpg\" alt=\"Des panneaux ont \u00e9t\u00e9 install\u00e9s autour du parc de la commune pour sensibiliser les usagers.\" fetchpriority=\"high\" as=\"image\"\/><\/p>\n<p>\n            Des panneaux ont \u00e9t\u00e9 install\u00e9s autour du parc de la commune pour sensibiliser les usagers.<br \/>\n                           \u2022<br \/>\n                                      \u00a9 F3 Alpes\n                      <\/p>\n<p><\/a><\/p>\n<p>Cette autorisation n\u2019est valable que pendant la saison de la chasse, qui d\u00e9butera le 14 septembre.<\/p>\n<p>En attendant, les agents municipaux de Saint-Martin-d\u2019H\u00e8res ont ferm\u00e9 l&rsquo;acc\u00e8s \u00e0 des secteurs fr\u00e9quent\u00e9s par les sangliers. Une cl\u00f4ture sera bient\u00f4t install\u00e9e pour s\u00e9curiser les zones \u00e0 risque.<\/p>\n","protected":false},"excerpt":{"rendered":"En p\u00e9riph\u00e9rie de Grenoble, plusieurs habitants de Saint-Martin-d\u2019H\u00e8res (Is\u00e8re) signalent la pr\u00e9sence de sangliers pr\u00e8s de leurs habitations,&hellip;\n","protected":false},"author":2,"featured_media":372904,"comment_status":"","ping_status":"","sticky":false,"template":"","format":"standard","meta":{"footnotes":""},"categories":[9566],"tags":[1111,11,2430,1777,674,1011,27,2731,12,25],"class_list":{"0":"post-372903","1":"post","2":"type-post","3":"status-publish","4":"format-standard","5":"has-post-thumbnail","7":"category-grenoble","8":"tag-actu","9":"tag-actualites","10":"tag-auvergne-rhone-alpes","11":"tag-eu","12":"tag-europe","13":"tag-fr","14":"tag-france","15":"tag-grenoble","16":"tag-news","17":"tag-republique-francaise"},"share_on_mastodon":{"url":"https:\/\/pubeurope.com\/@fr\/115162915960903124","error":""},"_links":{"self":[{"href":"https:\/\/www.europesays.com\/fr\/wp-json\/wp\/v2\/posts\/372903","targetHints":{"allow":["GET"]}}],"collection":[{"href":"https:\/\/www.europesays.com\/fr\/wp-json\/wp\/v2\/posts"}],"about":[{"href":"https:\/\/www.europesays.com\/fr\/wp-json\/wp\/v2\/types\/post"}],"author":[{"embeddable":true,"href":"https:\/\/www.europesays.com\/fr\/wp-json\/wp\/v2\/users\/2"}],"replies":[{"embeddable":true,"href":"https:\/\/www.europesays.com\/fr\/wp-json\/wp\/v2\/comments?post=372903"}],"version-history":[{"count":0,"href":"https:\/\/www.europesays.com\/fr\/wp-json\/wp\/v2\/posts\/372903\/revisions"}],"wp:featuredmedia":[{"embeddable":true,"href":"https:\/\/www.europesays.com\/fr\/wp-json\/wp\/v2\/media\/372904"}],"wp:attachment":[{"href":"https:\/\/www.europesays.com\/fr\/wp-json\/wp\/v2\/media?parent=372903"}],"wp:term":[{"taxonomy":"category","embeddable":true,"href":"https:\/\/www.europesays.com\/fr\/wp-json\/wp\/v2\/categories?post=372903"},{"taxonomy":"post_tag","embeddable":true,"href":"https:\/\/www.europesays.com\/fr\/wp-json\/wp\/v2\/tags?post=372903"}],"curies":[{"name":"wp","href":"https:\/\/api.w.org\/{rel}","templated":true}]}}