{"id":372905,"date":"2025-09-07T12:07:10","date_gmt":"2025-09-07T12:07:10","guid":{"rendered":"https:\/\/www.europesays.com\/fr\/372905\/"},"modified":"2025-09-07T12:07:10","modified_gmt":"2025-09-07T12:07:10","slug":"un-indesirable-de-liam-rosenior-vers-le-standard-de-liege","status":"publish","type":"post","link":"https:\/\/www.europesays.com\/fr\/372905\/","title":{"rendered":"un ind\u00e9sirable de Liam Rosenior vers le Standard de Li\u00e8ge ?"},"content":{"rendered":"<p>\t\t\t\t\t Le RC Strasbourg a \u00e9t\u00e9 l&rsquo;un des grands animateurs du mercato d&rsquo;\u00e9t\u00e9 en Ligue 1. Avec 17 arriv\u00e9es et 21 d\u00e9parts, le RCSA a boulevers\u00e9 en profondeur son effectif. Et ce n&rsquo;est visiblement pas termin\u00e9 dans le sens des d\u00e9parts. <\/p>\n<p>Selon les informations du journaliste belge Sacha Tavolieri, le Standard de Li\u00e8ge a manifest\u00e9 un \u00ab\u00a0int\u00e9r\u00eat concret\u00a0\u00bb pour Eduard Sobol, le lat\u00e9ral gauche du Racing Club de Strasbourg. Des discussions seraient actuellement en cours entre les deux clubs. <\/p>\n<p>L&rsquo;international ukrainien de 30 ans traverse une p\u00e9riode d\u00e9licate en Alsace. Arriv\u00e9 en janvier 2023 pour 2,5 millions d&rsquo;euros en provenance du FC Bruges, il n&rsquo;a disput\u00e9 que 86 minutes de jeu la saison pass\u00e9e en Ligue 1. N&rsquo;entrant pas dans les plans de Liam Rosenior, il n&rsquo;a obtenu que une petite minute depuis le d\u00e9but de l&rsquo;exercice 2025-2026. <\/p>\n<p>Marc Wilmots, directeur sportif du Standard, cherche \u00e0 renforcer son secteur d\u00e9fensif apr\u00e8s les d\u00e9parts estivaux. Eduard Sobol pr\u00e9sente un profil int\u00e9ressant avec son exp\u00e9rience du haut niveau, lui qui compte trois titres de champion de Belgique avec Bruges et 29 s\u00e9lections en \u00e9quipe d&rsquo;Ukraine. <\/p>\n<p>Sous contrat jusqu&rsquo;en 2026 \u00e0 Strasbourg, le d\u00e9fenseur pourrait repr\u00e9senter une opportunit\u00e9 de march\u00e9 pour le Standard. Son passage r\u00e9ussi en Jupiler Pro League (124 matchs avec Bruges) plaide en sa faveur pour un retour en Belgique. <\/p>\n<p>Strasbourg, qui avait d\u00e9j\u00e0 cherch\u00e9 \u00e0 se s\u00e9parer du joueur l&rsquo;\u00e9t\u00e9 dernier sous la forme d&rsquo;un transfert sec, ne se montrera pas gourmand. Le Standard, de son c\u00f4t\u00e9, doit composer avec des moyens financiers tr\u00e8s limit\u00e9s, et pourrait bien tenter d&rsquo;obtenir un transfert libre de Sobol. <\/p>\n<p>Alors que le mercato fermera ses portes ce lundi 8 septembre en Belgique, le timing est serr\u00e9 pour trouver un accord.\u00a0\n\t\t\t\t <\/p>\n","protected":false},"excerpt":{"rendered":"Le RC Strasbourg a \u00e9t\u00e9 l&rsquo;un des grands animateurs du mercato d&rsquo;\u00e9t\u00e9 en Ligue 1. Avec 17 arriv\u00e9es&hellip;\n","protected":false},"author":2,"featured_media":372906,"comment_status":"","ping_status":"","sticky":false,"template":"","format":"standard","meta":{"footnotes":""},"categories":[2820],"tags":[1111,11,1777,674,1011,27,775,12,25,640],"class_list":{"0":"post-372905","1":"post","2":"type-post","3":"status-publish","4":"format-standard","5":"has-post-thumbnail","7":"category-strasbourg","8":"tag-actu","9":"tag-actualites","10":"tag-eu","11":"tag-europe","12":"tag-fr","13":"tag-france","14":"tag-grand-est","15":"tag-news","16":"tag-republique-francaise","17":"tag-strasbourg"},"share_on_mastodon":{"url":"https:\/\/pubeurope.com\/@fr\/115162935721370535","error":""},"_links":{"self":[{"href":"https:\/\/www.europesays.com\/fr\/wp-json\/wp\/v2\/posts\/372905","targetHints":{"allow":["GET"]}}],"collection":[{"href":"https:\/\/www.europesays.com\/fr\/wp-json\/wp\/v2\/posts"}],"about":[{"href":"https:\/\/www.europesays.com\/fr\/wp-json\/wp\/v2\/types\/post"}],"author":[{"embeddable":true,"href":"https:\/\/www.europesays.com\/fr\/wp-json\/wp\/v2\/users\/2"}],"replies":[{"embeddable":true,"href":"https:\/\/www.europesays.com\/fr\/wp-json\/wp\/v2\/comments?post=372905"}],"version-history":[{"count":0,"href":"https:\/\/www.europesays.com\/fr\/wp-json\/wp\/v2\/posts\/372905\/revisions"}],"wp:featuredmedia":[{"embeddable":true,"href":"https:\/\/www.europesays.com\/fr\/wp-json\/wp\/v2\/media\/372906"}],"wp:attachment":[{"href":"https:\/\/www.europesays.com\/fr\/wp-json\/wp\/v2\/media?parent=372905"}],"wp:term":[{"taxonomy":"category","embeddable":true,"href":"https:\/\/www.europesays.com\/fr\/wp-json\/wp\/v2\/categories?post=372905"},{"taxonomy":"post_tag","embeddable":true,"href":"https:\/\/www.europesays.com\/fr\/wp-json\/wp\/v2\/tags?post=372905"}],"curies":[{"name":"wp","href":"https:\/\/api.w.org\/{rel}","templated":true}]}}