{"id":372918,"date":"2025-09-07T12:15:18","date_gmt":"2025-09-07T12:15:18","guid":{"rendered":"https:\/\/www.europesays.com\/fr\/372918\/"},"modified":"2025-09-07T12:15:18","modified_gmt":"2025-09-07T12:15:18","slug":"supertri-revient-a-toulouse-un-festival-du-triathlon-pour-pros-amateurs-et-familles","status":"publish","type":"post","link":"https:\/\/www.europesays.com\/fr\/372918\/","title":{"rendered":"Supertri revient \u00e0 Toulouse\u00a0: un festival du triathlon pour pros, amateurs et familles"},"content":{"rendered":"<p>Du<strong> 4 au 5\u00a0octobre 2025<\/strong>, la Ville Rose va vivre <strong>au rythme du triple effort<\/strong>. Le centre-ville de Toulouse accueille\u00a0<strong>Supertri<\/strong>, un \u00e9v\u00e9nement qui r\u00e9unit la <strong>grande finale internationale du circuit de triathlon<\/strong> et <strong>des courses ouvertes \u00e0 tous<\/strong>. Entre comp\u00e9tition de haut niveau, initiations sportives et animations festives, c\u2019est un vrai festival du triathlon qui s\u2019installe sur les quais.<\/p>\n<p>\u00a0<\/p>\n<p>Les meilleurs triathl\u00e8tes du monde au bord de la Garonne<\/p>\n<p>Depuis 3 ans, Supertri, anciennement Super League Triathlon, organise \u00e0 Toulouse l\u2019une des \u00e9tapes ses comp\u00e9titions internationales de triathlon professionnel.<\/p>\n<p>        <img decoding=\"async\" class=\"std-img__img responsive-img\" src=\"https:\/\/www.europesays.com\/fr\/wp-content\/uploads\/2025\/09\/1757247316_719_image.jpg\" alt=\"Les triathl\u00e8tes professionnels de tous les pays disputeront la grande finale Supertri League 2025 le 5 octobre 2025 sur un format court permettant d'offrir une course spectaculaire sur les quais.\"\/><\/p>\n<p>                Les triathl\u00e8tes professionnels de tous les pays disputeront la grande finale Supertri League 2025 le 5 octobre 2025 sur un format court permettant d&rsquo;offrir une course spectaculaire sur les quais.<br \/>\n                                    \u00a9 Supertri \/ That Cameraman<\/p>\n<p>Dimanche 5\u00a0octobre, la <strong>finale mondiale Supertri<\/strong>\u00a0<strong>League <\/strong>prendra place au c\u0153ur de Toulouse, apr\u00e8s des \u00e9tapes \u00e0 Toronto, Chicago et sur l\u2019\u00eele de Jersey. <strong>Les 20 meilleures femmes et les 20 meilleurs hommes<\/strong> du triathlon courte distance s\u2019affronteront entre la Place de la Daurade, les rues de la vieille ville et la Garonne. \u00ab\u00a0L\u2019\u00e9v\u00e9nement est ouvert \u00e0 tous et enti\u00e8rement gratuit. Nous avons choisi Toulouse car la ville offre un cadre magnifique et un public incroyable, c\u2019est devenu un rendez-vous incontournable\u00a0\u00bb, souligne Michael D&rsquo;hulst, PDG de <a href=\"https:\/\/supertri.com\/events\/toulouse-triathlon\/\" target=\"_blank\" rel=\"nofollow noopener\">Supertri<\/a>.<\/p>\n<p>Boucles \u00e0 v\u00e9lo \u00e0 toute allure, nage dans la Garonne, course \u00e0 pied le long des quais\u2026 Le spectacle promet d\u2019\u00eatre intense, et sera retransmis\u00a0sur EuroSport. Et le public pourra encourager deux visages bien connus des Toulousains : <strong>Jeanne Lehair\u00a0<\/strong>et <strong>Dorian Coninx, <\/strong>deux triathl\u00e8tes qui participent \u00e0 Supertri depuis sa cr\u00e9ation en France. Le rendez-vous est donn\u00e9 dimanche 5 octobre Place de la Daurade de 13h30 \u00e0 17h30 pour ne rien manquer.<\/p>\n<p>\u00a0<\/p>\n<p>Un triathlon pour tous, du novice au confirm\u00e9<\/p>\n<p>Grande nouveaut\u00e9 cette ann\u00e9e\u00a0:<strong>\u00a0Supertri s\u2019ouvre aux amateurs<\/strong>\u00a0avec la cr\u00e9ation de <strong>Toulouse Triathlon by Supertri <\/strong>! Le dimanche matin, <strong>1\u00a0300 participants<\/strong> pourront s\u2019\u00e9lancer depuis la Prairie des Filtres, en suivant l\u2019un des trois formats adapt\u00e9s \u00e0 tous\u00a0:<\/p>\n<ul>\n<li><strong>D\u00e9couverte (XS)<\/strong>\u00a0: pour s\u2019initier en douceur,<\/li>\n<li><strong>Sprint (S)\u00a0<\/strong>: pour jouer la carte de l\u2019intensit\u00e9,<\/li>\n<li><strong>Olympique (M)<\/strong>\u00a0: pour les plus endurants.<\/li>\n<\/ul>\n<blockquote>\n<p><strong><a href=\"https:\/\/supertri.com\/events\/toulouse-2025\/#ContentfulParticipate-5\" target=\"_blank\" rel=\"nofollow noopener\">S\u2019inscrire pour participer<\/a><\/strong><\/p>\n<\/blockquote>\n<p>En solo ou en relais, les coureurs vivront la m\u00eame aventure que les pros\u00a0: nager dans la Garonne, p\u00e9daler en ville et franchir la ligne sur le Pont-Neuf. \u00ab\u00a0On veut que chacun puisse vivre l\u2019exp\u00e9rience triathlon, dans les m\u00eames conditions que les champions, mais \u00e0 son \u00e9chelle\u00a0\u00bb, insiste Michael D&rsquo;hulst. Certains champions viendront encourager et remettre les m\u00e9dailles aux amateurs.<\/p>\n<p>        <img decoding=\"async\" class=\"std-img__img responsive-img\" src=\"https:\/\/www.europesays.com\/fr\/wp-content\/uploads\/2025\/09\/1757247317_261_image.jpg\" alt=\"En octobre\u00a02024, les athl\u00e8tes rencontrent le public toulousain \u00e0 la Place du Capitole\"\/><\/p>\n<p>                En octobre\u00a02024, les athl\u00e8tes rencontrent le public toulousain \u00e0 la Place du Capitole<br \/>\n                                    \u00a9 Supertri \/ Bartlomiej Zborowski<\/p>\n<p>Un village festif et convivial d\u00e8s le samedi<\/p>\n<p>D\u00e8s le samedi midi,<strong> la Prairie des Filtres se transforme en village sportif<\/strong>. Au programme\u00a0: animations pour les enfants, initiations sportives, s\u00e9ances photos et rencontres avec les athl\u00e8tes. \u00ab\u00a0On veut que ce soit une f\u00eate populaire, o\u00f9 les Toulousains viennent autant pour l\u2019ambiance que pour la performance\u00a0\u00bb, souligne l\u2019organisation.<\/p>\n<p>        <img decoding=\"async\" class=\"std-img__img responsive-img\" src=\"https:\/\/www.europesays.com\/fr\/wp-content\/uploads\/2025\/09\/1757247318_583_image.jpg\" alt=\"Un village d\u2019animation ouvert tout le week-end \u00e0 la Prairie des Filtres.\"\/><\/p>\n<p>                Un village d\u2019animation ouvert tout le week-end \u00e0 la Prairie des Filtres.<br \/>\n                                    \u00a9 Supertri \/ Bartlomiej Zborowski<\/p>\n<p>Une partie des fonds r\u00e9colt\u00e9s sera revers\u00e9e \u00e0<strong>\u00a0l&rsquo;Oncopole de Toulouse<\/strong> pour soutenir la recherche contre le cancer. Les participants pourront aussi contribuer en achetant le tee-shirt \u00ab\u00a0finisher\u00a0\u00bb, dont les b\u00e9n\u00e9fices iront \u00e0 l\u2019institut.<\/p>\n<p>\n            Date :<br \/>\n                            04 oct.<br \/>\n                                        au 05 oct.\n                    <\/p>\n<p>\n            Adresse :<br \/>\n            Prairie des Filtres, 31300 Toulouse\n        <\/p>\n","protected":false},"excerpt":{"rendered":"Du 4 au 5\u00a0octobre 2025, la Ville Rose va vivre au rythme du triple effort. Le centre-ville de&hellip;\n","protected":false},"author":2,"featured_media":372919,"comment_status":"","ping_status":"","sticky":false,"template":"","format":"standard","meta":{"footnotes":""},"categories":[2816],"tags":[1111,11,1777,674,1011,27,12,2680,25,2312],"class_list":{"0":"post-372918","1":"post","2":"type-post","3":"status-publish","4":"format-standard","5":"has-post-thumbnail","7":"category-toulouse","8":"tag-actu","9":"tag-actualites","10":"tag-eu","11":"tag-europe","12":"tag-fr","13":"tag-france","14":"tag-news","15":"tag-occitanie","16":"tag-republique-francaise","17":"tag-toulouse"},"share_on_mastodon":{"url":"https:\/\/pubeurope.com\/@fr\/115162967339536494","error":""},"_links":{"self":[{"href":"https:\/\/www.europesays.com\/fr\/wp-json\/wp\/v2\/posts\/372918","targetHints":{"allow":["GET"]}}],"collection":[{"href":"https:\/\/www.europesays.com\/fr\/wp-json\/wp\/v2\/posts"}],"about":[{"href":"https:\/\/www.europesays.com\/fr\/wp-json\/wp\/v2\/types\/post"}],"author":[{"embeddable":true,"href":"https:\/\/www.europesays.com\/fr\/wp-json\/wp\/v2\/users\/2"}],"replies":[{"embeddable":true,"href":"https:\/\/www.europesays.com\/fr\/wp-json\/wp\/v2\/comments?post=372918"}],"version-history":[{"count":0,"href":"https:\/\/www.europesays.com\/fr\/wp-json\/wp\/v2\/posts\/372918\/revisions"}],"wp:featuredmedia":[{"embeddable":true,"href":"https:\/\/www.europesays.com\/fr\/wp-json\/wp\/v2\/media\/372919"}],"wp:attachment":[{"href":"https:\/\/www.europesays.com\/fr\/wp-json\/wp\/v2\/media?parent=372918"}],"wp:term":[{"taxonomy":"category","embeddable":true,"href":"https:\/\/www.europesays.com\/fr\/wp-json\/wp\/v2\/categories?post=372918"},{"taxonomy":"post_tag","embeddable":true,"href":"https:\/\/www.europesays.com\/fr\/wp-json\/wp\/v2\/tags?post=372918"}],"curies":[{"name":"wp","href":"https:\/\/api.w.org\/{rel}","templated":true}]}}