{"id":37292,"date":"2025-04-19T20:31:14","date_gmt":"2025-04-19T20:31:14","guid":{"rendered":"https:\/\/www.europesays.com\/fr\/37292\/"},"modified":"2025-04-19T20:31:14","modified_gmt":"2025-04-19T20:31:14","slug":"pres-de-lyon-les-lyonnais-abusent-sur-la-route-de-bon-matin-les-gendarmes-consternes","status":"publish","type":"post","link":"https:\/\/www.europesays.com\/fr\/37292\/","title":{"rendered":"Pr\u00e8s de Lyon. Les Lyonnais abusent sur la route de bon matin : les gendarmes constern\u00e9s"},"content":{"rendered":"<p>            Par<br \/>\n        <strong><br \/>\n            <a href=\"https:\/\/actu.fr\/auteur\/nicolas-zaugra\" title=\"Consulter tous les articles de Nicolas Zaugra\" rel=\"nofollow noopener\" target=\"_blank\">Nicolas Zaugra<\/a><br \/>\n        <\/strong><\/p>\n<p>        Publi\u00e9 le<\/p>\n<p>            19 avr. 2025 \u00e0 6h22        <\/p>\n<p>Une op\u00e9ration de contr\u00f4les qui n\u2019a pas laiss\u00e9 les gendarmes au bout de leur peine. Le 11 avril, pendant seulement 1h45, les <a href=\"https:\/\/actu.fr\/auvergne-rhone-alpes\/lyon_69123\/lyon-100-gendarmes-debarquent-en-force-dans-ce-secteur-un-gang-redoutable-tombe_62531210.html\" rel=\"nofollow noopener\" target=\"_blank\">gendarmes du Rh\u00f4ne<\/a> de la brigade motoris\u00e9e ont organis\u00e9 une op\u00e9ration de S\u00e9curit\u00e9 routi\u00e8re \u00e0 Lissieu, dans la m\u00e9tropole de <a href=\"https:\/\/actu.fr\/lyon\/\" rel=\"nofollow noopener\" target=\"_blank\">Lyon<\/a>, dans le secteur de l\u2019ouest lyonnais.<\/p>\n<p class=\" wall-content\">Et les r\u00e9sultats du contr\u00f4le agacent et lassent clairement les militaires qui qualifient le bilan, \u00ab\u00a0une nouvelle fois\u00a0\u00bb, de \u00ab\u00a0particuli\u00e8rement significatif\u00a0\u00bb.<\/p>\n<p class=\" wall-content\">Cette intervention sur la route d\u00e9partementale 306 a permis de constater <strong>26 infractions, dont cinq d\u00e9lits<\/strong>. Trois ressortissants \u00e9trangers en situation irr\u00e9guli\u00e8re sur le territoire fran\u00e7ais ont \u00e9galement \u00e9t\u00e9 interpell\u00e9s. Sept gendarmes ont \u00e9t\u00e9 mobilis\u00e9s au total sur cette op\u00e9ration \u00e9clair.\u00a0<\/p>\n<p>Deux conducteurs d\u00e9j\u00e0 tr\u00e8s charg\u00e9s au volant d\u00e8s 10h<\/p>\n<p class=\" wall-content\">Les gendarmes d\u00e9plorent l\u2019arrestation de deux conducteurs d\u00e9j\u00e0 bien charg\u00e9s de bon matin \u00e0 10h. Un Lyonnais conduisait avec un taux d\u2019alcool\u00e9mie contraventionnel de 0,37 mg d\u2019alcool par litre d\u2019air expir\u00e9.\u00a0<\/p>\n<p class=\" wall-content\">Un deuxi\u00e8me conducteur originaire de V\u00e9nissieux conduisait avec un permis non conforme et <strong>sous coca\u00efne.\u00a0<\/strong><\/p>\n<p>Vid\u00e9os : en ce moment sur ActuDe nombreuses infractions en moins de deux heures\u00a0<\/p>\n<p class=\" wall-content\">Le contr\u00f4le a permis en 1h45 d\u2019arr\u00eater un conducteur conduisant sous stup\u00e9fiants, un sous alcool, deux d\u00e9fauts d\u2019assurance, 12 usages du t\u00e9l\u00e9phone portable, un non-port de ceinture de s\u00e9curit\u00e9 sur un enfant, quatre d\u00e9fauts de contr\u00f4le technique, une non-mutation de carte crise, une infraction communautaire commise par un chauffeur routier, non-respect des horaires de conduite par un chauffeur-livreur, un d\u00e9faut de contrat de location.\u00a0<\/p>\n<p class=\" wall-content\">La gendarmerie a proc\u00e9d\u00e9 \u00e0 six mises en fourri\u00e8re et deux v\u00e9hicules sont plac\u00e9s en fourri\u00e8re.\u00a0<\/p>\n<p class=\" wall-content\">Les contr\u00f4les routiers vont se poursuivre et s\u2019intensifier durant tout le <a href=\"https:\/\/actu.fr\/auvergne-rhone-alpes\/lyon_69123\/tempete-hans-sur-la-france-fortes-pluies-a-quoi-s-attendre-a-lyon-pour-paques_62521778.html\" rel=\"nofollow noopener\" target=\"_blank\">week-end de P\u00e2ques<\/a> dans le d\u00e9partement du Rh\u00f4ne.\u00a0<\/p>\n<p class=\" wall-content\">Suivez toute l\u2019actualit\u00e9 de vos villes et m\u00e9dias favoris en vous inscrivant \u00e0 <a href=\"https:\/\/moncompte.actu.fr\" title=\"D\u00e9couvez Mon Actu\" rel=\"nofollow noopener\" data-trk=\"{&quot;cta&quot;:{&quot;action&quot;:&quot;https:\\\/\\\/moncompte.actu.fr&quot;,&quot;category&quot;:&quot;mon compte&quot;,&quot;from&quot;:&quot;article footer&quot;,&quot;name&quot;:&quot;Mon actu&quot;,&quot;type&quot;:&quot;cta&quot;}}\" target=\"_blank\">Mon Actu<\/a>.<\/p>\n<ul class=\"ac-article-tag wall-content\">\n<li><a href=\"https:\/\/actu.fr\/tag\/gendarmerie\" data-trk=\"{&quot;cta&quot;:{&quot;action&quot;:&quot;Gendarmerie&quot;,&quot;category&quot;:&quot;tag&quot;,&quot;from&quot;:&quot;article footer&quot;,&quot;name&quot;:&quot;Gendarmerie&quot;,&quot;type&quot;:&quot;cta&quot;}}\" rel=\"nofollow noopener\" target=\"_blank\">#Gendarmerie<\/a><\/li>\n<li><a href=\"https:\/\/actu.fr\/tag\/securite-routiere\" data-trk=\"{&quot;cta&quot;:{&quot;action&quot;:&quot;S\\u00e9curit\\u00e9 routi\\u00e8re&quot;,&quot;category&quot;:&quot;tag&quot;,&quot;from&quot;:&quot;article footer&quot;,&quot;name&quot;:&quot;S\\u00e9curit\\u00e9 routi\\u00e8re&quot;,&quot;type&quot;:&quot;cta&quot;}}\" rel=\"nofollow noopener\" target=\"_blank\">#S\u00e9curit\u00e9 routi\u00e8re<\/a><\/li>\n<\/ul>\n","protected":false},"excerpt":{"rendered":"Par Nicolas Zaugra Publi\u00e9 le 19 avr. 2025 \u00e0 6h22 Une op\u00e9ration de contr\u00f4les qui n\u2019a pas laiss\u00e9&hellip;\n","protected":false},"author":2,"featured_media":37293,"comment_status":"","ping_status":"","sticky":false,"template":"","format":"standard","meta":{"footnotes":""},"categories":[1889],"tags":[1111,11,2430,1777,674,118,1011,27,3381,2428,12,25,5009],"class_list":{"0":"post-37292","1":"post","2":"type-post","3":"status-publish","4":"format-standard","5":"has-post-thumbnail","7":"category-lyon","8":"tag-actu","9":"tag-actualites","10":"tag-auvergne-rhone-alpes","11":"tag-eu","12":"tag-europe","13":"tag-faits-divers","14":"tag-fr","15":"tag-france","16":"tag-gendarmerie","17":"tag-lyon","18":"tag-news","19":"tag-republique-francaise","20":"tag-securite-routiere"},"share_on_mastodon":{"url":"https:\/\/pubeurope.com\/@fr\/114366531842394973","error":""},"_links":{"self":[{"href":"https:\/\/www.europesays.com\/fr\/wp-json\/wp\/v2\/posts\/37292","targetHints":{"allow":["GET"]}}],"collection":[{"href":"https:\/\/www.europesays.com\/fr\/wp-json\/wp\/v2\/posts"}],"about":[{"href":"https:\/\/www.europesays.com\/fr\/wp-json\/wp\/v2\/types\/post"}],"author":[{"embeddable":true,"href":"https:\/\/www.europesays.com\/fr\/wp-json\/wp\/v2\/users\/2"}],"replies":[{"embeddable":true,"href":"https:\/\/www.europesays.com\/fr\/wp-json\/wp\/v2\/comments?post=37292"}],"version-history":[{"count":0,"href":"https:\/\/www.europesays.com\/fr\/wp-json\/wp\/v2\/posts\/37292\/revisions"}],"wp:featuredmedia":[{"embeddable":true,"href":"https:\/\/www.europesays.com\/fr\/wp-json\/wp\/v2\/media\/37293"}],"wp:attachment":[{"href":"https:\/\/www.europesays.com\/fr\/wp-json\/wp\/v2\/media?parent=37292"}],"wp:term":[{"taxonomy":"category","embeddable":true,"href":"https:\/\/www.europesays.com\/fr\/wp-json\/wp\/v2\/categories?post=37292"},{"taxonomy":"post_tag","embeddable":true,"href":"https:\/\/www.europesays.com\/fr\/wp-json\/wp\/v2\/tags?post=37292"}],"curies":[{"name":"wp","href":"https:\/\/api.w.org\/{rel}","templated":true}]}}