{"id":372920,"date":"2025-09-07T12:16:11","date_gmt":"2025-09-07T12:16:11","guid":{"rendered":"https:\/\/www.europesays.com\/fr\/372920\/"},"modified":"2025-09-07T12:16:11","modified_gmt":"2025-09-07T12:16:11","slug":"juliette-propose-ses-torchons-100-chtis-a-la-braderie-de-lille","status":"publish","type":"post","link":"https:\/\/www.europesays.com\/fr\/372920\/","title":{"rendered":"Juliette propose ses torchons 100 % ch\u2019tis \u00e0 la braderie de Lille\u00a0!"},"content":{"rendered":"<p>            Par<br \/>\n        <strong><br \/>\n            <a href=\"https:\/\/actu.fr\/auteur\/annesophie-2\" title=\"Consulter tous les articles de Anne-Sophie Hourdeaux\" target=\"_blank\" rel=\"noopener\">Anne-Sophie Hourdeaux<\/a><br \/>\n        <\/strong><\/p>\n<p>        Publi\u00e9 le<\/p>\n<p>            7 sept. 2025 \u00e0 13h40<br \/>\n        ; mis \u00e0 jour le 7 sept. 2025 \u00e0 14h02    <\/p>\n<p><b>Juliette Desrumaux est artiste c\u00e9ramiste <\/b>\u00e0 <a href=\"https:\/\/actu.fr\/hauts-de-france\/lille_59350\" target=\"_blank\" rel=\"noopener\">Lille<\/a>. Il y a quelques ann\u00e9es, elle a r\u00e9alis\u00e9 une s\u00e9rie de <b>torchons hommage au Nord,<\/b> elle les propose sur son stand \u00e0 la <a href=\"https:\/\/actu.fr\/tag\/braderie-de-lille\" target=\"_blank\" rel=\"noopener\">braderie de Lille<\/a>.<\/p>\n<p>Moules, mineurs, cabines de plage\u2026 sur des torchons !<\/p>\n<p class=\" wall-content\">Des torchons de lin, \u00e7a a l\u2019air plut\u00f4t banal, mais Juliette en fait des \u0153uvres d\u2019art en hommage \u00e0 sa r\u00e9gion, le Nord\u2009! \u00ab\u2009J\u2019ai achet\u00e9 des torchons en lin vierges, dans une entreprise sp\u00e9cialis\u00e9e, Charvet \u00e0 Armenti\u00e8res. C\u2019est de la belle qualit\u00e9, du made in France. J\u2019ai eu l\u2019id\u00e9e d\u2019y ajouter des motifs\u2009\u00bb.<\/p>\n<p class=\" wall-content\">Et pas n\u2019importe lesquels\u2009: des r\u00e9f\u00e9rences au Nord, \u00ab\u2009comme les moules, les mineurs, les cabines de plage du Touquet, le monde de la p\u00eache\u2026\u2009\u00bb<\/p>\n<p class=\" wall-content\">Quelle technique est-elle employ\u00e9e\u2009? \u00ab\u2009J\u2019imprime mes dessins, des gravures, des motifs de cartes postales anciennes, sur du tissu. \u00c0 l\u2019\u00e9poque, je faisais cela au TechShop \u00e0 Lille avant sa fermeture, qui avait des machines adapt\u00e9es\u2009\u00bb.<\/p>\n<p>    <img   decoding=\"async\" loading=\"lazy\" class=\"size-large\" src=\"https:\/\/www.europesays.com\/fr\/wp-content\/uploads\/2025\/09\/df6b690f5db86b37b690f5db8957b6v-960x640.jpg\" alt=\"braderie lille\" width=\"960\" height=\"640\"\/><br \/>\n    Exemple de torchons ch\u2019tis en lin styl\u00e9s\u2009! \u00a9Anne-Sophie Hourdeaux\/Croix du Nord<\/p>\n<p class=\" wall-content\">L\u2019avantage, c\u2019est que m\u00eame si c\u2019est beau, c\u2019est aussi utile, car on peut tout \u00e0 fait laver en machine \u00e0 30 degr\u00e9s les torchons\u2009!<\/p>\n<p class=\" wall-content\">Juliette les vend au prix de 15\u00a0\u20ac, presque \u00e0 prix co\u00fbtant.<\/p>\n<p>Votre r\u00e9gion, votre actu !<\/p>\n<p>Recevez chaque jour les infos qui comptent pour vous.<\/p>\n<p>\t<a href=\"https:\/\/actu.fr\/newsletter\" class=\"ac-btn ac-btn--corner ac-btn--medium ac-btn--blue800\" target=\"_blank\" rel=\"noopener\">S&rsquo;incrire<\/a><\/p>\n<p class=\" wall-content\">Vous la retrouverez jusqu\u2019\u00e0 ce dimanche 7\u00a0septembre au soir sur son stand, avenue Foch. Ou <a href=\"https:\/\/www.instagram.com\/judesrumaux\/?hl=fr\" target=\"_blank\" rel=\"noopener\">alors sur son instagram ici.<\/a><\/p>\n<p class=\" wall-content\">Personnalisez votre actualit\u00e9 en ajoutant vos villes et m\u00e9dias en favori avec <a href=\"https:\/\/moncompte.actu.fr\" title=\"D\u00e9couvez Mon Actu\" rel=\"nofollow noopener\" data-trk=\"{&quot;cta&quot;:{&quot;action&quot;:&quot;https:\\\/\\\/moncompte.actu.fr&quot;,&quot;category&quot;:&quot;mon compte&quot;,&quot;from&quot;:&quot;article footer&quot;,&quot;name&quot;:&quot;Mon actu&quot;,&quot;type&quot;:&quot;cta&quot;}}\" target=\"_blank\">Mon Actu<\/a>.<\/p>\n<p>                    <script async src=\"\/\/www.instagram.com\/embed.js\"><\/script><\/p>\n","protected":false},"excerpt":{"rendered":"Par Anne-Sophie Hourdeaux Publi\u00e9 le 7 sept. 2025 \u00e0 13h40 ; mis \u00e0 jour le 7 sept. 2025&hellip;\n","protected":false},"author":2,"featured_media":372921,"comment_status":"","ping_status":"","sticky":false,"template":"","format":"standard","meta":{"footnotes":""},"categories":[2815],"tags":[1111,11,18703,1777,674,1011,27,811,1307,12,25,104],"class_list":{"0":"post-372920","1":"post","2":"type-post","3":"status-publish","4":"format-standard","5":"has-post-thumbnail","7":"category-lille","8":"tag-actu","9":"tag-actualites","10":"tag-braderie-de-lille","11":"tag-eu","12":"tag-europe","13":"tag-fr","14":"tag-france","15":"tag-hauts-de-france","16":"tag-lille","17":"tag-news","18":"tag-republique-francaise","19":"tag-societe"},"share_on_mastodon":{"url":"https:\/\/pubeurope.com\/@fr\/115162971116818802","error":""},"_links":{"self":[{"href":"https:\/\/www.europesays.com\/fr\/wp-json\/wp\/v2\/posts\/372920","targetHints":{"allow":["GET"]}}],"collection":[{"href":"https:\/\/www.europesays.com\/fr\/wp-json\/wp\/v2\/posts"}],"about":[{"href":"https:\/\/www.europesays.com\/fr\/wp-json\/wp\/v2\/types\/post"}],"author":[{"embeddable":true,"href":"https:\/\/www.europesays.com\/fr\/wp-json\/wp\/v2\/users\/2"}],"replies":[{"embeddable":true,"href":"https:\/\/www.europesays.com\/fr\/wp-json\/wp\/v2\/comments?post=372920"}],"version-history":[{"count":0,"href":"https:\/\/www.europesays.com\/fr\/wp-json\/wp\/v2\/posts\/372920\/revisions"}],"wp:featuredmedia":[{"embeddable":true,"href":"https:\/\/www.europesays.com\/fr\/wp-json\/wp\/v2\/media\/372921"}],"wp:attachment":[{"href":"https:\/\/www.europesays.com\/fr\/wp-json\/wp\/v2\/media?parent=372920"}],"wp:term":[{"taxonomy":"category","embeddable":true,"href":"https:\/\/www.europesays.com\/fr\/wp-json\/wp\/v2\/categories?post=372920"},{"taxonomy":"post_tag","embeddable":true,"href":"https:\/\/www.europesays.com\/fr\/wp-json\/wp\/v2\/tags?post=372920"}],"curies":[{"name":"wp","href":"https:\/\/api.w.org\/{rel}","templated":true}]}}