{"id":372922,"date":"2025-09-07T12:17:16","date_gmt":"2025-09-07T12:17:16","guid":{"rendered":"https:\/\/www.europesays.com\/fr\/372922\/"},"modified":"2025-09-07T12:17:16","modified_gmt":"2025-09-07T12:17:16","slug":"braderie-de-lille-quinze-interpellations-dans-la-nuit-de-samedi-a-dimanche","status":"publish","type":"post","link":"https:\/\/www.europesays.com\/fr\/372922\/","title":{"rendered":"Braderie de Lille\u00a0: quinze interpellations dans la nuit de samedi \u00e0 dimanche"},"content":{"rendered":"<p>Ce dimanche matin, la pr\u00e9fecture du Nord a partag\u00e9 un premier bilan des op\u00e9rations des secours et des policiers pendant la Braderie de Lille. Jusqu&rsquo;ici, 34 personnes ont \u00e9t\u00e9 interpell\u00e9es\u00a0; 15 dans la nuit de samedi \u00e0 dimanche. <\/p>\n<p>Un premier bilan des interventions des forces de l&rsquo;ordre, des agents de l&rsquo;Etat et des secours pendant la Braderie de Lille a \u00e9t\u00e9 dress\u00e9 par la pr\u00e9fecture du Nord, ce dimanche matin. La nuit derni\u00e8re, 15 personnes ont \u00e9t\u00e9 interpell\u00e9es par la police, 12 ont \u00e9t\u00e9 plac\u00e9es en garde \u00e0 vue. <strong>Ce qui porte \u00e0 34, le nombre d&rsquo;arrestations depuis le d\u00e9but de l&rsquo;\u00e9v\u00e9nement<\/strong>, et 24 le nombre de gardes \u00e0 vue. Des stands sont \u00e9galement contr\u00f4l\u00e9s pendant la braderie\u00a0: 89 au total depuis samedi matin.<\/p>\n<p><strong>Les secours sont venus en aide \u00e0 534 personnes d\u00e9j\u00e0<\/strong>, dont 130 pour des urgences relatives. Presque 300 d&rsquo;entre elles ont \u00e9t\u00e9 prises en charge dans la nuit de samedi \u00e0 dimanche.<\/p>\n","protected":false},"excerpt":{"rendered":"Ce dimanche matin, la pr\u00e9fecture du Nord a partag\u00e9 un premier bilan des op\u00e9rations des secours et des&hellip;\n","protected":false},"author":2,"featured_media":372923,"comment_status":"","ping_status":"","sticky":false,"template":"","format":"standard","meta":{"footnotes":""},"categories":[2815],"tags":[1111,11,1777,674,1011,27,811,1307,12,25],"class_list":{"0":"post-372922","1":"post","2":"type-post","3":"status-publish","4":"format-standard","5":"has-post-thumbnail","7":"category-lille","8":"tag-actu","9":"tag-actualites","10":"tag-eu","11":"tag-europe","12":"tag-fr","13":"tag-france","14":"tag-hauts-de-france","15":"tag-lille","16":"tag-news","17":"tag-republique-francaise"},"share_on_mastodon":{"url":"https:\/\/pubeurope.com\/@fr\/115162975055683653","error":""},"_links":{"self":[{"href":"https:\/\/www.europesays.com\/fr\/wp-json\/wp\/v2\/posts\/372922","targetHints":{"allow":["GET"]}}],"collection":[{"href":"https:\/\/www.europesays.com\/fr\/wp-json\/wp\/v2\/posts"}],"about":[{"href":"https:\/\/www.europesays.com\/fr\/wp-json\/wp\/v2\/types\/post"}],"author":[{"embeddable":true,"href":"https:\/\/www.europesays.com\/fr\/wp-json\/wp\/v2\/users\/2"}],"replies":[{"embeddable":true,"href":"https:\/\/www.europesays.com\/fr\/wp-json\/wp\/v2\/comments?post=372922"}],"version-history":[{"count":0,"href":"https:\/\/www.europesays.com\/fr\/wp-json\/wp\/v2\/posts\/372922\/revisions"}],"wp:featuredmedia":[{"embeddable":true,"href":"https:\/\/www.europesays.com\/fr\/wp-json\/wp\/v2\/media\/372923"}],"wp:attachment":[{"href":"https:\/\/www.europesays.com\/fr\/wp-json\/wp\/v2\/media?parent=372922"}],"wp:term":[{"taxonomy":"category","embeddable":true,"href":"https:\/\/www.europesays.com\/fr\/wp-json\/wp\/v2\/categories?post=372922"},{"taxonomy":"post_tag","embeddable":true,"href":"https:\/\/www.europesays.com\/fr\/wp-json\/wp\/v2\/tags?post=372922"}],"curies":[{"name":"wp","href":"https:\/\/api.w.org\/{rel}","templated":true}]}}