{"id":372924,"date":"2025-09-07T12:18:11","date_gmt":"2025-09-07T12:18:11","guid":{"rendered":"https:\/\/www.europesays.com\/fr\/372924\/"},"modified":"2025-09-07T12:18:11","modified_gmt":"2025-09-07T12:18:11","slug":"les-secrets-du-chateau-pastre-a-marseille","status":"publish","type":"post","link":"https:\/\/www.europesays.com\/fr\/372924\/","title":{"rendered":"les secrets du Ch\u00e2teau Pastr\u00e9 \u00e0 Marseille"},"content":{"rendered":"<p>Apr\u00e8s de glorieux si\u00e8cles \u00e0 accueillir le monde artistique &#8211; haut lieu culturel au XIXe et Mus\u00e9e de la Fa\u00efence jusqu\u2019en\u00a02013\u00a0-, le Ch\u00e2teau Pastr\u00e9 est le t\u00e9moin d\u2019une riche histoire.<\/p>\n<p>La Comtesse Pastr\u00e9 y a h\u00e9berg\u00e9 des artistes durant l\u2019Occupation\u00a0? Vrai<\/p>\n<p>N\u00e9e en\u00a01891, Marie-Louise Double de Saint-Lambert (alias Lily) appartenait d\u00e9j\u00e0 \u00e0 la haute soci\u00e9t\u00e9 marseillaise avant d\u2019\u00e9pouser le comte Jean Pastr\u00e9. \u00c0 revers des usages de son milieu, elle d\u00e9cide de divorcer de son mari et de s\u2019installer d\u00e9finitivement \u00e0 Montredon en\u00a01939. Pendant la guerre, elle y <a href=\"https:\/\/www.laprovence.com\/article\/region\/1250586701382314\/cest-comme-monter-une-ville-dans-les-coulisses-du-delta-festival-a-marseille\" target=\"_blank\" rel=\"noopener\">accueille de nombreux artistes<\/a>\u00a0: Paul Val\u00e9ry, Rudolf Kunder, Jos\u00e9phine Baker ou encore \u00c9dith Piaf.<\/p>\n<p>La m\u00e9c\u00e8ne a profit\u00e9 de cette r\u00e9sidence pour cacher et subvenir aux besoins de certains cr\u00e9ateurs pourchass\u00e9s durant l\u2019occupation, comme la pianiste Clara Haskil ou la harpiste Lily Laskine. Elle organise ce qui sera l\u2019apog\u00e9e du ch\u00e2teau Pa&#8230;<\/p>\n","protected":false},"excerpt":{"rendered":"Apr\u00e8s de glorieux si\u00e8cles \u00e0 accueillir le monde artistique &#8211; haut lieu culturel au XIXe et Mus\u00e9e de&hellip;\n","protected":false},"author":2,"featured_media":372925,"comment_status":"","ping_status":"","sticky":false,"template":"","format":"standard","meta":{"footnotes":""},"categories":[2814],"tags":[17,1111,11,6041,20935,1777,674,1011,27,151,2831,884,12,50709,378,882,25,13761,4717],"class_list":{"0":"post-372924","1":"post","2":"type-post","3":"status-publish","4":"format-standard","5":"has-post-thumbnail","7":"category-marseille","8":"tag-17","9":"tag-actu","10":"tag-actualites","11":"tag-belle","12":"tag-edith","13":"tag-eu","14":"tag-europe","15":"tag-fr","16":"tag-france","17":"tag-les","18":"tag-loisirs-traditions","19":"tag-marseille","20":"tag-news","21":"tag-piaf","22":"tag-plus","23":"tag-provence-alpes-cote-dazur","24":"tag-republique-francaise","25":"tag-secrets","26":"tag-vie"},"share_on_mastodon":{"url":"https:\/\/pubeurope.com\/@fr\/115162979036590020","error":""},"_links":{"self":[{"href":"https:\/\/www.europesays.com\/fr\/wp-json\/wp\/v2\/posts\/372924","targetHints":{"allow":["GET"]}}],"collection":[{"href":"https:\/\/www.europesays.com\/fr\/wp-json\/wp\/v2\/posts"}],"about":[{"href":"https:\/\/www.europesays.com\/fr\/wp-json\/wp\/v2\/types\/post"}],"author":[{"embeddable":true,"href":"https:\/\/www.europesays.com\/fr\/wp-json\/wp\/v2\/users\/2"}],"replies":[{"embeddable":true,"href":"https:\/\/www.europesays.com\/fr\/wp-json\/wp\/v2\/comments?post=372924"}],"version-history":[{"count":0,"href":"https:\/\/www.europesays.com\/fr\/wp-json\/wp\/v2\/posts\/372924\/revisions"}],"wp:featuredmedia":[{"embeddable":true,"href":"https:\/\/www.europesays.com\/fr\/wp-json\/wp\/v2\/media\/372925"}],"wp:attachment":[{"href":"https:\/\/www.europesays.com\/fr\/wp-json\/wp\/v2\/media?parent=372924"}],"wp:term":[{"taxonomy":"category","embeddable":true,"href":"https:\/\/www.europesays.com\/fr\/wp-json\/wp\/v2\/categories?post=372924"},{"taxonomy":"post_tag","embeddable":true,"href":"https:\/\/www.europesays.com\/fr\/wp-json\/wp\/v2\/tags?post=372924"}],"curies":[{"name":"wp","href":"https:\/\/api.w.org\/{rel}","templated":true}]}}