{"id":372926,"date":"2025-09-07T12:19:17","date_gmt":"2025-09-07T12:19:17","guid":{"rendered":"https:\/\/www.europesays.com\/fr\/372926\/"},"modified":"2025-09-07T12:19:17","modified_gmt":"2025-09-07T12:19:17","slug":"marseille-en-route-vers-zero-dechet-plastique","status":"publish","type":"post","link":"https:\/\/www.europesays.com\/fr\/372926\/","title":{"rendered":"MARSEILLE : En route vers z\u00e9ro d\u00e9chet plastique"},"content":{"rendered":"<p>\tMARSEILLE : En route vers z\u00e9ro d\u00e9chet plastique &#8211; Presse Agence<\/p>\n<p>                    <a href=\"#\" rel=\"nofollow\" onclick=\"window.print(); return false;\" title=\"Printer Friendly, PDF &amp; Email\"><br \/>\n                    <img decoding=\"async\" class=\"pf-button-img\" src=\"https:\/\/www.europesays.com\/fr\/wp-content\/uploads\/2025\/05\/printfriendly-pdf-email-button-notext.png\" alt=\"Print Friendly, PDF &amp; Email\" style=\"width: 110px;height: 30px;\"\/><br \/>\n                    <\/a><\/p>\n<p>                <img decoding=\"async\" src=\"https:\/\/www.europesays.com\/fr\/wp-content\/uploads\/2025\/09\/1757247556_724_a45fb14c08523cbc7ae3de9d9d02317420e0e8abd2f49445365404024bfd3669\" width=\"20\" height=\"20\" alt=\"\" loading=\"lazy\" class=\"el-image uk-border-circle uk-object-cover\" style=\"aspect-ratio: 20 \/ 20;\"\/>        <\/p>\n<p><img decoding=\"async\" src=\"https:\/\/www.europesays.com\/fr\/wp-content\/uploads\/2025\/09\/Capture-decran-2025-09-05-075359-Copy-9126ee31.jpeg\" width=\"950\" height=\"680\" class=\"el-image\" alt=\"\" loading=\"lazy\"\/><\/p>\n<p style=\"text-align: left;\"><strong>Depuis 2016, la R\u00e9gion Sud agit pour prot\u00e9ger l\u2019environnement, notamment contre la pollution plastique, et sensibiliser le grand public aux bonnes pratiques.<\/strong><\/p>\n<p>Avec son Plan Climat \u00ab Une COP d\u2019Avance \u00bb, la R\u00e9gion Sud a mis en oeuvre le programme \u00ab Z\u00e9ro d\u00e9chet plastique en stockage \u00e0 l\u2019Horizon 2030 \u00bb. Ce programme s\u2019articule autour des actions suivantes :<\/p>\n<ul>\n<li>Une charte \u00ab Z\u00e9ro d\u00e9chet plastique \u00bb pour accompagner le changement de comportement et limiter l\u2019utilisation de plastique.<br \/>\u2794 356 signataires \u00e0 ce jour dont 128 collectivit\u00e9s territoriales et intercommunalit\u00e9s, 110 entreprises, 107 partenaires et 11 \u00e9tablissements scolaires,<\/li>\n<li>Le premier r\u00e9seau r\u00e9gional de collecteurs de d\u00e9chets sauvages \u00ab ReMed z\u00e9ro plastique \u00bb, pilot\u00e9 par l\u2019association MerTerre, mobilisant 338 associations, \u00e9tablissements scolaires et collectivit\u00e9s territoriales \u00e0 travers des campagnes de ramassage de d\u00e9chets sauvages et la mise \u00e0 disposition de ressources et outils p\u00e9dagogiques pour sensibiliser le grand public. \u2794 1 851 op\u00e9rations de ramassage mobilisant 67 625 participants pour 354 tonnes de d\u00e9chets ramass\u00e9s ont \u00e9t\u00e9 organis\u00e9es depuis 2019,<\/li>\n<li>L\u2019appel \u00e0 projets \u00ab Ensemble pour une nature z\u00e9ro d\u00e9chet plastique \u00bb pour soutenir les solutions innovantes et les strat\u00e9gies territoriales permettant de pr\u00e9server les milieux naturels et aquatiques et la mer M\u00e9diterran\u00e9e des pollutions plastiques. \u2794 72 structures ont pu \u00eatre financ\u00e9es depuis 2017 \u00e0 hauteur de pr\u00e8s de 3,5 millions d\u2019\u20ac,<\/li>\n<li>L\u2019appel \u00e0 projets \u00ab Vrac et Consigne \u00bb pour d\u00e9velopper un r\u00e9seau r\u00e9gional d\u00e9di\u00e9 \u00e0 la consigne des emballages r\u00e9employables : collecte et tri, logistique, solutions de lavage, mise en visibilit\u00e9. \u2794 18 projets laur\u00e9ats ont \u00e9t\u00e9 soutenus \u00e0 hauteur de plus d\u20191 million d\u2019\u20ac, depuis 2023.<\/li>\n<\/ul>\n<p>Ces actions ont ainsi permis, entre 2017 et 2024, de multiplier par 3 la quantit\u00e9 de plastique collect\u00e9.<\/p>\n<blockquote>\n<p>\u00ab La pr\u00e9servation de nos paysages et de tout ce qui nous entoure est l\u2019affaire de tous. Aujourd\u2019hui, il est plus que temps d\u2019agir et de coop\u00e9rer \u00e0 l\u2019\u00e9chelle mondiale pour prot\u00e9ger notre plan\u00e8te. Ce trait\u00e9 mondial contre la pollution plastique ouvre la voie. Poursuivons nos efforts et faisons bouger les lignes ensemble pour assurer un avenir durable aux g\u00e9n\u00e9rations futures ! \u00bb d\u00e9clare <strong>Renaud MUSELIER, Pr\u00e9sident de la R\u00e9gion Provence-Alpes-C\u00f4te d\u2019Azur, Pr\u00e9sident d\u00e9l\u00e9gu\u00e9 de R\u00e9gions de France.\u00a0<\/strong><\/p>\n<\/blockquote>\n<p style=\"text-align: left;\"><strong>SOURCE : R\u00e9gion Sud.\u200b<\/strong><\/p>\n<p>        <a class=\"el-link\" href=\"https:\/\/presseagence.fr\/index.php\" rel=\"nofollow noopener\" target=\"_blank\"><img decoding=\"async\" src=\"https:\/\/presseagence.fr\/wp-content\/uploads\/2022\/05\/logo-presse-agence.svg\" width=\"180\" height=\"80\" class=\"el-image\" alt=\"Fuse\" loading=\"lazy\"\/><\/a>    <\/p>\n<p>\u00a9  Presse agence. Tout droits r\u00e9serv\u00e9s<\/p>\n<p>Pour offrir les meilleures exp\u00e9riences, nous utilisons des technologies telles que les cookies pour stocker et\/ou acc\u00e9der aux informations des appareils. Le fait de consentir \u00e0 ces technologies nous permettra de traiter des donn\u00e9es telles que le comportement de navigation ou les ID uniques sur ce site. Le fait de ne pas consentir ou de retirer son consentement peut avoir un effet n\u00e9gatif sur certaines caract\u00e9ristiques et fonctions.<\/p>\n<p>\n\t\t\t\t\tLe stockage ou l\u2019acc\u00e8s technique est strictement n\u00e9cessaire dans la finalit\u00e9 d\u2019int\u00e9r\u00eat l\u00e9gitime de permettre l\u2019utilisation d\u2019un service sp\u00e9cifique explicitement demand\u00e9 par l\u2019abonn\u00e9 ou l\u2019utilisateur, ou dans le seul but d\u2019effectuer la transmission d\u2019une communication sur un r\u00e9seau de communications \u00e9lectroniques.\n\t\t\t\t<\/p>\n<p>\n\t\t\t\t\tL\u2019acc\u00e8s ou le stockage technique est n\u00e9cessaire dans la finalit\u00e9 d\u2019int\u00e9r\u00eat l\u00e9gitime de stocker des pr\u00e9f\u00e9rences qui ne sont pas demand\u00e9es par l\u2019abonn\u00e9 ou l\u2019internaute.\n\t\t\t\t<\/p>\n<p>\n\t\t\t\t\tLe stockage ou l\u2019acc\u00e8s technique qui est utilis\u00e9 exclusivement \u00e0 des fins statistiques.<br \/>\n\t\t\t\t\tLe stockage ou l\u2019acc\u00e8s technique qui est utilis\u00e9 exclusivement dans des finalit\u00e9s statistiques anonymes. En l\u2019absence d\u2019une assignation \u00e0 compara\u00eetre, d\u2019une conformit\u00e9 volontaire de la part de votre fournisseur d\u2019acc\u00e8s \u00e0 internet ou d\u2019enregistrements suppl\u00e9mentaires provenant d\u2019une tierce partie, les informations stock\u00e9es ou extraites \u00e0 cette seule fin ne peuvent g\u00e9n\u00e9ralement pas \u00eatre utilis\u00e9es pour vous identifier.\n\t\t\t\t<\/p>\n<p>\n\t\t\t\t\tLe stockage ou l\u2019acc\u00e8s technique est n\u00e9cessaire pour cr\u00e9er des profils d\u2019utilisateurs afin d\u2019envoyer des publicit\u00e9s, ou pour suivre l\u2019utilisateur sur un site web ou sur plusieurs sites web ayant des finalit\u00e9s marketing similaires.\n\t\t\t\t<\/p>\n<p>G\u00e9rer le consentement aux cookies<\/p>\n","protected":false},"excerpt":{"rendered":"MARSEILLE : En route vers z\u00e9ro d\u00e9chet plastique &#8211; Presse Agence Depuis 2016, la R\u00e9gion Sud agit pour&hellip;\n","protected":false},"author":2,"featured_media":372927,"comment_status":"","ping_status":"","sticky":false,"template":"","format":"standard","meta":{"footnotes":""},"categories":[2814],"tags":[1111,11,1777,674,1011,27,884,12,882,25],"class_list":{"0":"post-372926","1":"post","2":"type-post","3":"status-publish","4":"format-standard","5":"has-post-thumbnail","7":"category-marseille","8":"tag-actu","9":"tag-actualites","10":"tag-eu","11":"tag-europe","12":"tag-fr","13":"tag-france","14":"tag-marseille","15":"tag-news","16":"tag-provence-alpes-cote-dazur","17":"tag-republique-francaise"},"share_on_mastodon":{"url":"https:\/\/pubeurope.com\/@fr\/115162983235005121","error":""},"_links":{"self":[{"href":"https:\/\/www.europesays.com\/fr\/wp-json\/wp\/v2\/posts\/372926","targetHints":{"allow":["GET"]}}],"collection":[{"href":"https:\/\/www.europesays.com\/fr\/wp-json\/wp\/v2\/posts"}],"about":[{"href":"https:\/\/www.europesays.com\/fr\/wp-json\/wp\/v2\/types\/post"}],"author":[{"embeddable":true,"href":"https:\/\/www.europesays.com\/fr\/wp-json\/wp\/v2\/users\/2"}],"replies":[{"embeddable":true,"href":"https:\/\/www.europesays.com\/fr\/wp-json\/wp\/v2\/comments?post=372926"}],"version-history":[{"count":0,"href":"https:\/\/www.europesays.com\/fr\/wp-json\/wp\/v2\/posts\/372926\/revisions"}],"wp:featuredmedia":[{"embeddable":true,"href":"https:\/\/www.europesays.com\/fr\/wp-json\/wp\/v2\/media\/372927"}],"wp:attachment":[{"href":"https:\/\/www.europesays.com\/fr\/wp-json\/wp\/v2\/media?parent=372926"}],"wp:term":[{"taxonomy":"category","embeddable":true,"href":"https:\/\/www.europesays.com\/fr\/wp-json\/wp\/v2\/categories?post=372926"},{"taxonomy":"post_tag","embeddable":true,"href":"https:\/\/www.europesays.com\/fr\/wp-json\/wp\/v2\/tags?post=372926"}],"curies":[{"name":"wp","href":"https:\/\/api.w.org\/{rel}","templated":true}]}}