{"id":372928,"date":"2025-09-07T12:20:11","date_gmt":"2025-09-07T12:20:11","guid":{"rendered":"https:\/\/www.europesays.com\/fr\/372928\/"},"modified":"2025-09-07T12:20:11","modified_gmt":"2025-09-07T12:20:11","slug":"musiques-lyon-okis-je-ne-vais-pas-infliger-a-mon-public-une-fausse-pudeur-par-laure-sole","status":"publish","type":"post","link":"https:\/\/www.europesays.com\/fr\/372928\/","title":{"rendered":"Musiques Lyon &#8211; Okis : \u00ab je ne vais pas infliger \u00e0 mon public une fausse pudeur \u00bb par Laure Sol\u00e9"},"content":{"rendered":"<p itemprop=\"description\" style=\"font-weight: 600;\">Entretien \/ Couplets prolixes, rimes serr\u00e9es, flow discontinu : le minutieux rappeur lyonnais Okis sort la conclusion du triptyque de son projet \u00ab\u00a0La cr\u00e8me\u00a0\u00bb le 19 septembre 2025. En concert au March\u00e9 gare le 27 septembre, retour sur la mont\u00e9e en puissance d&rsquo;un artiste pionnier de la drumless fran\u00e7aise.<\/p>\n<p><img decoding=\"async\" src=\"https:\/\/www.europesays.com\/fr\/wp-content\/uploads\/2025\/09\/2025-09-05-17-58-39_MaximeBoudehaneCopiedeDSC06977.jpg\" alt=\"\"\/><\/p>\n<p style=\"font-size:12px;\">Photo : \u00a9 Maxime Boudehane <\/p>\n<p><strong>Le Petit Bulletin : En 2020, vous sortez d&rsquo;\u00e9tudes et vous vous destinez \u00e0 une carri\u00e8re de journaliste. Vous avez travaill\u00e9 quelques mois au Lyon Bondy Blog, puis \u00e0 Tribune de Lyon, avant de tout plaquer pour \u00e9crire votre premier projet, OK. Que s&rsquo;est-il pass\u00e9 ?<\/strong><\/p>\n<p><strong>Okis : <\/strong>J&rsquo;aimais beaucoup ce travail, j&rsquo;ai d&rsquo;ailleurs \u00e9crit un <a href=\"https:\/\/tribunedelyon.fr\/culture\/lhistoire-riche-mais-confidentielle-du-rap-lyonnais\/\" target=\"_blank\" rel=\"noopener nofollow\">dossier<\/a> sur le rap lyonnais \u00e0 Tribune de Lyon, c&rsquo;\u00e9tait g\u00e9nial. J&rsquo;aurais pu rester, mais \u00e7a faisait longtemps que je voulais essayer de me consacrer \u00e0 100% au rap. J&rsquo;ai \u00e9crit mes premiers textes \u00e0 16-17 ans, compl\u00e8tement influenc\u00e9 par le TSR crew, la trilogie La vie augmente d&rsquo;Isha, la 75e session avec N\u00e9pal, 1995&#8230; En 2015, il y avait d\u00e9j\u00e0 de la trap mais j&rsquo;\u00e9tais encore dans le boom-bap, je faisais partie des p\u00e9los qui hochent la t\u00eate&#8230; J&rsquo;\u00e9crivais dans mon coin et je rappais devant mes potes, les gens me trouvaient chaud mais \u00e7a s&rsquo;arr\u00eatait l\u00e0. Mes amis m&rsquo;ont offert une carte son, un micro, j&rsquo;avais dix mois de ch\u00f4mage : c&rsquo;\u00e9tait le moment d&rsquo;essayer.<\/p>\n<p>Je ne connaissais personne, aucun beatmaker. J&rsquo;\u00e9tais un \u00ab\u00a0rappeur de chambre\u00a0\u00bb, je posais sur des prods YouTube. Il y a des sons qui m&rsquo;ont port\u00e9 pendant l&rsquo;\u00e9criture de mon premier EP, comme l&rsquo;album <a href=\"https:\/\/www.youtube.com\/watch?v=jr0RSHnIVEs&amp;list=PLdWyOckDYBG3zdamDlW7FXqDCpKle8nRI\" target=\"_blank\" rel=\"noopener nofollow\">Tranche de vie<\/a> de Souffrance. En t\u00e2tonnant, j&rsquo;ai trouv\u00e9 ma couleur, un pote m&rsquo;a pris en photo, j&rsquo;ai sorti mes huit sons sur les plateformes comme \u00e7a. J&rsquo;ai choisi un vendredi soir pour faire comme les \u00ab\u00a0vrais\u00a0\u00bb rappeurs. Des copains un peu bas\u00e9s ont fait circuler mon son : les mecs de <a href=\"https:\/\/www.rue89lyon.fr\/2022\/09\/25\/cleim-haring-rupture-rap-lyon\/\" target=\"_blank\" rel=\"noopener nofollow\">Plavace<\/a>, Chineurs de rap, Sandra Gomes&#8230; C&rsquo;est le streaming qui m&rsquo;a donn\u00e9 un sentiment de l\u00e9gitimit\u00e9, je ne serais pas mont\u00e9 \u00e0 Paris donner mes disques \u00e0 des gens sans \u00e7a.<\/p>\n<p><strong>Votre premier projet a trouv\u00e9 son public rapidement, et a lanc\u00e9 votre collaboration avec Mani De\u00efz, beatmaker reconnu du rap ind\u00e9 fran\u00e7ais (Nekfeu, Vald, Swift Guad, Demi Portion, Hugo TSR&#8230;).\u00a0<\/strong><\/p>\n<p><strong>Okis : <\/strong>Il m&rsquo;a \u00e9crit trois jours apr\u00e8s la sortie de mon premier projet, je n&rsquo;y croyais pas du tout. C&rsquo;\u00e9tait d\u00e9j\u00e0 mon beatmaker pr\u00e9f\u00e9r\u00e9 depuis longtemps, l&rsquo;album <a href=\"https:\/\/www.youtube.com\/watch?v=a6y2bk3-cOU&amp;list=PLeRNrVlli9f39YN47xRT7yubmE4F9iYxS\" target=\"_blank\" rel=\"noopener nofollow\">Purgatoire<\/a> \u00e9tait une de mes grandes r\u00e9f\u00e9rences personnelles. On a \u00e9chang\u00e9 pas mal par message, quelques prods et textes, puis on s&rsquo;est rencontr\u00e9s six mois plus tard. On a fait 13 sons en moins d&rsquo;une semaine. Il faut dire que j&rsquo;avais sept ans de textes dans ma besace. On a fini par fabriquer un 17 titres. En attendant que l&rsquo;album sorte, j&rsquo;ai commenc\u00e9 \u00e0 plancher sur la suite. En m\u00eame temps, j&rsquo;\u00e9tais surveillant au coll\u00e8ge Louis Jouvet, \u00e0 Villeurbanne.<\/p>\n<\/p>\n<p>Je commen\u00e7ais vraiment \u00e0 me penser en tant qu&rsquo;artiste, \u00e0 r\u00e9fl\u00e9chir \u00e0 mon \u00e9volution, o\u00f9 je voulais aller, c&rsquo;est l\u00e0 qu&rsquo;on a vraiment commenc\u00e9 \u00e0 s&rsquo;orienter vers des instrumentales drumless [musique sans batterie<strong> <\/strong>ndlr], inspir\u00e9es par des artistes comme <a href=\"https:\/\/www.youtube.com\/watch?v=r8-YsU0Xn9o&amp;list=OLAK5uy_nKJb-msGu41scWtWc4PqTTBfDOvYwFbM4\" target=\"_blank\" rel=\"noopener nofollow\">The Alchemist<\/a>. On a cependant gard\u00e9 le multi-sampling et puis il me fallait aussi des BPM ralentis pour que j&rsquo;ai plus de temps pour dire les choses, que je sois plus compr\u00e9hensible.<\/p>\n<p><strong>Vous vous d\u00e9marquez par un discours humble, intimiste. Beaucoup de rappeuses, de rappeurs, d&rsquo;artistes m\u00eame en g\u00e9n\u00e9ral, \u00e9voquent la n\u00e9cessit\u00e9 de se cr\u00e9er un personnage. Pour vous, la d\u00e9marche \u00e9tait d&rsquo;\u00eatre le plus authentique possible ?<\/strong><\/p>\n<p><strong>Okis :<\/strong> Je n&rsquo;avais pas pr\u00e9vu d&rsquo;avoir un public, je ne voyais donc pas la n\u00e9cessit\u00e9 de me cr\u00e9er un personnage. J&rsquo;ai toujours \u00e9crit mes sons comme un journal intime. C&rsquo;est un peu ma chance, je suis presque content de ne pas avoir eu le choix, d&rsquo;avoir tout de suite eu quelque chose de tr\u00e8s d\u00e9complex\u00e9 ; j&rsquo;\u00e9tais \u00ab\u00a0tricard\u00a0\u00bb d\u00e8s mon premier projet. Maintenant que j&rsquo;ai dit tout \u00e7a, je ne vais pas infliger \u00e0 mon public une fausse pudeur.<\/p>\n<p><strong>Il y a toujours eu des instrumentales planantes dans votre musique, mais l\u00e0, vous passez une \u00e9tape, c&rsquo;est moins dansant, moins entendu, en tout cas en France. Avez-vous vu cela comme une prise de risque ?<\/strong><\/p>\n<p><strong>Okis : <\/strong>Il y a des mecs comme Rome Streetz qui tournent avec des prods comme \u00e7a, de la m\u00eame fa\u00e7on, JeanJass est l&rsquo;un des meilleurs avec cette esth\u00e9tique. Je n&rsquo;ai jamais vu \u00e7a comme une prise de risque, je fais la musique que j&rsquo;aime. C&rsquo;est s\u00fbr que \u00e7a ne va pas \u00ab\u00a0breaker\u00a0\u00bb dans les radios comme certains morceaux avec des \u00ab\u00a0grosses drums\u00a0\u00bb, mais je ne crains pas de faire exactement ce que je veux. Billy Woods propose des choses encore plus niche et des gens l&rsquo;\u00e9coutent dans le monde entier.<\/p>\n<\/p>\n<p><strong>Comment appr\u00e9hender la trilogie Cr\u00e8me, Double cr\u00e8me et Triple cr\u00e8me ? Les trois mouvements sont-ils distincts ?<\/strong><\/p>\n<p><strong>Okis :<\/strong> On a eu envie, avec Mani De\u00efz, de faire une trilogie pour ne pas avoir \u00e0 se brider, on voulait sortir les 25 titres. Il y avait l&rsquo;envie de proposer un grand voyage, caressant, qui repr\u00e9sente un an de boulot. Le prochain projet ne sera pas une trilogie drumless. \u00c7a nous a permis d&rsquo;exp\u00e9rimenter plein de choses, on s&rsquo;est lanc\u00e9s dans le mastering par exemple. La premi\u00e8re partie de la trilogie a \u00e9t\u00e9 masteris\u00e9e par Jack Palmer, les deux autres par nous. Aussi, j&rsquo;ai commenc\u00e9 \u00e0 faire des prods. Dans Triple cr\u00e8me, il y a un feat o\u00f9 Mani rappe et je fais la prod. J&rsquo;adore, c&rsquo;est ma nouvelle addiction, et puis j&rsquo;ai b\u00e9n\u00e9fici\u00e9 d&rsquo;un sacr\u00e9 raccourci, j&rsquo;ai appris avec les meilleurs, Mani De\u00efz et JeanJass.<\/p>\n<p><strong>\u00ab J&rsquo;sens que le teh disperse, le bail est persistant, j&rsquo;suis dans l&rsquo;interstice m&rsquo;man \u00bb peut-on entendre dans Vertigo. L&rsquo;id\u00e9e est-elle d&rsquo;exorciser l&rsquo;injonction \u00e0 la norme ?<\/strong><\/p>\n<p><strong>Okis :<\/strong> J&rsquo;intellectualise tr\u00e8s peu ce que j&rsquo;\u00e9cris. C&rsquo;est vrai que je ne suis pas fan du cadre, du grand projet famille nucl\u00e9aire. J&rsquo;aime bien les punks, ou les fous de la rue que tout le monde conna\u00eet. Je n&rsquo;ai pas envie d&rsquo;\u00eatre eux, ou qu&rsquo;on me regarde comme \u00e7a mais ils me touchent \u00e9norm\u00e9ment. Sans me sentir purement marginal, je ne me mets aucune pression \u00e0 ne pas l&rsquo;\u00eatre.<\/p>\n<\/p>\n<p><strong>Dans Derri\u00e8re la t\u00eate, on entend : \u00ab La France c&rsquo;est grave, la viande est farcie par le sang des pauvres. Ces pingres nous roulent dessus m\u00eame si on repeint l&rsquo;d\u00e9p\u00f4t. \u00bb Dans un son moins r\u00e9cent, Paresse saine, on \u00e9coute : \u00ab Les d\u00e9chets passent avec des pulls Cocarde \u00bb, vous \u00eates inquiet pour l&rsquo;avenir ?<\/strong><\/p>\n<p><strong>Okis : <\/strong>Si c&rsquo;est dans mes sons, c&rsquo;est parce que je n&rsquo;arrive pas \u00e0 ne pas y penser. Je suis anticapitaliste, la question de l&rsquo;accaparement des richesses me pr\u00e9occupe \u00e9norm\u00e9ment. Je me sens communiste au sens litt\u00e9ral. L&rsquo;id\u00e9e m\u00eame de la valorisation d&rsquo;un capital me rend fou. Comment quelqu&rsquo;un peut tirer de l&rsquo;argent du seul fait de poss\u00e9der ? Surtout quand tant d&rsquo;autres gal\u00e8rent \u00e0 se nourrir, quand la plan\u00e8te devient jour apr\u00e8s jour inhabitable.<\/p>\n<p>De m\u00eame pour la mont\u00e9e du fascisme ; je suis arm\u00e9nien, je suis descendant de survivants d&rsquo;un g\u00e9nocide. Je me suis toujours senti antifasciste, et le p\u00e9ril, on est en plein dedans. D\u00e8s lors qu&rsquo;une minorit\u00e9 parlementaire est l\u00e0, qu&rsquo;elle participe au gouvernement, le processus a d\u00e9j\u00e0 commenc\u00e9. On a un royaliste au minist\u00e8re de l&rsquo;Int\u00e9rieur quand m\u00eame.<\/p>\n<\/p>\n<p><strong>Okis <\/strong><strong>+ Grrandsinge\u00a0<\/strong><br \/>Samedi 27 septembre 2025 au March\u00e9 gare (Lyon 2e) ; de 20 \u00e0 23 \u20ac<\/p>\n","protected":false},"excerpt":{"rendered":"Entretien \/ Couplets prolixes, rimes serr\u00e9es, flow discontinu : le minutieux rappeur lyonnais Okis sort la conclusion du&hellip;\n","protected":false},"author":2,"featured_media":372929,"comment_status":"","ping_status":"","sticky":false,"template":"","format":"standard","meta":{"footnotes":""},"categories":[1889],"tags":[1111,11,2430,1777,674,1011,27,50710,2428,50712,1698,12,50711,50714,3616,25,50713],"class_list":{"0":"post-372928","1":"post","2":"type-post","3":"status-publish","4":"format-standard","5":"has-post-thumbnail","7":"category-lyon","8":"tag-actu","9":"tag-actualites","10":"tag-auvergne-rhone-alpes","11":"tag-eu","12":"tag-europe","13":"tag-fr","14":"tag-france","15":"tag-jeanjass","16":"tag-lyon","17":"tag-mani-deiz","18":"tag-musiques","19":"tag-news","20":"tag-okis","21":"tag-plavace","22":"tag-rap","23":"tag-republique-francaise","24":"tag-the-alchemist"},"share_on_mastodon":{"url":"https:\/\/pubeurope.com\/@fr\/115162986915321363","error":""},"_links":{"self":[{"href":"https:\/\/www.europesays.com\/fr\/wp-json\/wp\/v2\/posts\/372928","targetHints":{"allow":["GET"]}}],"collection":[{"href":"https:\/\/www.europesays.com\/fr\/wp-json\/wp\/v2\/posts"}],"about":[{"href":"https:\/\/www.europesays.com\/fr\/wp-json\/wp\/v2\/types\/post"}],"author":[{"embeddable":true,"href":"https:\/\/www.europesays.com\/fr\/wp-json\/wp\/v2\/users\/2"}],"replies":[{"embeddable":true,"href":"https:\/\/www.europesays.com\/fr\/wp-json\/wp\/v2\/comments?post=372928"}],"version-history":[{"count":0,"href":"https:\/\/www.europesays.com\/fr\/wp-json\/wp\/v2\/posts\/372928\/revisions"}],"wp:featuredmedia":[{"embeddable":true,"href":"https:\/\/www.europesays.com\/fr\/wp-json\/wp\/v2\/media\/372929"}],"wp:attachment":[{"href":"https:\/\/www.europesays.com\/fr\/wp-json\/wp\/v2\/media?parent=372928"}],"wp:term":[{"taxonomy":"category","embeddable":true,"href":"https:\/\/www.europesays.com\/fr\/wp-json\/wp\/v2\/categories?post=372928"},{"taxonomy":"post_tag","embeddable":true,"href":"https:\/\/www.europesays.com\/fr\/wp-json\/wp\/v2\/tags?post=372928"}],"curies":[{"name":"wp","href":"https:\/\/api.w.org\/{rel}","templated":true}]}}