{"id":372930,"date":"2025-09-07T12:21:12","date_gmt":"2025-09-07T12:21:12","guid":{"rendered":"https:\/\/www.europesays.com\/fr\/372930\/"},"modified":"2025-09-07T12:21:12","modified_gmt":"2025-09-07T12:21:12","slug":"le-rectorat-de-lyon-ne-reconnait-pas-la-paternite-dun-enseignant-gay-une-lgbtphobie-structurelle-pour-ce-syndicat","status":"publish","type":"post","link":"https:\/\/www.europesays.com\/fr\/372930\/","title":{"rendered":"Le rectorat de Lyon ne reconna\u00eet pas la paternit\u00e9 d\u2019un enseignant gay, une \u00ab\u00a0LGBTphobie structurelle\u00a0\u00bb pour ce syndicat"},"content":{"rendered":"<p class=\"content\" style=\"font-size:1.2em;font-weight:700\">Un enseignant lyonnais, et p\u00e8re d\u2019un enfant n\u00e9 en 2023, s\u2019est vu renier sa paternit\u00e9 par le rectorat de Lyon, le syndicat Sud \u00c9ducation 69 d\u00e9nonce une \u00ab\u00a0\u00e9ni\u00e8me marque de LGBTphobie institutionnelle.\u00a0\u00bb<\/p>\n<p>Un professeur des \u00e9coles gay travaillant dans le 8e arrondissement de Lyon, et papa d\u2019un enfant n\u00e9 en 2023, a eu la mauvaise surprise de voir qu\u2019il \u00e9tait consid\u00e9r\u00e9 comme \u00ab\u00a0sans enfant\u00a0\u00bb sur le site Iprof. La mention \u00ab\u00a0vous n\u2019avez pas d\u2019enfant\u00a0\u00bb est, en effet, affich\u00e9e, et ce, malgr\u00e9 une reconnaissance de la filiation par l\u2019\u00c9tat fran\u00e7ais.<\/p>\n<p>Comme le r\u00e9v\u00e8lent nos confr\u00e8res de <a href=\"https:\/\/www.mediacites.fr\/enquete\/lyon\/2025\/09\/04\/homophobie-institutionnalisee-le-rectorat-de-lyon-refuse-de-reconnaitre-la-paternite-dun-prof-en-couple-avec-un-homme\/\" target=\"_blank\" rel=\"noreferrer noopener nofollow\">M\u00e9diacit\u00e9s<\/a>, l\u2019enseignant et son mari ont eu recours \u00e0 une GPA (gestation pour autrui) au Canada en 2023. Leurs noms ont donc \u00e9t\u00e9 inscrits d\u2019office sur l\u2019acte de naissance canadien puis, apr\u00e8s plusieurs d\u00e9marches administratives, sur l\u2019acte de naissance fran\u00e7ais.<\/p>\n<p>Une mention \u00ab\u00a0aussi cruelle qu\u2019absurde\u00a0\u00bb<\/p>\n<p>La situation interroge, notamment le syndicat Sud \u00c9ducation 69 qui d\u00e9nonce dans un communiqu\u00e9 une mention \u00ab\u00a0aussi cruelle qu\u2019absurde\u00a0\u00bb sur le dossier professionnel de l\u2019enseignant. \u00ab\u00a0Ce parent est ainsi effac\u00e9 administrativement de sa famille, sans acc\u00e8s aux droits li\u00e9s \u00e0 sa parentalit\u00e9 malgr\u00e9 ses multiples d\u00e9marches aupr\u00e8s des services du rectorat de Lyon pour les faire valoir\u00a0\u00bb, s\u2019indigne-t-il. Et ajoute : \u00ab\u00a0Alors que nous pleurons la mort de Caroline Grandjean, enseignante lesbienne et engag\u00e9e, victime de lesbophobie et insuffisamment prot\u00e9g\u00e9e, comment ne pas voir dans la situation qui est faite \u00e0 notre coll\u00e8gue de Lyon une \u00e9ni\u00e8me marque de LGBTphobie institutionnelle ?\u00a0\u00bb<\/p>\n<p>Avec cette n\u00e9gation de paternit\u00e9, le professeur des \u00e9coles ne peut donc pas b\u00e9n\u00e9ficier de certains droits, dont le suppl\u00e9ment familial de traitement (SFT), les cong\u00e9s parentaux, le temps partiel, etc. Le syndicat estime qu\u2019il s\u2019agit d\u2019une \u00ab\u00a0atteinte manifeste \u00e0 l\u2019\u00e9galit\u00e9 de traitement entre les agents publics\u00a0\u00bb, d\u2019une \u00ab\u00a0LGBTphobie structurelle\u00a0\u00bb, mais surtout du \u00ab\u00a0non-respect de la l\u00e9gislation fran\u00e7aise sur la filiation, la parentalit\u00e9 et les droits des familles.\u00a0\u00bb<\/p>\n<p>Une proc\u00e9dure judiciaire engag\u00e9e<\/p>\n<p>Sud \u00c9ducation 69 demande donc une mise \u00e0 jour \u00ab\u00a0imm\u00e9diate\u00a0\u00bb du dossier ainsi que des \u00ab\u00a0excuses officielles\u00a0\u00bb de la part du rectorat de Lyon et le versement r\u00e9troactif de l\u2019ensemble des droits et indemnit\u00e9s non per\u00e7us. Nos confr\u00e8res de M\u00e9diacit\u00e9s indiquent par ailleurs que l\u2019enseignant a entam\u00e9 une proc\u00e9dure judiciaire contre le rectorat lyonnais.<\/p>\n<p><strong>Lire aussi :<\/strong> <a href=\"https:\/\/www.lyoncapitale.fr\/actualite\/suicide-dune-enseignante-dans-le-cantal-un-rassemblement-prevu-a-lyon-ce-samedi\" target=\"_blank\" rel=\"noreferrer noopener nofollow\">Suicide d\u2019une enseignante dans le Cantal : un rassemblement pr\u00e9vu \u00e0 Lyon ce samedi<\/a><\/p>\n","protected":false},"excerpt":{"rendered":"Un enseignant lyonnais, et p\u00e8re d\u2019un enfant n\u00e9 en 2023, s\u2019est vu renier sa paternit\u00e9 par le rectorat&hellip;\n","protected":false},"author":2,"featured_media":216045,"comment_status":"","ping_status":"","sticky":false,"template":"","format":"standard","meta":{"footnotes":""},"categories":[1889],"tags":[1111,11,2430,1777,674,1011,27,2428,12,25],"class_list":{"0":"post-372930","1":"post","2":"type-post","3":"status-publish","4":"format-standard","5":"has-post-thumbnail","7":"category-lyon","8":"tag-actu","9":"tag-actualites","10":"tag-auvergne-rhone-alpes","11":"tag-eu","12":"tag-europe","13":"tag-fr","14":"tag-france","15":"tag-lyon","16":"tag-news","17":"tag-republique-francaise"},"share_on_mastodon":{"url":"https:\/\/pubeurope.com\/@fr\/115162990669581618","error":""},"_links":{"self":[{"href":"https:\/\/www.europesays.com\/fr\/wp-json\/wp\/v2\/posts\/372930","targetHints":{"allow":["GET"]}}],"collection":[{"href":"https:\/\/www.europesays.com\/fr\/wp-json\/wp\/v2\/posts"}],"about":[{"href":"https:\/\/www.europesays.com\/fr\/wp-json\/wp\/v2\/types\/post"}],"author":[{"embeddable":true,"href":"https:\/\/www.europesays.com\/fr\/wp-json\/wp\/v2\/users\/2"}],"replies":[{"embeddable":true,"href":"https:\/\/www.europesays.com\/fr\/wp-json\/wp\/v2\/comments?post=372930"}],"version-history":[{"count":0,"href":"https:\/\/www.europesays.com\/fr\/wp-json\/wp\/v2\/posts\/372930\/revisions"}],"wp:featuredmedia":[{"embeddable":true,"href":"https:\/\/www.europesays.com\/fr\/wp-json\/wp\/v2\/media\/216045"}],"wp:attachment":[{"href":"https:\/\/www.europesays.com\/fr\/wp-json\/wp\/v2\/media?parent=372930"}],"wp:term":[{"taxonomy":"category","embeddable":true,"href":"https:\/\/www.europesays.com\/fr\/wp-json\/wp\/v2\/categories?post=372930"},{"taxonomy":"post_tag","embeddable":true,"href":"https:\/\/www.europesays.com\/fr\/wp-json\/wp\/v2\/tags?post=372930"}],"curies":[{"name":"wp","href":"https:\/\/api.w.org\/{rel}","templated":true}]}}