{"id":372931,"date":"2025-09-07T12:23:14","date_gmt":"2025-09-07T12:23:14","guid":{"rendered":"https:\/\/www.europesays.com\/fr\/372931\/"},"modified":"2025-09-07T12:23:14","modified_gmt":"2025-09-07T12:23:14","slug":"le-nom-de-72-femmes-scientifiques-inscrit-prochainement-sur-la-tour-eiffel","status":"publish","type":"post","link":"https:\/\/www.europesays.com\/fr\/372931\/","title":{"rendered":"Le nom de 72 femmes scientifiques inscrit prochainement sur la Tour Eiffel"},"content":{"rendered":"<p>Les noms de 72 femmes scientifiques inscrits sur le pourtour du premier \u00e9tage de la tour Eiffel. Ce projet et cette liste seront propos\u00e9s avant la fin de l&rsquo;ann\u00e9e 2025. Ces noms rejoignent ceux d&rsquo;autant de scientifiques hommes, d\u00e9j\u00e0 grav\u00e9s sur la Dame de fer en 1889. <\/p>\n<p>\u200b\u00a0\u00bbL&rsquo;ambition est de rendre visible la contribution historique des femmes aux sciences et technologies\u00a0\u00bb sur\u00a0<a class=\"IciLink ici-link IciArticleLink g-ici-body-regular-1 underline brand svelte-lu7k6w\" href=\"https:\/\/www.francebleu.fr\/culture\/patrimoine\/paris-l-ascenseur-du-pilier-nord-de-la-tour-eiffel-officiellement-inaugure-1685070\" rel=\"nofollow noopener\" target=\"_blank\">le monument embl\u00e9matique de la capitale<\/a>\u00a0explique la mairie de Paris. Une commission\u00a0d&rsquo;experts sera charg\u00e9e de proposer \u00e0 la maire de Paris, Anne Hidalgo, une liste de\u00a0\u00ab\u00a0femmes expertes \u00e9m\u00e9rites ayant v\u00e9cu entre 1789 et nos jours\u00a0\u00bb, aujourd&rsquo;hui d\u00e9c\u00e9d\u00e9es et principalement de nationalit\u00e9 fran\u00e7aise. L&rsquo;objectif est de\u00a0respecter la parit\u00e9 en installant les 72 noms de femmes en surplomb de la <strong>frise existante des 72 hommes, sur le pourtour ext\u00e9rieur du premier \u00e9tage,<\/strong> dans le respect des\u00a0<a class=\"IciLink ici-link IciArticleLink g-ici-body-regular-1 underline brand svelte-lu7k6w\" href=\"https:\/\/www.francebleu.fr\/culture\/sortir\/pour-decouvrir-paris-ecoutez-un-nouveau-podcast-imagine-par-ici-paris-ile-de-france-sur-les-traces-de-gustave-eiffel-2383885\" rel=\"nofollow noopener\" target=\"_blank\">choix esth\u00e9tiques de Gustave Eiffel<\/a>.<\/p>\n<p>La parit\u00e9 d\u00e9sormais appliqu\u00e9e sur la Dame de fer<\/p>\n<p>Lors de l&rsquo;\u00e9dification du monument en 1889, l&rsquo;ing\u00e9nieur Gustave Eiffel avait fait inscrire, sur la grande frise du premier \u00e9tage, le nom de 72 des plus grands savants fran\u00e7ais ayant marqu\u00e9 l&rsquo;histoire depuis la R\u00e9volution.\u00a0Ces noms, alors peints en lettres d&rsquo;or de <strong>60 centim\u00e8tres de haut, ont disparu pendant plusieurs d\u00e9cennies au cours d&rsquo;une campagne de peinture, pour \u00eatre \u00e0 nouveau inscrits en relief en 1989<\/strong>.\u00a0Parmi eux\u00a0: les chimistes Lavoisier et Chaptal, l&rsquo;industriel Schneider, les astronomes Arago et Laplace, le physicien Amp\u00e8re, le naturaliste Cuvier, l&rsquo;inventeur de la photographie Daguerre&#8230; Aucun nom f\u00e9minin inscrit, alors qu&rsquo;\u00e0 l&rsquo;\u00e9poque les travaux de femmes scientifiques, comme ceux de la math\u00e9maticienne Sophie Germain, \u00e9taient d\u00e9j\u00e0 reconnus, soulignent les experts.<\/p>\n<p>Rendre les sciences plus attractives pour les jeunes femmes<\/p>\n<p>Les femmes qui seront retenues doivent avoir travaill\u00e9 dans les domaines des sciences et technologies de l&rsquo;ing\u00e9nierie et des math\u00e9matiques. \u00ab\u00a0Car encore de nos jours, ce sont ces domaines qui sont tr\u00e8s peu f\u00e9minis\u00e9s. 10% de femmes dans la section physique th\u00e9orique du CNRS. On a vraiment besoin de convaincre les jeunes femmes qu\u2019elles ont toute leur place dans les sciences et que la science a besoin d\u2019elles\u00a0\u00bb, argumente <strong>Isabelle Vauglin, vice-pr\u00e9sidente de\u00a0<\/strong><a target=\"_blank\" rel=\"nofollow noopener noreferrer\" class=\"IciLink ici-link IciArticleLink g-ici-body-regular-1 underline brand svelte-lu7k6w\" href=\"https:\/\/www.femmesetsciences.fr\/qui-sommes-nous\"><strong>Femmes et Sciences<\/strong><\/a><strong>, et astrophysicienne<\/strong>. \u00ab\u00a0Ce geste aura une port\u00e9e internationale. C\u2019est formidable pour toutes les petites filles qui seront peut-\u00eatre un jour des femmes scientifiques de demain, je suis ravie, enchant\u00e9e\u00a0\u00bb, ajoute-t-elle.<\/p>\n<p> \u00c0 lire aussi   <img decoding=\"async\" src=\"https:\/\/www.europesays.com\/fr\/wp-content\/uploads\/2025\/09\/1757247794_246_560x315\" alt=\"Les anneaux olympiques ont \u00e9t\u00e9 accroch\u00e9s \u00e0 l'aide de deux grues sur la Tour Eiffel\" style=\"--_image-preview:url('data:image\/jpeg;base64,\/9j\/2wBDACgcHiMeGSgjISMtKygwPGRBPDc3PHtYXUlkkYCZlo+AjIqgtObDoKrarYqMyP\/L2u71\/\/\/\/m8H\/\/\/\/6\/+b9\/\/j\/2wBDASstLTw1PHZBQXb4pYyl+Pj4+Pj4+Pj4+Pj4+Pj4+Pj4+Pj4+Pj4+Pj4+Pj4+Pj4+Pj4+Pj4+Pj4+Pj4+Pj4+Pj\/wAARCAAXACoDASIAAhEBAxEB\/8QAGAAAAwEBAAAAAAAAAAAAAAAAAAECAwT\/xAAXEAEBAQEAAAAAAAAAAAAAAAAAAQIR\/8QAGAEBAAMBAAAAAAAAAAAAAAAAAwACBAH\/xAAWEQEBAQAAAAAAAAAAAAAAAAAAAQL\/2gAMAwEAAhEDEQA\/AMak7SRw4vKIvJM1StIZRRYOuTpdAZWg5WmaAvFa0ysAsFX\/2Q==');\" loading=\"lazy\" fetchpriority=\"low\" aria-hidden=\"true\" class=\"svelte-1pnmlwx rounded\" onload=\"this.__e=event\" onerror=\"this.__e=event\"\/><\/p>\n","protected":false},"excerpt":{"rendered":"Les noms de 72 femmes scientifiques inscrits sur le pourtour du premier \u00e9tage de la tour Eiffel. Ce&hellip;\n","protected":false},"author":2,"featured_media":372932,"comment_status":"","ping_status":"","sticky":false,"template":"","format":"standard","meta":{"footnotes":""},"categories":[1592],"tags":[1111,11,1777,674,1011,27,662,12,626,25],"class_list":{"0":"post-372931","1":"post","2":"type-post","3":"status-publish","4":"format-standard","5":"has-post-thumbnail","7":"category-ile-de-france","8":"tag-actu","9":"tag-actualites","10":"tag-eu","11":"tag-europe","12":"tag-fr","13":"tag-france","14":"tag-ile-de-france","15":"tag-news","16":"tag-paris","17":"tag-republique-francaise"},"share_on_mastodon":{"url":"https:\/\/pubeurope.com\/@fr\/115162998748024260","error":""},"_links":{"self":[{"href":"https:\/\/www.europesays.com\/fr\/wp-json\/wp\/v2\/posts\/372931","targetHints":{"allow":["GET"]}}],"collection":[{"href":"https:\/\/www.europesays.com\/fr\/wp-json\/wp\/v2\/posts"}],"about":[{"href":"https:\/\/www.europesays.com\/fr\/wp-json\/wp\/v2\/types\/post"}],"author":[{"embeddable":true,"href":"https:\/\/www.europesays.com\/fr\/wp-json\/wp\/v2\/users\/2"}],"replies":[{"embeddable":true,"href":"https:\/\/www.europesays.com\/fr\/wp-json\/wp\/v2\/comments?post=372931"}],"version-history":[{"count":0,"href":"https:\/\/www.europesays.com\/fr\/wp-json\/wp\/v2\/posts\/372931\/revisions"}],"wp:featuredmedia":[{"embeddable":true,"href":"https:\/\/www.europesays.com\/fr\/wp-json\/wp\/v2\/media\/372932"}],"wp:attachment":[{"href":"https:\/\/www.europesays.com\/fr\/wp-json\/wp\/v2\/media?parent=372931"}],"wp:term":[{"taxonomy":"category","embeddable":true,"href":"https:\/\/www.europesays.com\/fr\/wp-json\/wp\/v2\/categories?post=372931"},{"taxonomy":"post_tag","embeddable":true,"href":"https:\/\/www.europesays.com\/fr\/wp-json\/wp\/v2\/tags?post=372931"}],"curies":[{"name":"wp","href":"https:\/\/api.w.org\/{rel}","templated":true}]}}