{"id":372933,"date":"2025-09-07T12:24:14","date_gmt":"2025-09-07T12:24:14","guid":{"rendered":"https:\/\/www.europesays.com\/fr\/372933\/"},"modified":"2025-09-07T12:24:14","modified_gmt":"2025-09-07T12:24:14","slug":"les-deputes-lr-auront-une-liberte-de-vote-assure-leur-chef-de-file-laurent-wauquiez","status":"publish","type":"post","link":"https:\/\/www.europesays.com\/fr\/372933\/","title":{"rendered":"\u00ab\u00a0Les d\u00e9put\u00e9s LR auront une libert\u00e9 de vote\u00a0\u00bb, assure leur chef de file, Laurent Wauquiez"},"content":{"rendered":"\n<p class=\"c-chapo \">\n  Interrog\u00e9 sur le positionnement des d\u00e9put\u00e9s de son groupe, l&rsquo;\u00e9lu de Haute-Loire a estim\u00e9 que cela allait\u00a0\u00ab\u00a0se partager en moiti\u00e9-moiti\u00e9, \u00e0 peu pr\u00e8s\u00a0\u00bb.\n<\/p>\n<p>            lire plus tard<\/p>\n<p id=\"dialog__title\" class=\"dialog__title\">Pour sauvegarder cet article, connectez-vous ou cr\u00e9ez un compte franceinfo<\/p>\n<p class=\"dialog__description\">Sans paiement. Sans abonnement.<\/p>\n<p>        Fermer la fen\u00eatre d\u2019activation des notifications France Info<\/p>\n<p>            cr\u00e9er votre compte<\/p>\n<p>            se connecter<\/p>\n<p>        Fermer la fen\u00eatre de pr\u00e9sentation<\/p>\n<p>    <img loading=\"lazy\" decoding=\"async\" class=\"signature__image lazyload\" width=\"100\" height=\"100\" data- alt=\"\" src=\"https:\/\/www.europesays.com\/fr\/wp-content\/uploads\/2025\/05\/64a68815cd1a7_placeholder-36b69ec8.png\"\/><\/p>\n<p>    Publi\u00e9 le 07\/09\/2025 12:35<\/p>\n<p>        Temps de lecture : 2min<\/p>\n<p>    <img decoding=\"async\"  alt=\"Le chef de file des d\u00e9put\u00e9s LR \u00e0 l'Assembl\u00e9e nationale, Laurent Wauquiez, s'exprime lors du Congr\u00e8s du parti, le 6 septembre 2025, au Port Marly (Yvelines). (BASTIEN OHIER \/ HANS LUCAS \/ AFP)\" width=\"432\" height=\"243\" src=\"https:\/\/www.europesays.com\/fr\/wp-content\/uploads\/2025\/09\/080-hl-bohier-2868318-68bd3ef9c5149493333471.jpg\" fetchpriority=\"high\"\/><\/p>\n<p>      Le chef de file des d\u00e9put\u00e9s LR \u00e0 l&rsquo;Assembl\u00e9e nationale, Laurent Wauquiez, s&rsquo;exprime lors du Congr\u00e8s du parti, le 6 septembre 2025, au Port Marly (Yvelines). (BASTIEN OHIER \/ HANS LUCAS \/ AFP)<\/p>\n<p><a href=\"https:\/\/www.franceinfo.fr\/politique\/gouvernement-de-francois-bayrou\/direct-vote-de-confiance-pour-francois-hollande-olivier-faure-a-vocation-a-revendiquer-le-pouvoir_7478353.html\" rel=\"nofollow noopener\" target=\"_blank\">A la veille du vote de confiance demand\u00e9 par le Premier ministre<\/a>, Fran\u00e7ois Bayrou, les t\u00e9nors du parti Les R\u00e9publicains (LR) sont divis\u00e9s sur la strat\u00e9gie \u00e0 adopter. Dans ces conditions, \u00ab\u00a0les d\u00e9put\u00e9s LR auront une libert\u00e9 de vote\u00a0\u00bb, a assur\u00e9 leur chef de file \u00e0 l&rsquo;Assembl\u00e9e nationale, Laurent Wauquiez, invit\u00e9, dimanche 7 septembre, de l&rsquo;\u00e9mission \u00ab\u00a0En toute franchise\u00a0\u00bb sur LCI. Interrog\u00e9 sur le positionnement des d\u00e9put\u00e9s de son groupe, l&rsquo;\u00e9lu de Haute-Loire a estim\u00e9 que cela allait\u00a0\u00ab\u00a0se partager en moiti\u00e9-moiti\u00e9, \u00e0 peu pr\u00e8s\u00a0\u00bb.\u00a0\u00a0<\/p>\n<p>\u00ab\u00a0Je ne demande jamais \u00e0 mes d\u00e9put\u00e9s de voter contre leur conscience\u00a0\u00bb, a affirm\u00e9 Laurent Wauquiez, qui a assur\u00e9 qu&rsquo;il voterait la confiance \u00ab\u00a0sans enthousiasme\u00a0\u00bb, alors qu&rsquo;un grand nombre de ses d\u00e9put\u00e9s refuse de le faire, soit en s&rsquo;abstenant soit en votant contre.<\/p>\n<p>Assurant que les \u00ab\u00a0d\u00e9put\u00e9s LR ne sont pas des godillots\u00a0\u00bb, Laurent Wauquiez a d\u00e9plor\u00e9 que Fran\u00e7ois Bayrou ne soit toujours pas revenu sur sa proposition de supprimer deux jours f\u00e9ri\u00e9s, comme l&rsquo;ont demand\u00e9 les dirigeants du parti, mardi, \u00e0 Matignon.<\/p>\n<p> Alors que le patron du parti, Bruno Retailleau, appelle \u00e0 soutenir le gouvernement de Fran\u00e7ois Bayrou, au sein duquel il occupe la fonction de ministre de l&rsquo;Int\u00e9rieur, ces d\u00e9clarations du chef de file des d\u00e9put\u00e9s illustrent les d\u00e9saccords qui s&rsquo;expriment chez LR, en plein congr\u00e8s du parti, au Port Marly (Yvelines).\u00a0\u00a0<\/p>\n<p>Sur LCI, Laurent Wauquiez a \u00e9galement r\u00e9it\u00e9r\u00e9 qu&rsquo;il ne censurerait pas automatiquement un gouvernement PS ou RN, propos qui lui avaient valu un recadrage de Bruno Retailleau.\u00a0\u00ab\u00a0Vous allez faire tomber des gouvernements qui se pr\u00e9sentent sans m\u00eame savoir ce qu&rsquo;ils veulent faire ?\u00a0\u00bb, s&rsquo;est-il interrog\u00e9, assurant que si l&rsquo;ex\u00e9cutif comporte \u00ab\u00a0des ministres de LFI ou applique le programme du Nouveau Front populaire\u00a0\u00bb il y aurait \u00e9videmment censure.<\/p>\n","protected":false},"excerpt":{"rendered":"Interrog\u00e9 sur le positionnement des d\u00e9put\u00e9s de son groupe, l&rsquo;\u00e9lu de Haute-Loire a estim\u00e9 que cela allait\u00a0\u00ab\u00a0se partager&hellip;\n","protected":false},"author":2,"featured_media":372934,"comment_status":"","ping_status":"","sticky":false,"template":"","format":"standard","meta":{"footnotes":""},"categories":[1888],"tags":[1111,1928,11,1927,1777,674,1011,27,12,1926,626,1925,25],"class_list":{"0":"post-372933","1":"post","2":"type-post","3":"status-publish","4":"format-standard","5":"has-post-thumbnail","7":"category-paris","8":"tag-actu","9":"tag-actu-paris","10":"tag-actualites","11":"tag-actualites-paris","12":"tag-eu","13":"tag-europe","14":"tag-fr","15":"tag-france","16":"tag-news","17":"tag-news-paris","18":"tag-paris","19":"tag-paris-news","20":"tag-republique-francaise"},"share_on_mastodon":{"url":"https:\/\/pubeurope.com\/@fr\/115163002608401142","error":""},"_links":{"self":[{"href":"https:\/\/www.europesays.com\/fr\/wp-json\/wp\/v2\/posts\/372933","targetHints":{"allow":["GET"]}}],"collection":[{"href":"https:\/\/www.europesays.com\/fr\/wp-json\/wp\/v2\/posts"}],"about":[{"href":"https:\/\/www.europesays.com\/fr\/wp-json\/wp\/v2\/types\/post"}],"author":[{"embeddable":true,"href":"https:\/\/www.europesays.com\/fr\/wp-json\/wp\/v2\/users\/2"}],"replies":[{"embeddable":true,"href":"https:\/\/www.europesays.com\/fr\/wp-json\/wp\/v2\/comments?post=372933"}],"version-history":[{"count":0,"href":"https:\/\/www.europesays.com\/fr\/wp-json\/wp\/v2\/posts\/372933\/revisions"}],"wp:featuredmedia":[{"embeddable":true,"href":"https:\/\/www.europesays.com\/fr\/wp-json\/wp\/v2\/media\/372934"}],"wp:attachment":[{"href":"https:\/\/www.europesays.com\/fr\/wp-json\/wp\/v2\/media?parent=372933"}],"wp:term":[{"taxonomy":"category","embeddable":true,"href":"https:\/\/www.europesays.com\/fr\/wp-json\/wp\/v2\/categories?post=372933"},{"taxonomy":"post_tag","embeddable":true,"href":"https:\/\/www.europesays.com\/fr\/wp-json\/wp\/v2\/tags?post=372933"}],"curies":[{"name":"wp","href":"https:\/\/api.w.org\/{rel}","templated":true}]}}