{"id":372937,"date":"2025-09-07T12:26:11","date_gmt":"2025-09-07T12:26:11","guid":{"rendered":"https:\/\/www.europesays.com\/fr\/372937\/"},"modified":"2025-09-07T12:26:11","modified_gmt":"2025-09-07T12:26:11","slug":"il-faut-en-faire-un-sanctuaire-sans-public-a-paris-laccessibilite-grandissante-de-la-petite-ceinture-divise","status":"publish","type":"post","link":"https:\/\/www.europesays.com\/fr\/372937\/","title":{"rendered":"\u00ab\u00a0Il faut en faire un sanctuaire sans public\u00a0\u00bb\u00a0: \u00e0 Paris, l\u2019accessibilit\u00e9 grandissante de la Petite Ceinture\u00a0divise"},"content":{"rendered":"<p class=\"paragraph text_align_left lp-f-body-02\">Sur l\u2019avenue du G\u00e9n\u00e9ral-Leclerc, difficile de deviner les escaliers qui m\u00e8nent \u00e0 la Petite Ceinture, dissimul\u00e9s derri\u00e8re l\u2019ancienne gare de Montrouge-Ceinture (XIVe) <a href=\"https:\/\/www.leparisien.fr\/paris-75\/paris-l-ancienne-gare-de-la-petite-ceinture-a-ouvert-en-cafe-restaurant-25-08-2019-8138952.php\" target=\"_self\" rel=\"noopener\">transform\u00e9e en bar-restaurant<\/a>. L\u2019\u00e9tendue verte sur laquelle court l\u2019ancienne ligne de chemin de fer qui faisait par le pass\u00e9 le tour de Paris, inutilis\u00e9e depuis les ann\u00e9es 1990, se situe pourtant juste au-dessus.<\/p>\n<p class=\"paragraph text_align_left lp-f-body-02\">Depuis dix ans, certains tron\u00e7ons de ces 32 km de rail deviennent accessibles au public apr\u00e8s des ann\u00e9es d\u2019abandon. Les anciennes gares de cette ligne se transforment alors en bars, en restaurants <a href=\"https:\/\/www.leparisien.fr\/paris-75\/petite-ceinture-a-paris-dans-le-19e-lancien-quai-de-marchandises-transforme-en-spot-festif-et-culturel-22-03-2024-SKBMZI6TKNBJVB4EJ7CLX2PEMU.php\" target=\"_blank\" rel=\"noreferrer noopener\">ou en lieux culturels<\/a>. Dernier tron\u00e7on am\u00e9nag\u00e9 en date : celui du parc Georges-Brassens (XVe), qui offre aux promeneurs et aux habitants un immense espace vert et des tables en bois depuis le mois de juillet. Mais sur la Petite Ceinture, le bonheur des uns fait le malheur d\u2019autres, notamment parmi les d\u00e9fenseurs de l\u2019environnement.<\/p>\n","protected":false},"excerpt":{"rendered":"Sur l\u2019avenue du G\u00e9n\u00e9ral-Leclerc, difficile de deviner les escaliers qui m\u00e8nent \u00e0 la Petite Ceinture, dissimul\u00e9s derri\u00e8re l\u2019ancienne&hellip;\n","protected":false},"author":2,"featured_media":372938,"comment_status":"","ping_status":"","sticky":false,"template":"","format":"standard","meta":{"footnotes":""},"categories":[1888],"tags":[11,1777,674,1011,27,3746,1944,12,626,25],"class_list":{"0":"post-372937","1":"post","2":"type-post","3":"status-publish","4":"format-standard","5":"has-post-thumbnail","7":"category-paris","8":"tag-actualites","9":"tag-eu","10":"tag-europe","11":"tag-fr","12":"tag-france","13":"tag-futurs","14":"tag-ma-ville","15":"tag-news","16":"tag-paris","17":"tag-republique-francaise"},"share_on_mastodon":{"url":"https:\/\/pubeurope.com\/@fr\/115163010489150403","error":""},"_links":{"self":[{"href":"https:\/\/www.europesays.com\/fr\/wp-json\/wp\/v2\/posts\/372937","targetHints":{"allow":["GET"]}}],"collection":[{"href":"https:\/\/www.europesays.com\/fr\/wp-json\/wp\/v2\/posts"}],"about":[{"href":"https:\/\/www.europesays.com\/fr\/wp-json\/wp\/v2\/types\/post"}],"author":[{"embeddable":true,"href":"https:\/\/www.europesays.com\/fr\/wp-json\/wp\/v2\/users\/2"}],"replies":[{"embeddable":true,"href":"https:\/\/www.europesays.com\/fr\/wp-json\/wp\/v2\/comments?post=372937"}],"version-history":[{"count":0,"href":"https:\/\/www.europesays.com\/fr\/wp-json\/wp\/v2\/posts\/372937\/revisions"}],"wp:featuredmedia":[{"embeddable":true,"href":"https:\/\/www.europesays.com\/fr\/wp-json\/wp\/v2\/media\/372938"}],"wp:attachment":[{"href":"https:\/\/www.europesays.com\/fr\/wp-json\/wp\/v2\/media?parent=372937"}],"wp:term":[{"taxonomy":"category","embeddable":true,"href":"https:\/\/www.europesays.com\/fr\/wp-json\/wp\/v2\/categories?post=372937"},{"taxonomy":"post_tag","embeddable":true,"href":"https:\/\/www.europesays.com\/fr\/wp-json\/wp\/v2\/tags?post=372937"}],"curies":[{"name":"wp","href":"https:\/\/api.w.org\/{rel}","templated":true}]}}