{"id":372939,"date":"2025-09-07T12:27:11","date_gmt":"2025-09-07T12:27:11","guid":{"rendered":"https:\/\/www.europesays.com\/fr\/372939\/"},"modified":"2025-09-07T12:27:11","modified_gmt":"2025-09-07T12:27:11","slug":"paris-euphoria-arts-in-the-air-au-grand-palais","status":"publish","type":"post","link":"https:\/\/www.europesays.com\/fr\/372939\/","title":{"rendered":"PARIS : Euphoria, Arts in the air au Grand Palais"},"content":{"rendered":"<p>Ici, pas de bronze, pas de marbre, pas de socles immuables. L\u2019art ne p\u00e8se rien, il flotte, il respire, il s\u2019\u00e9tire au moindre souffle. Des \u0153uvres impalpables, gonfl\u00e9es d\u2019air et de lumi\u00e8re, suspendues dans l\u2019espace comme des promesses en apesanteur. Euphoria fait entrer un souffle nouveau sous la verri\u00e8re du Grand Palais, une vague de couleur et de mouvement qui bouscule les codes de l\u2019art monumental.<\/p>\n<p><a href=\"https:\/\/www.arts-in-the-city.com\/2025\/04\/02\/exposition-euphoria-arts-in-the-air-au-grand-palais\/\" rel=\"nofollow noopener\" target=\"_blank\">Lire notre article complet ici\u00a0<\/a><\/p>\n<p class=\"compact\"><a href=\"https:\/\/www.grandpalais.fr\/fr\" target=\"_wlovuqgm\" rel=\"nofollow noopener\"><b>GRAND PALAIS<\/b><b><br \/><\/b><\/a><b>Du 6 juin au 7 septembre 2025<\/b><br \/>Avenue Winston Churchill, 75008<\/p>\n","protected":false},"excerpt":{"rendered":"Ici, pas de bronze, pas de marbre, pas de socles immuables. L\u2019art ne p\u00e8se rien, il flotte, il&hellip;\n","protected":false},"author":2,"featured_media":372940,"comment_status":"","ping_status":"","sticky":false,"template":"","format":"standard","meta":{"footnotes":""},"categories":[1888],"tags":[11,1777,674,1011,27,12,626,25],"class_list":{"0":"post-372939","1":"post","2":"type-post","3":"status-publish","4":"format-standard","5":"has-post-thumbnail","7":"category-paris","8":"tag-actualites","9":"tag-eu","10":"tag-europe","11":"tag-fr","12":"tag-france","13":"tag-news","14":"tag-paris","15":"tag-republique-francaise"},"share_on_mastodon":{"url":"https:\/\/pubeurope.com\/@fr\/115163014414964999","error":""},"_links":{"self":[{"href":"https:\/\/www.europesays.com\/fr\/wp-json\/wp\/v2\/posts\/372939","targetHints":{"allow":["GET"]}}],"collection":[{"href":"https:\/\/www.europesays.com\/fr\/wp-json\/wp\/v2\/posts"}],"about":[{"href":"https:\/\/www.europesays.com\/fr\/wp-json\/wp\/v2\/types\/post"}],"author":[{"embeddable":true,"href":"https:\/\/www.europesays.com\/fr\/wp-json\/wp\/v2\/users\/2"}],"replies":[{"embeddable":true,"href":"https:\/\/www.europesays.com\/fr\/wp-json\/wp\/v2\/comments?post=372939"}],"version-history":[{"count":0,"href":"https:\/\/www.europesays.com\/fr\/wp-json\/wp\/v2\/posts\/372939\/revisions"}],"wp:featuredmedia":[{"embeddable":true,"href":"https:\/\/www.europesays.com\/fr\/wp-json\/wp\/v2\/media\/372940"}],"wp:attachment":[{"href":"https:\/\/www.europesays.com\/fr\/wp-json\/wp\/v2\/media?parent=372939"}],"wp:term":[{"taxonomy":"category","embeddable":true,"href":"https:\/\/www.europesays.com\/fr\/wp-json\/wp\/v2\/categories?post=372939"},{"taxonomy":"post_tag","embeddable":true,"href":"https:\/\/www.europesays.com\/fr\/wp-json\/wp\/v2\/tags?post=372939"}],"curies":[{"name":"wp","href":"https:\/\/api.w.org\/{rel}","templated":true}]}}