{"id":372941,"date":"2025-09-07T12:28:12","date_gmt":"2025-09-07T12:28:12","guid":{"rendered":"https:\/\/www.europesays.com\/fr\/372941\/"},"modified":"2025-09-07T12:28:12","modified_gmt":"2025-09-07T12:28:12","slug":"ukraine-missiles-et-drones-tires-coeur-du-pouvoir-frappe-a-kiev-ce-que-lon-sait-de-lattaque-aerienne-russe-record","status":"publish","type":"post","link":"https:\/\/www.europesays.com\/fr\/372941\/","title":{"rendered":"Ukraine : missiles et drones tir\u00e9s, c\u0153ur du pouvoir frapp\u00e9 \u00e0 Kiev&#8230; ce que l&rsquo;on sait de l&rsquo;attaque a\u00e9rienne russe record"},"content":{"rendered":"<ul class=\"jsx-862013697 ArticleChapo__List\">\n<li class=\"jsx-862013697 ArticleChapo__List_Item flex\">La Russie a tir\u00e9 au moins 805 drones et 13 missiles sur l\u2019Ukraine entre samedi soir et dimanche matin.<\/li>\n<li class=\"jsx-862013697 ArticleChapo__List_Item flex\">Il s&rsquo;agit de la plus grande attaque a\u00e9rienne depuis le d\u00e9but du conflit, selon l\u2019arm\u00e9e de l&rsquo;air ukrainienne.<\/li>\n<\/ul>\n<p><a href=\"https:\/\/www.tf1info.fr\/actualite\/guerre-ukraine-russie-une-rencontre-donald-trump-vladimir-poutine-historique-le-vendredi-15-aout-2025-en-alaska-sans-volodymyr-zelensky-14326\/\" rel=\"noopener\" class=\"jsx-484472199 Link jsx-1428418400 jsx-554215408\" target=\"_blank\"><\/p>\n<p style=\"font-weight:400\" class=\"jsx-1837267516\">Suivez la couverture compl\u00e8te<\/p>\n<p style=\"font-weight:800\" class=\"jsx-1837267516\">Ukraine-Russie : des n\u00e9gociations dans l\u2019impasse<\/p>\n<p><\/a><\/p>\n<p data-module=\"article-paragraph\" class=\"jsx-3046738180 Paragraph Paragraph__End\">Du jamais-vu apr\u00e8s<a href=\"https:\/\/www.tf1info.fr\/actualite\/invasion-de-l-ukraine-par-la-russie-une-guerre-qui-dure-12951\/\" target=\"_blank\" rel=\"noopener\"> trois ans et demi de guerre. <\/a>La Russie a lanc\u00e9 des centaines de missiles et de drones sur l&rsquo;Ukraine dans la nuit de samedi \u00e0 dimanche, selon Kiev. La capitale a \u00e9t\u00e9 lourdement touch\u00e9e : des b\u00e2timents minist\u00e9riels ont notamment \u00e9t\u00e9 touch\u00e9s. Voici ce que l&rsquo;on sait sur cette attaque qui \u00ab\u00a0constituent un crime d\u00e9lib\u00e9r\u00e9 et une prolongation de la guerre\u00a0\u00bb, selon le pr\u00e9sident <a href=\"https:\/\/www.tf1info.fr\/actualite\/volodymyr-zelensky-12882\/\" target=\"_blank\" rel=\"noopener\">Volodymyr Zelensky.<\/a><\/p>\n<p>Des centaines de drones<\/p>\n<p data-module=\"article-paragraph\" class=\"jsx-3046738180 Paragraph Paragraph__End\">La Russie a tir\u00e9 plus de 800 missiles entre samedi soir et dimanche matin, selon l&rsquo;arm\u00e9e de l&rsquo;air. Celle-ci a affirm\u00e9 avoir neutralis\u00e9 747 drones et quatre missiles. Selon Volodymyr Zelensky, 13 missiles, dont 4 balistiques, ont \u00e9t\u00e9 utilis\u00e9s par Moscou. Des frappes ont aussi \u00e9t\u00e9 signal\u00e9es dans la nuit dans plusieurs autres r\u00e9gions, notamment dans celle de Dnipropetrovsk, Soumy ou encore Odessa.<\/p>\n<p>Un lourd bilan humain<\/p>\n<p data-module=\"article-paragraph\" class=\"jsx-3046738180 Paragraph Paragraph__End\">Au total, cinq personnes ont \u00e9t\u00e9 tu\u00e9es, dont deux \u00e0 Kiev, et plus d&rsquo;une vingtaine de personnes ont \u00e9t\u00e9 bless\u00e9es. Au moins deux autres personnes ont trouv\u00e9 la mort dans des attaques locales s\u00e9par\u00e9es, selon les autorit\u00e9s ukrainiennes. Dans la capitale ukrainienne, les deux personnes d\u00e9c\u00e9d\u00e9es sont une jeune femme et son fils \u00e2g\u00e9 de deux mois, a pr\u00e9cis\u00e9 le maire Vitali Klitschko.<\/p>\n<p>Frappes \u00e0 Kiev : le si\u00e8ge du gouvernement touch\u00e9Source : JT 13h WE<\/p>\n<p><a href=\"https:\/\/www.tf1info.fr\/international\/videos\/video-frappes-a-kiev-le-siege-du-gouvernement-touche-64594-2393105.html\" rel=\"noopener\" aria-label=\"01:38 Frappes \u00e0 Kiev : le si\u00e8ge du gouvernement touch\u00e9\" class=\"jsx-484472199 Link\" target=\"_blank\"><img decoding=\"async\" src=\"https:\/\/www.europesays.com\/fr\/wp-content\/uploads\/2025\/09\/frappes-a-kiev-le-siege-du-gouvernement-touche-1-d73d7b-0@1x.jpeg\" alt=\"\" loading=\"lazy\" importance=\"low\" fetchpriority=\"low\" class=\"\" aria-hidden=\"true\"\/><\/p>\n<p>01:38<\/p>\n<p>Frappes \u00e0 Kiev : le si\u00e8ge du gouvernement touch\u00e9<\/a>De nombreux b\u00e2timents touch\u00e9s<\/p>\n<p data-module=\"article-paragraph\" class=\"jsx-3046738180 Paragraph\">Fin ao\u00fbt,<a href=\"https:\/\/www.tf1info.fr\/international\/video-reportage-tf1-guerre-en-ukraine-kiev-tout-a-vole-en-eclats-les-images-de-l-attaque-russe-massive-au-coeur-de-la-capitale-2391315.html\" target=\"_blank\" rel=\"noopener\"> une vague massive de drones et missiles russes sur Kiev <\/a>avait endommag\u00e9 les locaux de la d\u00e9l\u00e9gation de l&rsquo;Union europ\u00e9enne ainsi que le bureau du British Council. Mais les b\u00e2timents officiels de la capitale avaient dans l&rsquo;ensemble \u00e9t\u00e9 \u00e9pargn\u00e9s\u2026 jusqu&rsquo;\u00e0 ce dimanche. \u00ab\u00a0Pour la premi\u00e8re fois, le toit et les \u00e9tages sup\u00e9rieurs du si\u00e8ge du gouvernement ont \u00e9t\u00e9 endommag\u00e9s \u00e0 cause d&rsquo;une attaque ennemie\u00a0\u00bb, a d\u00e9clar\u00e9 la Premi\u00e8re ministre Ioulia Svyrydenko sur Telegram, postant des images de flammes s&rsquo;\u00e9chappant de la fa\u00e7ade de l&rsquo;imposante b\u00e2tisse proche de la pr\u00e9sidence et du Parlement.<\/p>\n<p data-module=\"article-paragraph\" class=\"jsx-3046738180 Paragraph Paragraph__End\">Plusieurs immeubles r\u00e9sidentiels ont \u00e9galement \u00e9t\u00e9 endommag\u00e9s. \u00ab\u00a0Plus de 20 maisons et un jardin d&rsquo;enfants ont \u00e9t\u00e9 endommag\u00e9s \u00e0 Zaporijia. Des entrep\u00f4ts ont \u00e9t\u00e9 d\u00e9truits \u00e0 Kryvy\u00ef Rih\u00a0\u00bb, a d\u00e9taill\u00e9 le pr\u00e9sident. L\u2019arm\u00e9e russe, elle, se d\u00e9fend de frapper les civils : Moscou \u00ab\u00a0a frapp\u00e9 des sites du complexe militaro-industriel ukrainien et des infrastructures de transport\u00a0\u00bb, a assur\u00e9 ce dimanche le minist\u00e8re de la D\u00e9fense dans un communiqu\u00e9.<\/p>\n<p>Emmanuel Macron condamne<\/p>\n<p data-module=\"article-paragraph\" class=\"jsx-3046738180 Paragraph\">Volodymyr Zelensky a vivement r\u00e9agi : \u00ab\u00a0De tels massacres, aujourd&rsquo;hui, alors qu&rsquo;une v\u00e9ritable diplomatie aurait pu commencer depuis longtemps, constituent un crime d\u00e9lib\u00e9r\u00e9 et une prolongation de la guerre\u00a0\u00bb, a assur\u00e9 le pr\u00e9sident sur X. \u00ab\u00a0Washington a r\u00e9p\u00e9t\u00e9 \u00e0 maintes reprises qu&rsquo;un refus de dialogue entra\u00eenerait des sanctions. Nous devons mettre en \u0153uvre tout ce qui a \u00e9t\u00e9 convenu \u00e0 Paris\u00a0\u00bb, a ajout\u00e9 le chef d&rsquo;\u00c9tat, selon lequel \u00ab\u00a0le monde peut contraindre les criminels du Kremlin \u00e0 mettre fin aux massacres ; il suffit d&rsquo;une volont\u00e9 politique.\u00a0\u00bb<\/p>\n<p data-module=\"article-paragraph\" class=\"jsx-3046738180 Paragraph Paragraph__End\">\u00ab\u00a0Avec l&rsquo;Ukraine et nos partenaires, nous d\u00e9fendons la paix. La Russie, elle, s&rsquo;enferme toujours un peu plus dans la logique de la guerre et de la terreur\u00a0\u00bb, a pour sa part d\u00e9clar\u00e9 Emmanuel Macron.<\/p>\n<p>T.G.<\/p>\n","protected":false},"excerpt":{"rendered":"La Russie a tir\u00e9 au moins 805 drones et 13 missiles sur l\u2019Ukraine entre samedi soir et dimanche&hellip;\n","protected":false},"author":2,"featured_media":372942,"comment_status":"","ping_status":"","sticky":false,"template":"","format":"standard","meta":{"footnotes":""},"categories":[1591],"tags":[1111,11,1921,1073,1887,1922,12,1885,1886,132,220,1917,50704,133,1920,134],"class_list":{"0":"post-372941","1":"post","2":"type-post","3":"status-publish","4":"format-standard","5":"has-post-thumbnail","7":"category-russie","8":"tag-actu","9":"tag-actualites","10":"tag-article-video","11":"tag-emmanuel-macron","12":"tag-federation-de-russie","13":"tag-info","14":"tag-news","15":"tag-russia","16":"tag-russian-federation","17":"tag-russie","18":"tag-ukraine","19":"tag-ukraine-4-annee-de-guerre","20":"tag-ukraine-russie-des-negociations-dans-limpasse","21":"tag-video","22":"tag-video-international","23":"tag-volodymyr-zelensky"},"share_on_mastodon":{"url":"https:\/\/pubeurope.com\/@fr\/115163018690731201","error":""},"_links":{"self":[{"href":"https:\/\/www.europesays.com\/fr\/wp-json\/wp\/v2\/posts\/372941","targetHints":{"allow":["GET"]}}],"collection":[{"href":"https:\/\/www.europesays.com\/fr\/wp-json\/wp\/v2\/posts"}],"about":[{"href":"https:\/\/www.europesays.com\/fr\/wp-json\/wp\/v2\/types\/post"}],"author":[{"embeddable":true,"href":"https:\/\/www.europesays.com\/fr\/wp-json\/wp\/v2\/users\/2"}],"replies":[{"embeddable":true,"href":"https:\/\/www.europesays.com\/fr\/wp-json\/wp\/v2\/comments?post=372941"}],"version-history":[{"count":0,"href":"https:\/\/www.europesays.com\/fr\/wp-json\/wp\/v2\/posts\/372941\/revisions"}],"wp:featuredmedia":[{"embeddable":true,"href":"https:\/\/www.europesays.com\/fr\/wp-json\/wp\/v2\/media\/372942"}],"wp:attachment":[{"href":"https:\/\/www.europesays.com\/fr\/wp-json\/wp\/v2\/media?parent=372941"}],"wp:term":[{"taxonomy":"category","embeddable":true,"href":"https:\/\/www.europesays.com\/fr\/wp-json\/wp\/v2\/categories?post=372941"},{"taxonomy":"post_tag","embeddable":true,"href":"https:\/\/www.europesays.com\/fr\/wp-json\/wp\/v2\/tags?post=372941"}],"curies":[{"name":"wp","href":"https:\/\/api.w.org\/{rel}","templated":true}]}}