{"id":372945,"date":"2025-09-07T12:30:12","date_gmt":"2025-09-07T12:30:12","guid":{"rendered":"https:\/\/www.europesays.com\/fr\/372945\/"},"modified":"2025-09-07T12:30:12","modified_gmt":"2025-09-07T12:30:12","slug":"les-sud-coreens-arretes-lors-dun-raid-dans-une-usine-vont-bientot-etre-relaches-selon-seoul","status":"publish","type":"post","link":"https:\/\/www.europesays.com\/fr\/372945\/","title":{"rendered":"les Sud-Cor\u00e9ens arr\u00eat\u00e9s lors d\u2019un raid dans une usine vont bient\u00f4t \u00eatre rel\u00e2ch\u00e9s selon S\u00e9oul"},"content":{"rendered":"<p>La police de l\u2019immigration am\u00e9ricaine a annonc\u00e9 vendredi avoir men\u00e9 un raid dans une usine de fabrication de batteries pour automobiles des groupes sud-cor\u00e9ens Hyundai et LG Energy Solution \u00e0 Ellabell, dans l\u2019\u00c9tat de G\u00e9orgie.<\/p>\n<p class=\"fig-paragraph\">Les\u00a0<a href=\"http:\/\/www.lefigaro.fr\/international\/etats-unis-des-centaines-de-sud-coreens-arretes-lors-d-un-raid-dans-une-usin-20250905\" target=\"_blank\" data-fig-type=\"NewsFlash\" rel=\"noopener nofollow\" data-gtm-custom-categorie=\"navigation\" data-gtm-custom-action=\"crossclick\" data-gtm-custom-label=\"Contextuel\" data-gtm-event=\"customEventSPE\" data-fig-domain=\"LEFIGARO\">plus de 300 Sud-Cor\u00e9ens arr\u00eat\u00e9s jeudi dans une usine aux \u00c9tats-Unis<\/a>\u00a0par la police de l&rsquo;immigration vont bient\u00f4t \u00eatre lib\u00e9r\u00e9s et rapatri\u00e9s dans leur pays, a annonc\u00e9 dimanche 7 septembre S\u00e9oul. \u00abGr\u00e2ce \u00e0 la r\u00e9ponse rapide et unie&#8230; les n\u00e9gociations pour la lib\u00e9ration des travailleurs arr\u00eat\u00e9s ont \u00e9t\u00e9 conclues\u00bb, a d\u00e9clar\u00e9 dimanche Kang Hoon-sik, chef de cabinet du pr\u00e9sident Lee Jae Myung. \u00abIl ne reste plus que les proc\u00e9dures administratives. Une fois celles-ci termin\u00e9es, un vol charter d\u00e9collera pour rapatrier nos ressortissants\u00bb, a-t-il ajout\u00e9. Samedi, S\u00e9oul avait estim\u00e9 leur nombre \u00e0 \u00abplus de 300\u00bb.<\/p>\n<p class=\"fig-paragraph\">La police de l&rsquo;immigration am\u00e9ricaine a annonc\u00e9 vendredi avoir men\u00e9 jeudi un raid dans une usine de fabrication de batteries pour automobiles des groupes sud-cor\u00e9ens Hyundai et LG Energy Solution \u00e0 Ellabell, dans l&rsquo;\u00c9tat de G\u00e9orgie (sud-est). Les personnes interpell\u00e9es sont soup\u00e7onn\u00e9es de travailler ill\u00e9galement aux \u00c9tats-Unis.<\/p>\n<p>                                    <a class=\"fig-a11y-skip a11y-hidden\" href=\"#fig-a11y-skip-main-inarticle\"><br \/>\n        Passer la publicit\u00e9<br \/>\n    <\/a><\/p>\n<p>Cha\u00eenes aux chevilles<\/p>\n<p class=\"fig-paragraph\">Il s&rsquo;agit de l&rsquo;op\u00e9ration la plus importante jamais men\u00e9e sur un seul site dans le cadre de la campagne d&rsquo;expulsion d&rsquo;immigr\u00e9s entreprise par le\u00a0<a href=\"http:\/\/www.lefigaro.fr\/conjoncture\/pourquoi-une-prise-de-controle-de-la-fed-par-donald-trump-fait-elle-aussi-peur-aux-economistes-20250904\" target=\"_blank\" data-fig-type=\"Article\" rel=\"noopener nofollow\" data-gtm-custom-categorie=\"navigation\" data-gtm-custom-action=\"crossclick\" data-gtm-custom-label=\"Contextuel\" data-gtm-event=\"customEventSPE\" data-fig-domain=\"LEFIGARO\">pr\u00e9sident am\u00e9ricain Donald Trump<\/a>. 475 personnes au total ont \u00e9t\u00e9 arr\u00eat\u00e9es dans l&rsquo;usine.<\/p>\n<p class=\"fig-paragraph\">\u00abOn leur donne \u00e0 manger et on leur permet de prendre une douche, mais les conditions (de r\u00e9tention NDLR) sont mauvaises\u00bb, a depuis affirm\u00e9 \u00e0 l&rsquo;agence de presse sud-cor\u00e9enne Yonhap un responsable d&rsquo;un sous-traitant de LG Energy Solution, qui s&rsquo;est entretenu avec l&rsquo;un des travailleurs arr\u00eat\u00e9s. Selon lui, ils ne sont pas menott\u00e9s. Des images du raid, diffus\u00e9es par les autorit\u00e9s am\u00e9ricaines, ont montr\u00e9 des employ\u00e9s arr\u00eat\u00e9s, menott\u00e9s et avec des cha\u00eenes aux chevilles, en train d&#8217;embarquer dans un bus de transport priv\u00e9.<\/p>\n<p class=\"fig-paragraph\">Un cadre sup\u00e9rieur de LG Energy Solution s&rsquo;est envol\u00e9 dimanche pour la G\u00e9orgie. \u00abLa priorit\u00e9 imm\u00e9diate est la lib\u00e9ration rapide de nos employ\u00e9s LG Energy Solution et de ceux de nos entreprises partenaires\u00bb, a d\u00e9clar\u00e9 Kim Ki-soo aux journalistes avant de monter \u00e0 bord de l&rsquo;avion.<\/p>\n<p>350 milliards d\u2019investissement<\/p>\n<p class=\"fig-paragraph\">Environ 250 des personnes arr\u00eat\u00e9es seraient des employ\u00e9s de sous-traitants de LG Energy Solution, et Sud-Cor\u00e9ens pour la plupart, avait indiqu\u00e9 samedi l&rsquo;entreprise. Et 47 (46 Sud-Cor\u00e9ens et un Indon\u00e9sien), sont des salari\u00e9s directs de LG, selon l&rsquo;entreprise. Vendredi, Hyundai avait dit penser qu&rsquo;aucune des personnes arr\u00eat\u00e9es n&rsquo;\u00e9tait \u00abdirectement employ\u00e9e\u00bb par le groupe.<\/p>\n<p class=\"fig-paragraph\">Quatri\u00e8me \u00e9conomie d&rsquo;Asie, la Cor\u00e9e du Sud est un important constructeur automobile et producteur de mat\u00e9riel \u00e9lectronique avec de nombreuses usines aux \u00c9tats-Unis. En juillet, S\u00e9oul avait promis d&rsquo;investir 350 milliards de dollars aux \u00c9tats-Unis, \u00e0 la suite des menaces sur les droits de douane de Donald Trump.<\/p>\n","protected":false},"excerpt":{"rendered":"La police de l\u2019immigration am\u00e9ricaine a annonc\u00e9 vendredi avoir men\u00e9 un raid dans une usine de fabrication de&hellip;\n","protected":false},"author":2,"featured_media":372946,"comment_status":"","ping_status":"","sticky":false,"template":"","format":"standard","meta":{"footnotes":""},"categories":[1589],"tags":[11,5640,73,1866,12,1864,1865,1863,308],"class_list":{"0":"post-372945","1":"post","2":"type-post","3":"status-publish","4":"format-standard","5":"has-post-thumbnail","7":"category-etats-unis","8":"tag-actualites","9":"tag-coree-du-sud","10":"tag-etats-unis","11":"tag-etats-unis-damerique","12":"tag-news","13":"tag-united-states","14":"tag-united-states-of-america","15":"tag-us","16":"tag-usa"},"share_on_mastodon":{"url":"https:\/\/pubeurope.com\/@fr\/115163026112421106","error":""},"_links":{"self":[{"href":"https:\/\/www.europesays.com\/fr\/wp-json\/wp\/v2\/posts\/372945","targetHints":{"allow":["GET"]}}],"collection":[{"href":"https:\/\/www.europesays.com\/fr\/wp-json\/wp\/v2\/posts"}],"about":[{"href":"https:\/\/www.europesays.com\/fr\/wp-json\/wp\/v2\/types\/post"}],"author":[{"embeddable":true,"href":"https:\/\/www.europesays.com\/fr\/wp-json\/wp\/v2\/users\/2"}],"replies":[{"embeddable":true,"href":"https:\/\/www.europesays.com\/fr\/wp-json\/wp\/v2\/comments?post=372945"}],"version-history":[{"count":0,"href":"https:\/\/www.europesays.com\/fr\/wp-json\/wp\/v2\/posts\/372945\/revisions"}],"wp:featuredmedia":[{"embeddable":true,"href":"https:\/\/www.europesays.com\/fr\/wp-json\/wp\/v2\/media\/372946"}],"wp:attachment":[{"href":"https:\/\/www.europesays.com\/fr\/wp-json\/wp\/v2\/media?parent=372945"}],"wp:term":[{"taxonomy":"category","embeddable":true,"href":"https:\/\/www.europesays.com\/fr\/wp-json\/wp\/v2\/categories?post=372945"},{"taxonomy":"post_tag","embeddable":true,"href":"https:\/\/www.europesays.com\/fr\/wp-json\/wp\/v2\/tags?post=372945"}],"curies":[{"name":"wp","href":"https:\/\/api.w.org\/{rel}","templated":true}]}}