{"id":372947,"date":"2025-09-07T12:31:09","date_gmt":"2025-09-07T12:31:09","guid":{"rendered":"https:\/\/www.europesays.com\/fr\/372947\/"},"modified":"2025-09-07T12:31:09","modified_gmt":"2025-09-07T12:31:09","slug":"le-metro-londonien-en-greve-une-premiere-depuis-2023","status":"publish","type":"post","link":"https:\/\/www.europesays.com\/fr\/372947\/","title":{"rendered":"Le m\u00e9tro londonien en gr\u00e8ve, une premi\u00e8re depuis 2023"},"content":{"rendered":"<p>\t\t\tLes employ\u00e9s du m\u00e9tro londonien ont entam\u00e9, dimanche, une gr\u00e8ve de cinq jours pour contester leurs salaires et conditions de travail.<\/p>\n<p style=\"text-align: justify;\">Les membres du syndicat Rail, Maritime and Transport (RMT) m\u00e8nent une action tournante sur les questions salariales et de \u00ab\u00a0gestion de la fatigue\u00a0\u00bb, r\u00e9clamant une r\u00e9duction du volume horaire de travail hebdomadaire \u00e0 32 heures.<\/p>\n<p style=\"text-align: justify;\">Selon Transport for London (TfL), organisme public responsable des transports en commun de la ville, un service limit\u00e9 sera assur\u00e9 jusqu\u2019\u00e0 18h00 dimanche, mais il n\u2019y aura que peu ou pas de circulation entre lundi et jeudi.<\/p>\n<p style=\"text-align: justify;\"><strong><a style=\"color: #008000;\" href=\"https:\/\/maroc-diplomatique.net\/chine-le-metro-de-shanghai-passe-entierement-a-la-5g\/\" target=\"_blank\" rel=\"noopener\">Lire aussi: Chine: Le m\u00e9tro de Shanghai passe enti\u00e8rement \u00e0 la 5G<\/a><\/strong><\/p>\n<p style=\"text-align: justify;\">Dimanche, les rames en fonctionnement s\u2019arr\u00eateront plus t\u00f4t que d\u2019habitude, et vendredi prochain le r\u00e9seau n\u2019ouvrira qu\u2019\u00e0 08h00.<\/p>\n<p style=\"text-align: justify;\">Estimant qu\u2019une r\u00e9duction de la semaine contractuelle de 35 heures \u00ab\u00a0n\u2019est ni pratique ni abordable\u00a0\u00bb, TfL a propos\u00e9 une hausse salariale de 3,4 % et se dit pr\u00eat \u00e0 poursuivre les discussions avec les syndicats.<\/p>\n<p style=\"text-align: justify;\">La capitale britannique se pr\u00e9pare ainsi \u00e0 plusieurs jours de fortes perturbations, sauf annulation des gr\u00e8ves par le RMT, a averti l\u2019organisme de gestion des transports.<\/p>\n<p style=\"text-align: justify;\">Par ailleurs, une autre gr\u00e8ve est pr\u00e9vue mardi et jeudi sur le Docklands Light Railway (DLR), entrainant l\u2019interruption compl\u00e8te du service ces jours-l\u00e0.<\/p>\n<p style=\"text-align: justify;\">Le m\u00e9tro londonien, qui a enregistr\u00e9 1,22 milliard de trajets sur l\u2019ann\u00e9e \u00e9coul\u00e9e jusqu\u2019en mars, n\u2019avait pas connu de gr\u00e8ve paralysant totalement le r\u00e9seau depuis mars 2023.<\/p>\n<p style=\"text-align: justify;\">L\u2019an dernier, le maire de Londres avait d\u00e9j\u00e0 d\u00fb d\u00e9bloquer 30 millions de livres sterling de la Greater London Authority pour \u00e9viter in extremis un mouvement social similaire.<\/p>\n<p style=\"text-align: justify;\">Avec MAP<\/p>\n","protected":false},"excerpt":{"rendered":"Les employ\u00e9s du m\u00e9tro londonien ont entam\u00e9, dimanche, une gr\u00e8ve de cinq jours pour contester leurs salaires et&hellip;\n","protected":false},"author":2,"featured_media":372948,"comment_status":"","ping_status":"","sticky":false,"template":"","format":"standard","meta":{"footnotes":""},"categories":[1588],"tags":[11,1777,674,6151,4534,4047,12,473,1853,1851,1850,1852],"class_list":{"0":"post-372947","1":"post","2":"type-post","3":"status-publish","4":"format-standard","5":"has-post-thumbnail","7":"category-royaume-uni","8":"tag-actualites","9":"tag-eu","10":"tag-europe","11":"tag-greve","12":"tag-londres","13":"tag-metro","14":"tag-news","15":"tag-royaume-uni","16":"tag-royaume-uni-de-grande-bretagne-et-dirlande-du-nord","17":"tag-uk","18":"tag-united-kingdom","19":"tag-united-kingdom-of-great-britain-and-northern-ireland"},"share_on_mastodon":{"url":"https:\/\/pubeurope.com\/@fr\/115163030195274076","error":""},"_links":{"self":[{"href":"https:\/\/www.europesays.com\/fr\/wp-json\/wp\/v2\/posts\/372947","targetHints":{"allow":["GET"]}}],"collection":[{"href":"https:\/\/www.europesays.com\/fr\/wp-json\/wp\/v2\/posts"}],"about":[{"href":"https:\/\/www.europesays.com\/fr\/wp-json\/wp\/v2\/types\/post"}],"author":[{"embeddable":true,"href":"https:\/\/www.europesays.com\/fr\/wp-json\/wp\/v2\/users\/2"}],"replies":[{"embeddable":true,"href":"https:\/\/www.europesays.com\/fr\/wp-json\/wp\/v2\/comments?post=372947"}],"version-history":[{"count":0,"href":"https:\/\/www.europesays.com\/fr\/wp-json\/wp\/v2\/posts\/372947\/revisions"}],"wp:featuredmedia":[{"embeddable":true,"href":"https:\/\/www.europesays.com\/fr\/wp-json\/wp\/v2\/media\/372948"}],"wp:attachment":[{"href":"https:\/\/www.europesays.com\/fr\/wp-json\/wp\/v2\/media?parent=372947"}],"wp:term":[{"taxonomy":"category","embeddable":true,"href":"https:\/\/www.europesays.com\/fr\/wp-json\/wp\/v2\/categories?post=372947"},{"taxonomy":"post_tag","embeddable":true,"href":"https:\/\/www.europesays.com\/fr\/wp-json\/wp\/v2\/tags?post=372947"}],"curies":[{"name":"wp","href":"https:\/\/api.w.org\/{rel}","templated":true}]}}