{"id":372951,"date":"2025-09-07T12:33:16","date_gmt":"2025-09-07T12:33:16","guid":{"rendered":"https:\/\/www.europesays.com\/fr\/372951\/"},"modified":"2025-09-07T12:33:16","modified_gmt":"2025-09-07T12:33:16","slug":"les-bleus-sarretent-en-quarts-de-finale","status":"publish","type":"post","link":"https:\/\/www.europesays.com\/fr\/372951\/","title":{"rendered":"les Bleus s\u2019arr\u00eatent en quarts de finale"},"content":{"rendered":"<p>Oppos\u00e9s \u00e0 la Lituanie, les tricolores sont \u00e9limin\u00e9s de la Coupe d\u2019Europe masculine de basket 3&#215;3.<\/p>\n<p class=\"fig-paragraph\">Apr\u00e8s leur succ\u00e8s arrach\u00e9 de justesse hier soir face \u00e0 l\u2019Allemagne (21-20), les Fran\u00e7ais affrontaient, cet apr\u00e8s-midi la Lituanie. \u00c0 Copenhague, les Bleus n\u2019ont pas r\u00e9ussi \u00e0 se hisser jusqu\u2019au dernier carr\u00e9, battus en quart de finale (17-21). De leur c\u00f4t\u00e9, leurs homologues f\u00e9minines joueront leur demi-finale face Pays-Bas \u00e0 15h.<\/p>\n","protected":false},"excerpt":{"rendered":"Oppos\u00e9s \u00e0 la Lituanie, les tricolores sont \u00e9limin\u00e9s de la Coupe d\u2019Europe masculine de basket 3&#215;3. Apr\u00e8s leur&hellip;\n","protected":false},"author":2,"featured_media":372952,"comment_status":"","ping_status":"","sticky":false,"template":"","format":"standard","meta":{"footnotes":""},"categories":[1586],"tags":[11,1791,1777,674,1011,27,12,25],"class_list":{"0":"post-372951","1":"post","2":"type-post","3":"status-publish","4":"format-standard","5":"has-post-thumbnail","7":"category-europe","8":"tag-actualites","9":"tag-basket-ball","10":"tag-eu","11":"tag-europe","12":"tag-fr","13":"tag-france","14":"tag-news","15":"tag-republique-francaise"},"share_on_mastodon":{"url":"https:\/\/pubeurope.com\/@fr\/115163037986455744","error":""},"_links":{"self":[{"href":"https:\/\/www.europesays.com\/fr\/wp-json\/wp\/v2\/posts\/372951","targetHints":{"allow":["GET"]}}],"collection":[{"href":"https:\/\/www.europesays.com\/fr\/wp-json\/wp\/v2\/posts"}],"about":[{"href":"https:\/\/www.europesays.com\/fr\/wp-json\/wp\/v2\/types\/post"}],"author":[{"embeddable":true,"href":"https:\/\/www.europesays.com\/fr\/wp-json\/wp\/v2\/users\/2"}],"replies":[{"embeddable":true,"href":"https:\/\/www.europesays.com\/fr\/wp-json\/wp\/v2\/comments?post=372951"}],"version-history":[{"count":0,"href":"https:\/\/www.europesays.com\/fr\/wp-json\/wp\/v2\/posts\/372951\/revisions"}],"wp:featuredmedia":[{"embeddable":true,"href":"https:\/\/www.europesays.com\/fr\/wp-json\/wp\/v2\/media\/372952"}],"wp:attachment":[{"href":"https:\/\/www.europesays.com\/fr\/wp-json\/wp\/v2\/media?parent=372951"}],"wp:term":[{"taxonomy":"category","embeddable":true,"href":"https:\/\/www.europesays.com\/fr\/wp-json\/wp\/v2\/categories?post=372951"},{"taxonomy":"post_tag","embeddable":true,"href":"https:\/\/www.europesays.com\/fr\/wp-json\/wp\/v2\/tags?post=372951"}],"curies":[{"name":"wp","href":"https:\/\/api.w.org\/{rel}","templated":true}]}}