{"id":372953,"date":"2025-09-07T12:34:10","date_gmt":"2025-09-07T12:34:10","guid":{"rendered":"https:\/\/www.europesays.com\/fr\/372953\/"},"modified":"2025-09-07T12:34:10","modified_gmt":"2025-09-07T12:34:10","slug":"julien-bee-il-y-a-eu-des-joueurs-qui-je-trouve-commencent-a-vraiment-prendre-la-mesure-de-ce-club-et-de-ce-quils-doivent-apporter-au-club","status":"publish","type":"post","link":"https:\/\/www.europesays.com\/fr\/372953\/","title":{"rendered":"Julien B\u00e9e : \u00ab\u00a0Il y a eu des joueurs qui, je trouve, commencent \u00e0 vraiment prendre la mesure de ce club et de ce qu\u2019ils doivent apporter au club\u00a0\u00bb"},"content":{"rendered":"<p><img width=\"773\" height=\"380\" data-lazy-type=\"image\" src=\"https:\/\/www.europesays.com\/fr\/wp-content\/uploads\/2025\/09\/bandicam-2025-09-06-19-39-43-120-773x380.jpg\" class=\"lazy lazy-hidden attachment-alchemists_thumbnail-lg size-alchemists_thumbnail-lg wp-post-image\" alt=\"\" decoding=\"async\" fetchpriority=\"high\"\/><\/p>\n<p style=\"text-align: justify;\">Apr\u00e8s la rencontre entre<br \/>\nles\u00a0<strong>Girondins de Bordeaux<\/strong> et<br \/>\nl\u2019<strong>Olympique Saumur<\/strong> <strong>(2-1)<\/strong><b>,<br \/>\nJulien B\u00e9e,<\/b> journaliste et commentateur sur <a href=\"https:\/\/www.facebook.com\/foreverlaradio\" rel=\"nofollow noopener\" target=\"_blank\">ForEver<\/a>, a fait un<br \/>\npoint sur cette rencontre.<\/p>\n<blockquote>\n<p style=\"text-align: center;\">\u201cLes<br \/>\nGirondins se sont impos\u00e9s face au club de Saumur. \u00c7a a \u00e9t\u00e9<br \/>\ndifficile, \u00e7a n\u2019a pas \u00e9t\u00e9 si simple que \u00e7a, m\u00eame si Bordeaux a eu<br \/>\n\u00e9norm\u00e9ment d\u2019occasions et \u00e7a a d\u2019ailleurs un petit peu \u00e9nerv\u00e9 le<br \/>\ncoach Bruno Irles. On va dire que les Girondins s\u2019imposent<br \/>\nlogiquement, Saumur a quand m\u00eame fait une partie et n\u2019est pas venu<br \/>\npour fermer le jeu. Cette \u00e9quipe de Saumur est venue pour jouer et<br \/>\nles Girondins de Bordeaux ont plut\u00f4t bien jou\u00e9 je trouve, malgr\u00e9<br \/>\nune pelouse encore compliqu\u00e9e. C\u2019est plut\u00f4t positif, on commence \u00e0<br \/>\nvoir des d\u00e9doublements de passes, on commence \u00e0 voir une \u00e9quipe qui<br \/>\nma\u00eetrise un petit peu plus son sujet. Il y a peut-\u00eatre eu des<br \/>\njoueurs en-dessous c\u2019est vrai, mais il y a eu des joueurs qui, je<br \/>\ntrouve, commencent \u00e0 vraiment prendre la mesure de ce club et de ce<br \/>\nqu\u2019ils doivent apporter au club. Donc il y a des combattants et<br \/>\npuis il y a des joueurs qui ont vraiment apport\u00e9. Royce Openda a<br \/>\n\u00e9t\u00e9 tr\u00e8s bon sur son c\u00f4t\u00e9 droit, il a peut-\u00eatre un peu mang\u00e9 la<br \/>\nfeuille par ci, par l\u00e0, mais c\u2019est vrai qu\u2019il a \u00e9t\u00e9 plut\u00f4t bon m\u00eame<br \/>\ns\u2019il sort bless\u00e9. Apparemment Bruno Irles s\u2019attend \u00e0 quelques<br \/>\nsemaines d\u2019indisponibilit\u00e9s pour Royce Openda, c\u2019est peut-\u00eatre la<br \/>\nmauvaise nouvelle du soir. Sinon il faut dire qu\u2019il se sont battus,<br \/>\nil y a le but extraordinaire d\u2019Abou Ba, qui a permis \u00e0 cette \u00e9quipe<br \/>\nd\u2019aller chercher ce deuxi\u00e8me but et de remporter un match<br \/>\ntotalement m\u00e9rit\u00e9 pour les Girondins de Bordeaux.\u201d<\/p>\n<\/blockquote>\n<p style=\"text-align: right;\"><strong>Retranscription Girondins4Ever<\/strong><\/p>\n<p>\u00a0<\/p>\n","protected":false},"excerpt":{"rendered":"Apr\u00e8s la rencontre entre les\u00a0Girondins de Bordeaux et l\u2019Olympique Saumur (2-1), Julien B\u00e9e, journaliste et commentateur sur ForEver,&hellip;\n","protected":false},"author":2,"featured_media":372954,"comment_status":"","ping_status":"","sticky":false,"template":"","format":"standard","meta":{"footnotes":""},"categories":[1586],"tags":[11,1777,674,1779,1011,27,12,25,1778,364],"class_list":{"0":"post-372953","1":"post","2":"type-post","3":"status-publish","4":"format-standard","5":"has-post-thumbnail","7":"category-europe","8":"tag-actualites","9":"tag-eu","10":"tag-europe","11":"tag-european-union","12":"tag-fr","13":"tag-france","14":"tag-news","15":"tag-republique-francaise","16":"tag-ue","17":"tag-union-europeenne"},"share_on_mastodon":{"url":"https:\/\/pubeurope.com\/@fr\/115163041974202827","error":""},"_links":{"self":[{"href":"https:\/\/www.europesays.com\/fr\/wp-json\/wp\/v2\/posts\/372953","targetHints":{"allow":["GET"]}}],"collection":[{"href":"https:\/\/www.europesays.com\/fr\/wp-json\/wp\/v2\/posts"}],"about":[{"href":"https:\/\/www.europesays.com\/fr\/wp-json\/wp\/v2\/types\/post"}],"author":[{"embeddable":true,"href":"https:\/\/www.europesays.com\/fr\/wp-json\/wp\/v2\/users\/2"}],"replies":[{"embeddable":true,"href":"https:\/\/www.europesays.com\/fr\/wp-json\/wp\/v2\/comments?post=372953"}],"version-history":[{"count":0,"href":"https:\/\/www.europesays.com\/fr\/wp-json\/wp\/v2\/posts\/372953\/revisions"}],"wp:featuredmedia":[{"embeddable":true,"href":"https:\/\/www.europesays.com\/fr\/wp-json\/wp\/v2\/media\/372954"}],"wp:attachment":[{"href":"https:\/\/www.europesays.com\/fr\/wp-json\/wp\/v2\/media?parent=372953"}],"wp:term":[{"taxonomy":"category","embeddable":true,"href":"https:\/\/www.europesays.com\/fr\/wp-json\/wp\/v2\/categories?post=372953"},{"taxonomy":"post_tag","embeddable":true,"href":"https:\/\/www.europesays.com\/fr\/wp-json\/wp\/v2\/tags?post=372953"}],"curies":[{"name":"wp","href":"https:\/\/api.w.org\/{rel}","templated":true}]}}