{"id":372955,"date":"2025-09-07T12:35:11","date_gmt":"2025-09-07T12:35:11","guid":{"rendered":"https:\/\/www.europesays.com\/fr\/372955\/"},"modified":"2025-09-07T12:35:11","modified_gmt":"2025-09-07T12:35:11","slug":"dijon-un-jeune-homme-de-23-ans-meurt-dans-une-fusillade-en-plein-centre-ville","status":"publish","type":"post","link":"https:\/\/www.europesays.com\/fr\/372955\/","title":{"rendered":"Dijon\u00a0: un jeune homme de 23 ans meurt dans une fusillade en plein centre-ville"},"content":{"rendered":"<p>Un homme de 23 ans est mort dans une fusillade en plein centre-ville \u00e0 Dijon, dans la nuit de ce samedi 6 \u00e0 dimanche 7 septembre. La victime et son passager circulaient \u00e0 bord d&rsquo;un quad quand ils ont \u00e9t\u00e9 vis\u00e9s par des tirs. Ils sont originaires de Sa\u00f4ne-et-Loire. <\/p>\n<p>Une fusillade a \u00e9clat\u00e9 en plein centre-ville de Dijon, place de la R\u00e9publique, dans la nuit de samedi 6 \u00e0 dimanche 7 septembre. Un jeune homme de 23 ans a \u00e9t\u00e9 tu\u00e9, un autre a \u00e9t\u00e9 bless\u00e9, nous confirme le procureur de la R\u00e9publique. Les deux victimes sont originaires de Sa\u00f4ne-et-Loire. La fusillade s&rsquo;est d\u00e9roul\u00e9e au niveau du boulevard Thiers. Il a \u00e9t\u00e9 ferm\u00e9 une bonne partie de la nuit.<\/p>\n<p>L&rsquo;hypoth\u00e8se d&rsquo;un r\u00e8glement de comptes<\/p>\n<p>Vers 0h30, la victime et un passager circulaient \u00e0 bord d&rsquo;un quad <strong>quand ils ont \u00e9t\u00e9 vis\u00e9s par des tirs, et touch\u00e9s \u00e0 la t\u00eate et au visage.<\/strong>\u00a0Le conducteur est d\u00e9c\u00e9d\u00e9 et le passager a \u00e9t\u00e9 gravement bless\u00e9. \u00c2g\u00e9 de 26 ans, il a \u00e9t\u00e9 transport\u00e9 au Centre hospitalier de Dijon en urgence absolue. <strong>Un des deux jeunes \u00e9tait connu de la justice pour trafic de stup\u00e9fiants.<\/strong> \u00ab\u00a0On\u00a0ne peut pas faire autrement que de faire un lien\u00a0\u00bb, explique le procureur de la R\u00e9publique, Olivier Caracotch, lors d&rsquo;une conf\u00e9rence de presse tenue ce dimanche matin. \u00ab\u00a0Mais ce serait dangereux d&rsquo;\u00e9carter d&rsquo;autres pistes\u00a0\u00bb, ajoute-t-il.<\/p>\n<p>\u00ab\u00a0C&rsquo;est insupportable, j&rsquo;en appelle \u00e0 l&rsquo;\u00c9tat\u00a0\u00bb<\/p>\n<p>Une enqu\u00eate est en cours. Les nombreuses cam\u00e9ras de vid\u00e9osurveillance install\u00e9es \u00e0 proximit\u00e9 des lieux vont \u00eatre exploit\u00e9es. Sur place, <strong>des \u00e9tuis de munition ont aussi \u00e9t\u00e9 retrouv\u00e9s.<\/strong> Le pr\u00e9fet de C\u00f4te-d&rsquo;Or, Paul Mourier, d\u00e9nonce des faits extr\u00eamement graves, puisque la fusillade s&rsquo;est d\u00e9roul\u00e9e place de la R\u00e9publique, <strong>un endroit tr\u00e8s fr\u00e9quent\u00e9 le samedi soir, notamment par les jeunes.<\/strong>\u00a0Paul Mourier annonce le <strong>d\u00e9ploiement de la compagnie de CRS 8<\/strong> d\u00e8s ce dimanche soir.\u00a0Cette unit\u00e9 est\u00a0d\u00e9j\u00e0 venue \u00e0 plusieurs reprises dans la m\u00e9tropole de Dijon apr\u00e8s des \u00e9v\u00e9nements li\u00e9s au trafic de stup\u00e9fiants. \u00ab\u00a0C&rsquo;est insupportable, je suis en col\u00e8re. J&rsquo;en appelle \u00e0 l&rsquo;\u00c9tat, il\u00a0faut \u00e9radiquer ce fl\u00e9au du narcotrafic\u00a0\u00bb, d\u00e9clare de son c\u00f4t\u00e9 la maire de Dijon,\u00a0Nathalie Koenders.<\/p>\n<p><img loading=\"lazy\" decoding=\"async\" class=\"VisualPreview svelte-1rldrkz\" src=\"data:image\/jpeg;base64,\/9j\/2wBDACgcHiMeGSgjISMtKygwPGRBPDc3PHtYXUlkkYCZlo+AjIqgtObDoKrarYqMyP\/L2u71\/\/\/\/m8H\/\/\/\/6\/+b9\/\/j\/2wBDASstLTw1PHZBQXb4pYyl+Pj4+Pj4+Pj4+Pj4+Pj4+Pj4+Pj4+Pj4+Pj4+Pj4+Pj4+Pj4+Pj4+Pj4+Pj4+Pj4+Pj\/wAARCAASACoDASIAAhEBAxEB\/8QAGAAAAwEBAAAAAAAAAAAAAAAAAAIEAwH\/xAAXEAEBAQEAAAAAAAAAAAAAAAAAAQIS\/8QAFQEBAQAAAAAAAAAAAAAAAAAAAgH\/xAAWEQEBAQAAAAAAAAAAAAAAAAAAARH\/2gAMAwEAAhEDEQA\/AN7svbG7Ldgajt2bTdmmiFVNO9J5o3S4mpqWgBDENkA4NaZMAov\/2Q==\" alt=\"Le pr\u00e9fet de C\u00f4te d'Or, la maire de Dijon et le procureur de la r\u00e9publique ont tenu un point presse apr\u00e8s la fusillade qui a \u00e9clat\u00e9 en centre-ville de Dijon.\" width=\"600\" height=\"270\"\/>  Le pr\u00e9fet de C\u00f4te d&rsquo;Or, la maire de Dijon et le procureur de la r\u00e9publique ont tenu un point presse apr\u00e8s la fusillade qui a \u00e9clat\u00e9 en centre-ville de Dijon. \u00a9 Radio France &#8211; Anne Oger\u00a0\u00bbIl\u00a0y a eu des cris, des bruits assez forts\u00a0\u00bb<\/p>\n<p>Fabrice, un touriste lyonnais qui d\u00e9couvre Dijon durant le week-end, avait lou\u00e9 un appartement non loin. Il est rest\u00e9 en s\u00e9curit\u00e9, mais a jet\u00e9 un coup d&rsquo;\u0153il dehors lorsqu&rsquo;il a entendu les coups de feux. \u00ab\u00a0Il\u00a0y a eu des cris, des bruits assez forts et puis on a entendu une sorte de coup de pistolet, de coups de feu, peut-\u00eatre deux ou trois. On n&rsquo;\u00e9tait pas s\u00fbrs, on croyait que c&rsquo;\u00e9taient des bruits de voiture. La police est arriv\u00e9e, il y avait beaucoup de monde.\u00a0\u00bb<\/p>\n<p>loading<\/p>\n<p>C&rsquo;est la\u00a0<strong>deuxi\u00e8me fusillade mortelle<\/strong>\u00a0en quelques jours dans la r\u00e9gion de Dijon. Jeudi 4 septembre, une <a class=\"IciLink ici-link IciArticleLink g-ici-body-regular-1 underline brand svelte-lu7k6w\" href=\"https:\/\/www.francebleu.fr\/infos\/faits-divers-justice\/fusillade-a-marsannay-la-cote-l-homme-vise-par-les-tirs-est-decede-2999291\" rel=\"nofollow noopener\" target=\"_blank\">fusillade a eu lieu \u00e0 Marsannay-la-C\u00f4te<\/a>. Une personne est d\u00e9c\u00e9d\u00e9e.<\/p>\n<p><img loading=\"lazy\" decoding=\"async\" class=\"VisualPreview svelte-1rldrkz\" src=\"data:image\/jpeg;base64,\/9j\/2wBDACgcHiMeGSgjISMtKygwPGRBPDc3PHtYXUlkkYCZlo+AjIqgtObDoKrarYqMyP\/L2u71\/\/\/\/m8H\/\/\/\/6\/+b9\/\/j\/2wBDASstLTw1PHZBQXb4pYyl+Pj4+Pj4+Pj4+Pj4+Pj4+Pj4+Pj4+Pj4+Pj4+Pj4+Pj4+Pj4+Pj4+Pj4+Pj4+Pj4+Pj\/wAARCAASACoDASIAAhEBAxEB\/8QAGAAAAwEBAAAAAAAAAAAAAAAAAAECAwT\/xAAXEAEBAQEAAAAAAAAAAAAAAAAAAQIR\/8QAFQEBAQAAAAAAAAAAAAAAAAAAAAH\/xAAUEQEAAAAAAAAAAAAAAAAAAAAA\/9oADAMBAAIRAxEAPwDnlXKyy0ioorTKoqaRjgIy0gAKKgARgIP\/2Q==\" alt=\"Une fusillade est survenue en plein centre-ville de Dijon dans la nuit de samedi 6 \u00e0 dimanche 7 septembre 2025. Une personne est morte.\" width=\"600\" height=\"270\"\/>  Une fusillade est survenue en plein centre-ville de Dijon dans la nuit de samedi 6 \u00e0 dimanche 7 septembre 2025. Une personne est morte. \u00a9 Radio France &#8211; Anne Oger <\/p>\n","protected":false},"excerpt":{"rendered":"Un homme de 23 ans est mort dans une fusillade en plein centre-ville \u00e0 Dijon, dans la nuit&hellip;\n","protected":false},"author":2,"featured_media":372956,"comment_status":"","ping_status":"","sticky":false,"template":"","format":"standard","meta":{"footnotes":""},"categories":[2],"tags":[11,1011,27,12,25],"class_list":{"0":"post-372955","1":"post","2":"type-post","3":"status-publish","4":"format-standard","5":"has-post-thumbnail","7":"category-actualites","8":"tag-actualites","9":"tag-fr","10":"tag-france","11":"tag-news","12":"tag-republique-francaise"},"share_on_mastodon":{"url":"https:\/\/pubeurope.com\/@fr\/115163045933703967","error":""},"_links":{"self":[{"href":"https:\/\/www.europesays.com\/fr\/wp-json\/wp\/v2\/posts\/372955","targetHints":{"allow":["GET"]}}],"collection":[{"href":"https:\/\/www.europesays.com\/fr\/wp-json\/wp\/v2\/posts"}],"about":[{"href":"https:\/\/www.europesays.com\/fr\/wp-json\/wp\/v2\/types\/post"}],"author":[{"embeddable":true,"href":"https:\/\/www.europesays.com\/fr\/wp-json\/wp\/v2\/users\/2"}],"replies":[{"embeddable":true,"href":"https:\/\/www.europesays.com\/fr\/wp-json\/wp\/v2\/comments?post=372955"}],"version-history":[{"count":0,"href":"https:\/\/www.europesays.com\/fr\/wp-json\/wp\/v2\/posts\/372955\/revisions"}],"wp:featuredmedia":[{"embeddable":true,"href":"https:\/\/www.europesays.com\/fr\/wp-json\/wp\/v2\/media\/372956"}],"wp:attachment":[{"href":"https:\/\/www.europesays.com\/fr\/wp-json\/wp\/v2\/media?parent=372955"}],"wp:term":[{"taxonomy":"category","embeddable":true,"href":"https:\/\/www.europesays.com\/fr\/wp-json\/wp\/v2\/categories?post=372955"},{"taxonomy":"post_tag","embeddable":true,"href":"https:\/\/www.europesays.com\/fr\/wp-json\/wp\/v2\/tags?post=372955"}],"curies":[{"name":"wp","href":"https:\/\/api.w.org\/{rel}","templated":true}]}}