{"id":372957,"date":"2025-09-07T12:36:11","date_gmt":"2025-09-07T12:36:11","guid":{"rendered":"https:\/\/www.europesays.com\/fr\/372957\/"},"modified":"2025-09-07T12:36:11","modified_gmt":"2025-09-07T12:36:11","slug":"le-psg-denonce-des-blessures-graves-et-evitables-de-dembele-et-doue-et-reclame-un-nouveau-protocole-clubs-fff-lequipe","status":"publish","type":"post","link":"https:\/\/www.europesays.com\/fr\/372957\/","title":{"rendered":"Le PSG d\u00e9nonce des blessures \u00ab graves et \u00e9vitables \u00bb de Demb\u00e9l\u00e9 et Dou\u00e9, et r\u00e9clame un nouveau protocole clubs-FFF &#8211; L&#039;\u00c9quipe"},"content":{"rendered":"<ol>\n<li><a href=\"https:\/\/news.google.com\/rss\/articles\/CBMi-gFBVV95cUxNZGZmVW9zZXZKREtWZFFWdWRGVnFvN1pPeWJRWVFyUWhxQllNZnB6aEJLeENCNUZzWjJmdV84RmxobE1MaEdLX3lvX1hjNDgwdVR3RnBCY0wydDUtM3JRVFJmbmhlYTlfQ3hHOGZMT3BseHVfTUFCQ2RkMjZUa1hoZHNHTXdaSEZZQTRYTUxGcXVDNFpYQnY1QVo5MG9NdXpzb3pSSnNEVzFqeXVkMFI5cTlKU3JIWlBOU2ZZcS1lT2tKU0N0M25IWWdpRlpsa3ZWRzUyNUtZSnY4Rk0tYi1HOEVsZUctb192M1c2RTd0TVNMVjlsUmRMSjFR?oc=5\" target=\"_blank\" rel=\"nofollow noopener\">Le PSG d\u00e9nonce des blessures \u00ab graves et \u00e9vitables \u00bb de Demb\u00e9l\u00e9 et Dou\u00e9, et r\u00e9clame un nouveau protocole clubs-FFF<\/a>&nbsp;&nbsp;L&rsquo;\u00c9quipe<\/li>\n<li><a href=\"https:\/\/news.google.com\/rss\/articles\/CBMitAFBVV95cUxQQzNmck1ZMzN1MVNWVGs5Zmthb3Z2VXV1akpnMGZWMEdFbW1PRkM2eTA4TEUzUHdqYXJHMzdTMjhzbE1SdWZVemE4S3BaRWtmNC1KRFJfSkVBcFZVSEVDTWFuRERlMFVhQm1tOWlGVmxzT0J2ZHJxcVFiZjhwclN2cHZWRjZUX24zVFZGZnd6VTVSOGdfajJsRExWVWhnQThLZVVZOVdvbFoxZnNldmZJck5ORWrSAbMBQVVfeXFMTnRxUTNDRUV4VFpjWFZhbVJWQWw1MUVncG94WmstMTRXVVlsSnBSNzVSNEZtaHRUTi11NVMzZmFpM2R0bmlBTmFwNFBCbzlrWG9OWDgxajVxU2d2bHpieTdrRjNRR3RXQlNrMWlIUGFMZEppaEMtbUxIT1NBV2VGd3RXSkthTTFHLXdYTTV0X0lCbE0yRUVRSTc1bkN0QXNvaGM5SGpzOHk1RDBuSllKaG1MTlE?oc=5\" target=\"_blank\" rel=\"nofollow noopener\">PSG : Comment jouer sans Demb\u00e9l\u00e9 et Dou\u00e9 ?<\/a>&nbsp;&nbsp;Orange Actualit\u00e9s | Sports<\/li>\n<li><a href=\"https:\/\/news.google.com\/rss\/articles\/CBMitAJBVV95cUxPeGJCMmpCTFpoZW9FZ2ZkM0Vlb0YzbmZMZWh0Wkw3YTVMYlJfaEx6T2phV2V0NXRYd2ZGRW9hZnVHQ0dTS1VKd0dqWVRaZVJRRF85cjJSX0FoU2p3bWpBSGRadEtWd3paWEUzcXNtTTYydnNLUEVsc1hNN214V1kzUHlQT1RuYWZNNm1yZ1VhTzJ6TG55empFTkN4bzBMMWhqN3VSQkM1TFdUYXhfcXFESFZTWlZ6dnBNT1VXejluQnp2NGhmRU5SRVd4SW5Wck9NNXRyZlBmdHhZRnJaTlo1OTRyZGc1ckVuOXNBUjdjRGxYcjRoQTRmbk93RjJwc2lBUERsYkZ0WUE2NlI3VXBWU3l6RmUzQS1MMVNzdURlQ3o5dnFPTjNNZm4zUzNodDlneC1yWA?oc=5\" target=\"_blank\" rel=\"nofollow noopener\">\u00c9quipe de France : J\u00e9r\u00f4me Alonzo \u00e9voque une \u00ab\u00a0immense faute\u00a0\u00bb et une \u00ab\u00a0incomp\u00e9tence du staff m\u00e9dical des Bleus\u00a0\u00bb dans la gestion des cas Dou\u00e9 et Demb\u00e9l\u00e9<\/a>&nbsp;&nbsp;France Info<\/li>\n<li><a href=\"https:\/\/news.google.com\/rss\/articles\/CBMijwJBVV95cUxPd0Mwc3lmTXM4aGZPckhjd1AtNVd2cGczRWpOWWRKQTBUbmVXbExmNXFLTmFka3Q2T0xFR0JKZS1BTmJOLWR5ZDlNM1o5MlUtRFBjSHZDZnc5aU5RS1BfekNlNlpUcWFWNm1HRjd1TmIwU0lwc1pMRVZPbGRKWlhnb00tVGhETG00aTFqOUVuTnFvQnJZXy1qVGNHd291YmxHd0RfWWVrSDlMM0k1Um5kU21RYTM3Z1RXdzQtdmNuRnBIS0ZnQ01FNnJWdURlMUF3SGxWcm9vVUNQc2JLakQzNF9kalZZZHhiczFuV29jaGVWdGl5RDNPWU0xQWlVc0t5MTVnbHRrcWI1MXB5VU5V?oc=5\" target=\"_blank\" rel=\"nofollow noopener\">\u00c9quipe de France : Demb\u00e9l\u00e9 absent plusieurs semaines, les dessous d\u2019un fiasco annonc\u00e9<\/a>&nbsp;&nbsp;Le Parisien<\/li>\n<li><a href=\"https:\/\/news.google.com\/rss\/articles\/CBMiyAFBVV95cUxNUFlLREJtdnlzNzBITnJLZlZ0WGNCemNoY0JSSGtxTlF3RDdSQVB2OFpRRlRiZTNzRS1xYnNHcUwtRmFTckt2UnlKSC1CcTI4ZG5VNldxWHRfcl9pZjhENnFZQ3Q3Y294c24tNjJIMHFYMDdWTm9KRGd1MkZ2MXVydTJuaHhodjNSVld3MGg4TUpETkJoMm5PUm5GQ290RmRaU1hRSHBacm1mMks1a0c2UTJZOUVLQThHYUVta0dnZlhVdFZHaWZKSg?oc=5\" target=\"_blank\" rel=\"nofollow noopener\">Didier Deschamps r\u00e9pond s\u00e8chement au PSG sur l\u2019affaire des blessures Demb\u00e9l\u00e9-Dou\u00e9 !<\/a>&nbsp;&nbsp;Foot Mercato<\/li>\n<\/ol>\n","protected":false},"excerpt":{"rendered":"Le PSG d\u00e9nonce des blessures \u00ab graves et \u00e9vitables \u00bb de Demb\u00e9l\u00e9 et Dou\u00e9, et r\u00e9clame un nouveau&hellip;\n","protected":false},"author":2,"featured_media":1445,"comment_status":"","ping_status":"","sticky":false,"template":"","format":"standard","meta":{"footnotes":""},"categories":[2],"tags":[11,1011,27,12,25],"class_list":{"0":"post-372957","1":"post","2":"type-post","3":"status-publish","4":"format-standard","5":"has-post-thumbnail","7":"category-actualites","8":"tag-actualites","9":"tag-fr","10":"tag-france","11":"tag-news","12":"tag-republique-francaise"},"share_on_mastodon":{"url":"https:\/\/pubeurope.com\/@fr\/115163049805643034","error":""},"_links":{"self":[{"href":"https:\/\/www.europesays.com\/fr\/wp-json\/wp\/v2\/posts\/372957","targetHints":{"allow":["GET"]}}],"collection":[{"href":"https:\/\/www.europesays.com\/fr\/wp-json\/wp\/v2\/posts"}],"about":[{"href":"https:\/\/www.europesays.com\/fr\/wp-json\/wp\/v2\/types\/post"}],"author":[{"embeddable":true,"href":"https:\/\/www.europesays.com\/fr\/wp-json\/wp\/v2\/users\/2"}],"replies":[{"embeddable":true,"href":"https:\/\/www.europesays.com\/fr\/wp-json\/wp\/v2\/comments?post=372957"}],"version-history":[{"count":0,"href":"https:\/\/www.europesays.com\/fr\/wp-json\/wp\/v2\/posts\/372957\/revisions"}],"wp:featuredmedia":[{"embeddable":true,"href":"https:\/\/www.europesays.com\/fr\/wp-json\/wp\/v2\/media\/1445"}],"wp:attachment":[{"href":"https:\/\/www.europesays.com\/fr\/wp-json\/wp\/v2\/media?parent=372957"}],"wp:term":[{"taxonomy":"category","embeddable":true,"href":"https:\/\/www.europesays.com\/fr\/wp-json\/wp\/v2\/categories?post=372957"},{"taxonomy":"post_tag","embeddable":true,"href":"https:\/\/www.europesays.com\/fr\/wp-json\/wp\/v2\/tags?post=372957"}],"curies":[{"name":"wp","href":"https:\/\/api.w.org\/{rel}","templated":true}]}}