{"id":372965,"date":"2025-09-07T12:43:11","date_gmt":"2025-09-07T12:43:11","guid":{"rendered":"https:\/\/www.europesays.com\/fr\/372965\/"},"modified":"2025-09-07T12:43:11","modified_gmt":"2025-09-07T12:43:11","slug":"les-problemes-de-bagnaia-ne-sont-pas-exclusivement-techniques-selon-dalligna","status":"publish","type":"post","link":"https:\/\/www.europesays.com\/fr\/372965\/","title":{"rendered":"Les probl\u00e8mes de Bagnaia ne sont pas \u00ab\u00a0exclusivement techniques\u00a0\u00bb selon Dall&rsquo;Igna"},"content":{"rendered":"<p>Les qualificatifs commencent \u00e0 manquer pour d\u00e9crire le chemin de croix de <a href=\"https:\/\/fr.motorsport.com\/driver\/pecco-bagnaia\/109394\/\" target=\"_blank\" rel=\"noopener\">Pecco Bagnaia<\/a> cette saison. Alors qu&rsquo;il esp\u00e9rait avoir trouv\u00e9 la cl\u00e9 \u00e0 ses probl\u00e8mes en Hongrie, le pilote italien a subi un cruel retour \u00e0 la r\u00e9alit\u00e9 \u00e0 Barcelone et traverse un nouveau week-end cauchemardesque au guidon d&rsquo;une Ducati qu&rsquo;il ne comprend plus.<\/p>\n<p>Samedi, alors que <a href=\"https:\/\/fr.motorsport.com\/driver\/marc-marquez\/92646\/\" target=\"_blank\" rel=\"noopener\">Marc M\u00e1rquez<\/a> empochait une \u00e9ni\u00e8me victoire le rapprochant s\u00e9rieusement du titre et que Ducati f\u00eatait d\u00e9j\u00e0 son sacre chez les constructeurs, Bagnaia naviguait en eaux troubles. Pour la deuxi\u00e8me fois de suite, il a manqu\u00e9 la Q2, puis a d\u00e9croch\u00e9 sa seconde plus mauvaise qualification\u00a0\u2013\u00a0en sachant qu&rsquo;il doit la premi\u00e8re \u00e0 une s\u00e9ance \u00e0 laquelle il n&rsquo;avait pas particip\u00e9, en 2022. Au sprint, il a d\u00fb se contenter de la 14e place, gr\u00e2ce en grande partie \u00e0 des chutes survenues devant lui.<\/p>\n<p>Gigi Dall&rsquo;Igna, qui a rencontr\u00e9 la presse pour c\u00e9l\u00e9brer le titre constructeurs de ses troupes, n&rsquo;a pu \u00e9chapper aux questions sur son pilote. Lorsqu&rsquo;il lui a \u00e9t\u00e9 demand\u00e9 si le probl\u00e8me \u00e9tait exclusivement technique, l&rsquo;ing\u00e9nieur italien a livr\u00e9 une r\u00e9ponse qui ne laisse plus de place au doute quant \u00e0 la part de psychologie dans les difficult\u00e9s de Bagnaia\u00a0:\u00a0\u00ab\u00a0Tout ce qui concerne les personnes n&rsquo;est jamais exclusivement technique. Il faut donc faire diff\u00e9rents raisonnements, et nous les ferons, je vous le dis.\u00a0\u00bb<\/p>\n<p>Lire aussi :<\/p>\n<p>Apr\u00e8s les multiples changements techniques test\u00e9s sur la moto, le patron de Ducati Corse a assur\u00e9 n&rsquo;avoir aucune explication autre que les sensations personnelles de Pecco Bagnaia. \u00ab\u00a0C&rsquo;est difficile d&rsquo;avoir une explication au fait qu&rsquo;un pilote n&rsquo;est pas performant comme on s&rsquo;y attendrait\u00a0\u00bb, a-t-il \u00e9galement expliqu\u00e9. \u00ab\u00a0Ce qui est s\u00fbr, c&rsquo;est que le feeling qu&rsquo;a Pecco actuellement n&rsquo;est pas le m\u00eame que l&rsquo;ann\u00e9e derni\u00e8re. Je pense que c&rsquo;est la principale raison \u00e0 son manque de performance.\u00a0\u00bb<\/p>\n<p>\u00ab\u00a0Nous y travaillons.\u00a0Nous lui faisons confiance et il nous fait confiance, c&rsquo;est la seule chose que je puisse dire. Je peux vous promettre que nous faisons de notre mieux pour am\u00e9liorer les performances de Pecco et lui donner exactement le m\u00eame feeling que celui qu&rsquo;il avait l&rsquo;an dernier, voire meilleur si possible. On est tous humains, donc parfois, n&rsquo;importe qui peut ne pas \u00eatre performant comme pr\u00e9vu ou comme les autres le veulent. C&rsquo;est parfois comme \u00e7a. Je n&rsquo;ai donc rien de sp\u00e9cifique \u00e0 vous dire.\u00a0\u00bb<\/p>\n<p>   <img decoding=\"async\" draggable=\"false\" src=\"https:\/\/www.europesays.com\/fr\/wp-content\/uploads\/2025\/09\/luigi-dall-igna-ducati-lenovo-.jpg\" alt=\"Gigi Dall'Igna veut croire en un retour de Pecco Bagnaia.\" width=\"1200\" height=\"800\" loading=\"lazy\"\/> <\/p>\n<p class=\"title\">Gigi Dall&rsquo;Igna veut croire en un retour de Pecco Bagnaia.<\/p>\n<p class=\"photographer\">Photo de: Gold and Goose Photography \/ LAT Images \/ via Getty Images<\/p>\n<p>Alors que Marc M\u00e1rquez est en passe de remporter le titre, voir le champion du monde 2022-2023 se classer \u00e0 plus de 14 secondes de son co\u00e9quipier \u00e0 l&rsquo;arriv\u00e9e d&rsquo;une course sprint a de quoi doucher l&rsquo;enthousiasme g\u00e9n\u00e9ral chez les Rouges.<\/p>\n<p>Gigi Dall&rsquo;Igna est-il lui-m\u00eame plus heureux pour M\u00e1rquez ou inquiet pour Bagnaia\u00a0?\u00a0\u00ab\u00a0Les deux\u00a0\u00bb, r\u00e9pond-il. \u00ab\u00a0Je suis vraiment heureux de ce que Marc a fait lors de la premi\u00e8re partie de saison. Et c&rsquo;est s\u00fbr que voir un pilote important comme Pecco avoir autant de mal cette ann\u00e9e n&rsquo;est pas quelque chose qui peut me rendre heureux. Mais nous essayons et nous continuerons \u00e0 essayer d&rsquo;am\u00e9liorer ses performances.\u00a0\u00bb<\/p>\n<p>Bagnaia, le pilote le plus important pour Ducati apr\u00e8s Stoner<\/p>\n<p>La descente aux enfers de Pecco Bagnaia est d&rsquo;autant plus cruelle que c&rsquo;est lui qui a port\u00e9 les succ\u00e8s de Ducati durant plus de deux ans et qui a ramen\u00e9 la marque \u00e0 des sommets qu&rsquo;elle n&rsquo;avait plus connus depuis <a href=\"https:\/\/fr.motorsport.com\/driver\/casey-stoner\/84171\/\" target=\"_blank\" rel=\"noopener\">Casey Stoner<\/a>. Il a incarn\u00e9 le d\u00e9but de ce qui s&rsquo;est impos\u00e9 depuis comme une v\u00e9ritable \u00e8re Ducati, comme l&rsquo;Australien en son temps, et Gigi Dall&rsquo;Igna ne l&rsquo;oublie pas, m\u00eame si tout laisse \u00e0 penser que Marc M\u00e1rquez est en passe d&rsquo;\u00e9crire un nouveau chapitre au moins aussi r\u00e9ussi.<\/p>\n<p>Le passage \u00e0 vide de Bagnaia ayant d\u00e9j\u00e0 dur\u00e9 plus d&rsquo;une moiti\u00e9 de championnat, on peut s&rsquo;interroger sur l&rsquo;issue qui pourra \u00eatre trouv\u00e9e. Le pilote italien peut-il v\u00e9ritablement trouver une porte de sortie apr\u00e8s \u00eatre tomb\u00e9 si bas\u00a0?\u00a0Le directeur g\u00e9n\u00e9ral de Ducati Corse, lui, l&rsquo;assure, la confiance mutuelle entre Ducati et Bagnaia n&rsquo;est pas entach\u00e9e. L&rsquo;objectif est est bel et bien de le faire revenir et l&rsquo;ensemble de l&rsquo;\u00e9quipe s&rsquo;y attelle.<\/p>\n<p>\u00ab\u00a0Nous croyons en Pecco et je crois que Pecco croit en nous. C&rsquo;est le plus important. Pecco est un pilote important pour Ducati\u00a0\u00bb, souligne-t-il, \u00ab\u00a0parce qu&rsquo;il nous a aid\u00e9s \u00e0 gagner de nouveau le championnat. Il a remport\u00e9 deux titres cons\u00e9cutifs. Apr\u00e8s Stoner, c&rsquo;est probablement le pilote le plus important pour Ducati. Donc nous l&rsquo;aidons \u00e0 revenir, et c&rsquo;est mon objectif pour l&rsquo;avenir.\u00a0\u00bb<\/p>\n<p>Et Gigi Dall&rsquo;Igna de promettre qu&rsquo;il ne laissera pas tomber son pilote\u00a0:\u00a0\u00ab\u00a0De notre c\u00f4t\u00e9, nous ferons tout notre possible pour l&rsquo;aider \u00e0 retrouver ses sensations avec la moto afin qu&rsquo;il puisse redevenir le champion que nous connaissons. Ce n&rsquo;est pas dans ma nature de jeter l&rsquo;\u00e9ponge, et il en va de m\u00eame pour le pilote, l&rsquo;\u00e9quipe et Ducati. Nous croyons en lui et il croit en nous\u00a0:\u00a0c&rsquo;est la cl\u00e9 pour trouver la solution.\u00a0\u00bb<\/p>\n<p style=\"text-align: right;\">Avec Basile Davoine<\/p>\n<p>Lire aussi :<\/p>\n<p>Dans cet article<\/p>\n<p>Soyez le premier inform\u00e9 et souscrivez aux alertes mails pour recevoir les infos en temps r\u00e9el<\/p>\n<p>    S&rsquo;abonner aux alertes de news<\/p>\n","protected":false},"excerpt":{"rendered":"Les qualificatifs commencent \u00e0 manquer pour d\u00e9crire le chemin de croix de Pecco Bagnaia cette saison. Alors qu&rsquo;il&hellip;\n","protected":false},"author":2,"featured_media":372966,"comment_status":"","ping_status":"","sticky":false,"template":"","format":"standard","meta":{"footnotes":""},"categories":[1413],"tags":[4950,1011,27,50715,1457,1456,1458,4951,60],"class_list":{"0":"post-372965","1":"post","2":"type-post","3":"status-publish","4":"format-standard","5":"has-post-thumbnail","7":"category-moto","8":"tag-ducati-team","9":"tag-fr","10":"tag-france","11":"tag-les-problu00e8mes-de-bagnaia-ne-sont-pas-exclusivement-techniques-selon-dalligna","12":"tag-moto","13":"tag-motocycle","14":"tag-motogp","15":"tag-pecco-bagnaia","16":"tag-sports"},"share_on_mastodon":{"url":"https:\/\/pubeurope.com\/@fr\/115163077823602592","error":""},"_links":{"self":[{"href":"https:\/\/www.europesays.com\/fr\/wp-json\/wp\/v2\/posts\/372965","targetHints":{"allow":["GET"]}}],"collection":[{"href":"https:\/\/www.europesays.com\/fr\/wp-json\/wp\/v2\/posts"}],"about":[{"href":"https:\/\/www.europesays.com\/fr\/wp-json\/wp\/v2\/types\/post"}],"author":[{"embeddable":true,"href":"https:\/\/www.europesays.com\/fr\/wp-json\/wp\/v2\/users\/2"}],"replies":[{"embeddable":true,"href":"https:\/\/www.europesays.com\/fr\/wp-json\/wp\/v2\/comments?post=372965"}],"version-history":[{"count":0,"href":"https:\/\/www.europesays.com\/fr\/wp-json\/wp\/v2\/posts\/372965\/revisions"}],"wp:featuredmedia":[{"embeddable":true,"href":"https:\/\/www.europesays.com\/fr\/wp-json\/wp\/v2\/media\/372966"}],"wp:attachment":[{"href":"https:\/\/www.europesays.com\/fr\/wp-json\/wp\/v2\/media?parent=372965"}],"wp:term":[{"taxonomy":"category","embeddable":true,"href":"https:\/\/www.europesays.com\/fr\/wp-json\/wp\/v2\/categories?post=372965"},{"taxonomy":"post_tag","embeddable":true,"href":"https:\/\/www.europesays.com\/fr\/wp-json\/wp\/v2\/tags?post=372965"}],"curies":[{"name":"wp","href":"https:\/\/api.w.org\/{rel}","templated":true}]}}