{"id":372970,"date":"2025-09-07T12:46:15","date_gmt":"2025-09-07T12:46:15","guid":{"rendered":"https:\/\/www.europesays.com\/fr\/372970\/"},"modified":"2025-09-07T12:46:15","modified_gmt":"2025-09-07T12:46:15","slug":"loperation-degraissage-nest-pas-terminee-a-lom-lespagne-senflamme-pour-le-retour-de-bellingham","status":"publish","type":"post","link":"https:\/\/www.europesays.com\/fr\/372970\/","title":{"rendered":"L\u2019op\u00e9ration d\u00e9graissage n\u2019est pas termin\u00e9e \u00e0 l\u2019OM, l\u2019Espagne s\u2019enflamme pour le retour de Bellingham"},"content":{"rendered":"<p>            L\u2019OM veut encore vendre<\/p>\n<p>L\u2019op\u00e9ration d\u00e9graissage n\u2019est pas termin\u00e9e \u00e0 l\u2019OM. \u00abLe compte \u00e0 rebours est lanc\u00e9\u00bb titre L\u2019Equipe, avec le cas de 4 joueurs au premier plan : Ruben Blanco, Pol Lirola, Amine Harit et Neal Maupay sont pouss\u00e9s vers la sortie, et avec des march\u00e9s des transferts encore ouverts \u00e0 l\u2019heure o\u00f9 on parle, des d\u00e9parts sont \u00e0 pr\u00e9voir, voire m\u00eame esp\u00e9r\u00e9s, \u00e0 l\u2019OM. Neal Maupay est bien sur le d\u00e9part, lui qui est arriv\u00e9 pour pallier la blessure de Faris Moumbagna. \u00abMaupay, l\u2019oubli\u00e9 de l\u2019\u00e9t\u00e9\u00bb titre m\u00eame La Provence \u00e0 ce sujet, l\u2019ancien de Brighton a \u00e9t\u00e9 courtis\u00e9, mais n\u2019a pas \u00e9t\u00e9 convaincu par les projets pr\u00e9sent\u00e9s \u00e0 lui. <\/p>\n<p>            La suite apr\u00e8s cette publicit\u00e9<\/p>\n<p>        Bellingham bient\u00f4t de retour<\/p>\n<p>\u00c0 Madrid, on s\u2019enflamme pour le retour de <a href=\"https:\/\/www.footmercato.net\/joueur\/jude-bellingham\/\" rel=\"nofollow noopener\" target=\"_blank\">Jude Bellingham<\/a>, d\u00e9j\u00e0 attendu en salle pour la suite de sa r\u00e9\u00e9ducation. Il est d\u00e9j\u00e0 l\u00e0 titre Marca dans ses pages int\u00e9rieures, tandis que MD s\u2019interroge sur sa possible pr\u00e9sence fin septembre contre l\u2019Atl\u00e9tico de Madrid. En tout cas, son retour prochain va redistribuer les cartes \u00e0 la Casa Blanca, l\u2019\u00e9quipe de Xabi Alonso avait trouv\u00e9 un \u00e9quilibre qui va \u00eatre chamboul\u00e9 pour faire de la place au crack anglais. Un d\u00e9fi de plus pour le coach espagnol, confront\u00e9 \u00e0 des probl\u00e8mes de riche. <\/p>\n<p>        L\u2019Angleterre n\u2019a pas convaincu<\/p>\n<p>De l\u2019autre c\u00f4t\u00e9 de la Manche, on c\u00e9l\u00e8bre la victoire 2-0 de l\u2019Angleterre face \u00e0 Andorre hier soir, \u00abRice et facile\u00bb titre le Daily Star sur sa Une. Un succ\u00e8s \u00e9triqu\u00e9 cependant pour un des favoris \u00e0 la Coupe du Monde et la presse anglaise ne s\u2019est pas fait prier pour dire ce qu\u2019elle en pensait. Une maigre consolation pour le Boss Tuchel titre le Sunday Express, tandis que le MEN ajoute que les Anglais n\u2019ont pas trouv\u00e9 l\u2019\u00e9tincelle contre une \u00e9quipe d\u2019Andorre d\u00e9termin\u00e9e. Un but contre son camp pour ouvrir le score, et un but de Declan Rice en seconde p\u00e9riode ont suffi, mais cela n\u2019impressionne pas outre mesure la presse europ\u00e9enne. L\u2019Angleterre, au minimum titre Sport en Espagne, l\u2019Angleterre vainc, mais ne convainc pas pour A Bola au Portugal par exemple. <\/p>\n<p>\n    Pub. le 07\/09\/2025 12:03<br \/>\n            &#8211; MAJ le 07\/09\/2025 13:09\n    <\/p>\n","protected":false},"excerpt":{"rendered":"L\u2019OM veut encore vendre L\u2019op\u00e9ration d\u00e9graissage n\u2019est pas termin\u00e9e \u00e0 l\u2019OM. \u00abLe compte \u00e0 rebours est lanc\u00e9\u00bb titre&hellip;\n","protected":false},"author":2,"featured_media":372971,"comment_status":"","ping_status":"","sticky":false,"template":"","format":"standard","meta":{"footnotes":""},"categories":[1410],"tags":[63,1011,27,60],"class_list":{"0":"post-372970","1":"post","2":"type-post","3":"status-publish","4":"format-standard","5":"has-post-thumbnail","7":"category-football","8":"tag-football","9":"tag-fr","10":"tag-france","11":"tag-sports"},"share_on_mastodon":{"url":"https:\/\/pubeurope.com\/@fr\/115163089054147444","error":""},"_links":{"self":[{"href":"https:\/\/www.europesays.com\/fr\/wp-json\/wp\/v2\/posts\/372970","targetHints":{"allow":["GET"]}}],"collection":[{"href":"https:\/\/www.europesays.com\/fr\/wp-json\/wp\/v2\/posts"}],"about":[{"href":"https:\/\/www.europesays.com\/fr\/wp-json\/wp\/v2\/types\/post"}],"author":[{"embeddable":true,"href":"https:\/\/www.europesays.com\/fr\/wp-json\/wp\/v2\/users\/2"}],"replies":[{"embeddable":true,"href":"https:\/\/www.europesays.com\/fr\/wp-json\/wp\/v2\/comments?post=372970"}],"version-history":[{"count":0,"href":"https:\/\/www.europesays.com\/fr\/wp-json\/wp\/v2\/posts\/372970\/revisions"}],"wp:featuredmedia":[{"embeddable":true,"href":"https:\/\/www.europesays.com\/fr\/wp-json\/wp\/v2\/media\/372971"}],"wp:attachment":[{"href":"https:\/\/www.europesays.com\/fr\/wp-json\/wp\/v2\/media?parent=372970"}],"wp:term":[{"taxonomy":"category","embeddable":true,"href":"https:\/\/www.europesays.com\/fr\/wp-json\/wp\/v2\/categories?post=372970"},{"taxonomy":"post_tag","embeddable":true,"href":"https:\/\/www.europesays.com\/fr\/wp-json\/wp\/v2\/tags?post=372970"}],"curies":[{"name":"wp","href":"https:\/\/api.w.org\/{rel}","templated":true}]}}