{"id":372972,"date":"2025-09-07T12:47:11","date_gmt":"2025-09-07T12:47:11","guid":{"rendered":"https:\/\/www.europesays.com\/fr\/372972\/"},"modified":"2025-09-07T12:47:11","modified_gmt":"2025-09-07T12:47:11","slug":"adele-exarchopoulos-grondee-par-francois-cluzet-lors-dun-tournage-mon-pere-ne-ma-jamais-parle-comme-ca","status":"publish","type":"post","link":"https:\/\/www.europesays.com\/fr\/372972\/","title":{"rendered":"Ad\u00e8le Exarchopoulos \u00ab\u00a0grond\u00e9e\u00a0\u00bb par Fran\u00e7ois Cluzet lors d&rsquo;un tournage, \u00ab\u00a0Mon p\u00e8re ne m&rsquo;a jamais parl\u00e9 comme \u00e7a\u00a0\u00bb"},"content":{"rendered":"<p>Ad\u00e8le Exarchopoulos fait partie des actrices les plus<br \/>\ntalentueuses de sa g\u00e9n\u00e9ration. En quelques ann\u00e9es, elle est<br \/>\nparvenue \u00e0 se faire une place de choix dans le c\u0153ur du public. Une<br \/>\naventure qui a v\u00e9ritablement commenc\u00e9 avec son r\u00f4le d\u2019Ad\u00e8le dans<br \/>\nLa vie d\u2019Ad\u00e8le. Une r\u00e9alisation d\u2019Abdellatif Kechiche qui<br \/>\nlui a valu la Palme d\u2019Or au Festival de Cannes. Avec sa performance<br \/>\nexceptionnelle, Ad\u00e8le Exarchopoulos a vu sa carri\u00e8re propuls\u00e9e sur<br \/>\nle devant de la sc\u00e8ne. Depuis, la jeune femme a encha\u00een\u00e9 les r\u00f4les<br \/>\nforts comme dans Sibyl, Mandibules, Passage ou encore<br \/>\nJe verrai toujours vos visages. Un long-m\u00e9trage que les<br \/>\nfans retrouveront sur le petit \u00e9cran.<\/p>\n<p>Un r\u00f4le bouleversant<\/p>\n<p>Au fils des ann\u00e9es, Ad\u00e8le Exarchopoulos a marqu\u00e9 les esprits par<br \/>\nses r\u00f4les et ses performances exceptionnelles. D\u2019ailleurs, les<br \/>\nt\u00e9l\u00e9spectateurs pourront retrouver l\u2019actrice <strong>ce dimanche 7<br \/>\nseptembre 2025 dans Je verrai toujours vos visages sur<br \/>\nFrance 2 \u00e0 21h10.<\/strong> Un long-m\u00e9trage r\u00e9alis\u00e9 par Jeanne Herry<br \/>\ndans lequel <a href=\"https:\/\/www.melty.fr\/people\/en-couple-avec-francois-civil-adele-exarchopoulos-se-livre-comme-jamais-cest-exceptionnel-2243304.html\" target=\"_blank\" rel=\"noopener\"><br \/>\nla ch\u00e9rie de Fran\u00e7ois Civil<\/a> tient l\u2019un des r\u00f4les<br \/>\nprincipaux.<\/p>\n<p>Dans ce film, cette derni\u00e8re incarne Chlo\u00e9 Delarme, <strong>une<br \/>\nvictime de viols incestueux<\/strong> qui s\u2019engage dans un parcours<br \/>\nde justice restaurative. Un long-m\u00e9trage qui explore des th\u00e8mes<br \/>\ncomme la sensibilit\u00e9 et l\u2019humanit\u00e9. Et ce, tout en donnant la<br \/>\npossibilit\u00e9 aux victimes et aux auteurs d\u00a0\u00bbinfractions de dialoguer<br \/>\ndans des cadres s\u00e9curis\u00e9s. De quoi favoriser la r\u00e9paration et la<br \/>\nreconstruction.<\/p>\n<p>L\u2019actrice sans d\u00e9tour sur la pr\u00e9paration de ses r\u00f4les<\/p>\n<p>Invit\u00e9e dans le podcast de Lena Situations, Canap\u00e9 Six Places en<br \/>\n2023, Ad\u00e8le Exarchopoulos n\u2019avait pas manqu\u00e9 d\u2019\u00e9voquer sa carri\u00e8re.<br \/>\nFace \u00e0 l\u2019influenceuse, la jeune femme s\u2019est laiss\u00e9 aller \u00e0 quelques<br \/>\nconfidences sur sa mani\u00e8re dont elle pr\u00e9pare ses r\u00f4les. Et il faut<br \/>\ndire qu\u2019elle ne travaille pas beaucoup dessus. \u201c<strong>Ce<br \/>\nn&rsquo;est pas que je ne bosse pas du tout mais&#8230;<\/strong>\u201d,<br \/>\navait-elle confi\u00e9. D\u2019ailleurs, la com\u00e9dienne n\u2019avait absolument pas<br \/>\ntravaill\u00e9 sur son r\u00f4le dans le film Mandibules. Heureusement, cette<br \/>\nderni\u00e8re est assez talentueuse.<\/p>\n<p>\u201cEt le jour o\u00f9 j&rsquo;arrive, je me dis : &lsquo;Mais t&rsquo;es malade.<br \/>\nC&rsquo;est comme si tu allais au plus grand exam&rsquo; de ta vie et que tu<br \/>\nn&rsquo;as pas r\u00e9vis\u00e9&rsquo;. Mais c&rsquo;est vrai que je ne suis pas dans la<br \/>\nth\u00e9orie\u201d, avait-elle ajout\u00e9. Avant de reconna\u00eetre :<br \/>\n\u201c<strong>Il faudrait quand m\u00eame que je trouve une m\u00e9thode de<br \/>\ntravail<\/strong>.\u201d Lors de son entretien, Ad\u00e8le Exarchopoulos<br \/>\na aussi r\u00e9v\u00e9l\u00e9 qu\u2019elle \u00e9tait encore une grande enfant dans sa t\u00eate.<br \/>\n\u201cDans ma t\u00eate, j&rsquo;ai toujours 4 ans et demi. Je ne vais pas<br \/>\nmentir\u201d, avouait-elle. Du coup, cette derni\u00e8re prend rarement<br \/>\ncertaines choses au s\u00e9rieux. Un comportement qui lui a valu une<br \/>\nsacr\u00e9e r\u00e9primande.<\/p>\n<p>Ad\u00e8le Exarchopoulos recadr\u00e9e par<br \/>\nFran\u00e7ois Cluzet lors d\u2019un tournage<\/p>\n<p><a href=\"https:\/\/www.melty.fr\/people\/adele-exarchopoulos-devoile-ce-quelle-adore-faire-pendant-les-tournages-cest-hyper-excitant-2204123.html\" target=\"_blank\" rel=\"noopener\"><br \/>\nAd\u00e8le Exarchopoulos aime s\u2019amuser<\/a>. Et parfois, elle a<br \/>\nclairement du mal \u00e0 se concentrer sur ce qu\u2019elle doit faire.<br \/>\n\u201c\u00c9norm\u00e9ment de fous rires\u201d, avait-elle confi\u00e9. Cependant,<br \/>\nsi ce comportement passe souvent, il est loin de plaire \u00e0 tout le<br \/>\nmonde. En effet, lors d\u2019un tournage, cette mani\u00e8re d\u2019agir de<br \/>\nl\u2019actrice a fortement agac\u00e9 l\u2019un de ses partenaires \u00e0 l\u2019\u00e9cran. Il<br \/>\ns\u2019agit de Fran\u00e7ois Cluzet. \u201cSur un plateau, c&rsquo;est horrible.<br \/>\n<strong>Je me suis fait gronder par Fran\u00e7ois Cluzet la derni\u00e8re<br \/>\nfois.<\/strong> Je lui ai dit : &lsquo;Tu sais que mon p\u00e8re, il m&rsquo;a m\u00eame<br \/>\njamais parl\u00e9 comme tu m&rsquo;as parl\u00e9&rsquo;. Mais c&rsquo;\u00e9tait hyper gentil\u201d,<br \/>\navait-elle r\u00e9v\u00e9l\u00e9.<\/p>\n<p>Avant de conclure : \u201c<strong>Il m&rsquo;a dit : &lsquo;T&rsquo;arr\u00eate<br \/>\nmaintenant. Il y a d&rsquo;autres gens qui tournent<\/strong>, c&rsquo;est pas<br \/>\ngentil pour eux&rsquo;. Et il avait raison. Il m&rsquo;a dit : &lsquo;T&rsquo;arr\u00eate ma<br \/>\npuce !&rsquo; Je lui ai dit : &lsquo;Heureusement que tu as dit ma puce&rsquo;. Mais<br \/>\nparce que j&rsquo;\u00e9tais incontr\u00f4lable.\u201d<\/p>\n","protected":false},"excerpt":{"rendered":"Ad\u00e8le Exarchopoulos fait partie des actrices les plus talentueuses de sa g\u00e9n\u00e9ration. En quelques ann\u00e9es, elle est parvenue&hellip;\n","protected":false},"author":2,"featured_media":372973,"comment_status":"","ping_status":"","sticky":false,"template":"","format":"standard","meta":{"footnotes":""},"categories":[1359],"tags":[34114,58,59,1011,27,973],"class_list":{"0":"post-372972","1":"post","2":"type-post","3":"status-publish","4":"format-standard","5":"has-post-thumbnail","7":"category-people","8":"tag-adele-exarchopoulos","9":"tag-divertissement","10":"tag-entertainment","11":"tag-fr","12":"tag-france","13":"tag-people"},"share_on_mastodon":{"url":"https:\/\/pubeurope.com\/@fr\/115163093026540793","error":""},"_links":{"self":[{"href":"https:\/\/www.europesays.com\/fr\/wp-json\/wp\/v2\/posts\/372972","targetHints":{"allow":["GET"]}}],"collection":[{"href":"https:\/\/www.europesays.com\/fr\/wp-json\/wp\/v2\/posts"}],"about":[{"href":"https:\/\/www.europesays.com\/fr\/wp-json\/wp\/v2\/types\/post"}],"author":[{"embeddable":true,"href":"https:\/\/www.europesays.com\/fr\/wp-json\/wp\/v2\/users\/2"}],"replies":[{"embeddable":true,"href":"https:\/\/www.europesays.com\/fr\/wp-json\/wp\/v2\/comments?post=372972"}],"version-history":[{"count":0,"href":"https:\/\/www.europesays.com\/fr\/wp-json\/wp\/v2\/posts\/372972\/revisions"}],"wp:featuredmedia":[{"embeddable":true,"href":"https:\/\/www.europesays.com\/fr\/wp-json\/wp\/v2\/media\/372973"}],"wp:attachment":[{"href":"https:\/\/www.europesays.com\/fr\/wp-json\/wp\/v2\/media?parent=372972"}],"wp:term":[{"taxonomy":"category","embeddable":true,"href":"https:\/\/www.europesays.com\/fr\/wp-json\/wp\/v2\/categories?post=372972"},{"taxonomy":"post_tag","embeddable":true,"href":"https:\/\/www.europesays.com\/fr\/wp-json\/wp\/v2\/tags?post=372972"}],"curies":[{"name":"wp","href":"https:\/\/api.w.org\/{rel}","templated":true}]}}