{"id":372974,"date":"2025-09-07T12:48:14","date_gmt":"2025-09-07T12:48:14","guid":{"rendered":"https:\/\/www.europesays.com\/fr\/372974\/"},"modified":"2025-09-07T12:48:14","modified_gmt":"2025-09-07T12:48:14","slug":"orsay-musee-bourdelle-grand-palais-une-rentree-des-expositions-magistrale-qui-brasse-toute-lhistoire-de-lart","status":"publish","type":"post","link":"https:\/\/www.europesays.com\/fr\/372974\/","title":{"rendered":"Orsay, mus\u00e9e Bourdelle, Grand Palais&#8230; Une rentr\u00e9e des expositions magistrale, qui brasse toute l\u2019histoire de l\u2019art"},"content":{"rendered":"<p><strong>LA S\u00c9LECTION DU FIGARO &#8211;<\/strong> Contrant l\u2019atonie politique, mus\u00e9es et fondations multiplient les projets ambitieux, du grand David \u00e0 Gerhard Richter, de l\u2019Art d\u00e9co \u00e0 Edward Weston, de l\u2019art minimal \u00e0 John Singer Sargent.<\/p>\n<p><strong>Les lueurs divines de Georges de La Tour \u00e0 Jacquemart-Andr\u00e9<\/strong><\/p>\n<p class=\"fig-paragraph\">Un peu plus d\u2019un si\u00e8cle apr\u00e8s sa red\u00e9couverte, le ma\u00eetre caravagesque de Lun\u00e9ville revient nous \u00e9clairer. La bougie de ses sc\u00e8nes bibliques invite au recueillement. Comment ne pas \u00eatre happ\u00e9 par ces p\u00e9nombres mystiques rendues de mani\u00e8re si r\u00e9aliste et intime\u00a0? \u00ab\u00a0L\u00e0 o\u00f9 il n\u2019y a plus que des \u00eatres r\u00e9duits \u00e0 leur seule pr\u00e9sence, oblig\u00e9s d\u2019avouer le secret de leur destin, leur v\u00e9rit\u00e9, qui est toujours d\u2019ordre spirituel\u00a0\u00bb, \u00e9crit le grand historien sp\u00e9cialiste de la peinture fran\u00e7aise au XVIIe\u00a0si\u00e8cle Jacques Thuillier. C\u00f4t\u00e9 diurne, musiciens aveugles ou diseuses de bonne aventure ont \u00e9galement beaucoup de sagesse \u00e0 nous communiquer. Du 11\u00a0septembre au 25\u00a0janvier.<\/p>\n<p class=\"fig-body-link\">\n            \u00c0 lire aussi<br \/>\n        <a class=\"fig-body-link__link fig-premium-mark\" href=\"http:\/\/www.lefigaro.fr\/arts-expositions\/exposition-les-sorcieres-font-un-malheur-au-musee-de-pont-aven-20250903\" data-fig-type=\"Article\" data-gtm-custom-categorie=\"navigation\" data-gtm-custom-action=\"crossclick\" data-gtm-custom-label=\"Contextuel\" data-gtm-event=\"customEventSPE\" data-fig-domain=\"LEFIGARO\" target=\"_blank\" rel=\"noopener\">Exposition\u00a0: les \u00abSorci\u00e8res\u00bb font un malheur au Mus\u00e9e de Pont-Aven<br \/>\n    <\/a>\n<\/p>\n<p><strong>Greuze et ses enfants au Petit Palais<\/strong><\/p>\n<p>    Cette t\u00eate d\u2019enfant, dite La Petite Nanette, a \u00e9t\u00e9 r\u00e9alis\u00e9e entre 1770 et 1780 par Jean-Baptiste Greuze.<br \/>\n                Mus\u00e9e Fabre de Montpellier M\u00e9diterran\u00e9e M\u00e9tropole \/ Fr\u00e9d\u00e9ric Jaulmes<\/p>\n<p class=\"fig-paragraph\">Pour le 300e\u00a0anniversaire de sa naissance, le peintre cher \u00e0 Diderot va b\u00e9n\u00e9ficier d\u2019une relecture. C\u2019est tant mieux car il est encore trop souvent daub\u00e9 pour ses sc\u00e8nes \u00e9difiantes. Annick Lemoine, directrice du mus\u00e9e, a choisi de b\u00e2tir un parcours depuis le motif de l\u2019enfant, le plus r\u00e9current dans l\u2019\u0153uvre. Ainsi, la r\u00e9union\u2026<\/p>\n<p class=\"fig-premium-paywall__infos\">\n        Cet article est r\u00e9serv\u00e9 aux abonn\u00e9s.        Il vous reste 94% \u00e0 d\u00e9couvrir.\n    <\/p>\n<p>                <img  data- alt=\"Le Figaro\" class=\"fig-img--complete fig-img\"\/><\/p>\n<p class=\"fig-premium-paywall__title\">Vente Flash<\/p>\n<p class=\"fig-premium-paywall__subtitle\">4,99\u20ac par mois pendant 12 mois. Sans engagement<\/p>\n<p class=\"fig-premium-paywall__connect\">\n                D\u00e9j\u00e0 abonn\u00e9\u00a0?                <a class=\"fig-premium-paywall__connect-link\" href=\"https:\/\/connect.lefigaro.fr\/login?client=horizon_web&amp;type=main&amp;redirect_uri=https%3A%2F%2Fwww.lefigaro.fr%2Fculture%2Forsay-musee-bourdelle-grand-palais-une-rentree-des-expositions-magistrale-qui-brasse-toute-l-histoire-de-l-art-20250906\" data-js-gtm=\"{&quot;customCategorie&quot;: &quot;conversion&quot;, &quot;customAction&quot;: &quot;before_Landing_Connexion_paywall_auto&quot;, &quot;customLabel&quot;: &quot;bGVmaWdhcm8uZnJfXzFmMDg3ZmFkLWJjYmItNmU1Mi04OWY1LTE3NmFkZjlhMTJmMF9fQXJ0aWNsZQ==_Orsay, mus\u00e9e Bourdelle, Grand Palais... Une rentr\u00e9e des expositions magistrale, qui brasse toute l\u2019histoire de l\u2019art_324&quot;, &quot;customIDSPE&quot;: &quot;bGVmaWdhcm8uZnJfXzFmMDg3ZmFkLWJjYmItNmU1Mi04OWY1LTE3NmFkZjlhMTJmMF9fQXJ0aWNsZQ==&quot;, &quot;event&quot;: &quot;customEventSPE&quot;}\" target=\"_blank\" rel=\"noopener\"><br \/>\n                    Connectez-vous<br \/>\n                <\/a>\n            <\/p>\n","protected":false},"excerpt":{"rendered":"LA S\u00c9LECTION DU FIGARO &#8211; Contrant l\u2019atonie politique, mus\u00e9es et fondations multiplient les projets ambitieux, du grand David&hellip;\n","protected":false},"author":2,"featured_media":372975,"comment_status":"","ping_status":"","sticky":false,"template":"","format":"standard","meta":{"footnotes":""},"categories":[1358],"tags":[1348,1384,1385,1386,58,59,3293,1011,27,3048,3094],"class_list":{"0":"post-372974","1":"post","2":"type-post","3":"status-publish","4":"format-standard","5":"has-post-thumbnail","7":"category-arts-et-design","8":"tag-arts","9":"tag-arts-and-design","10":"tag-arts-et-design","11":"tag-design","12":"tag-divertissement","13":"tag-entertainment","14":"tag-exposition","15":"tag-fr","16":"tag-france","17":"tag-musee","18":"tag-musee-du-louvre"},"share_on_mastodon":{"url":"https:\/\/pubeurope.com\/@fr\/115163096949872606","error":""},"_links":{"self":[{"href":"https:\/\/www.europesays.com\/fr\/wp-json\/wp\/v2\/posts\/372974","targetHints":{"allow":["GET"]}}],"collection":[{"href":"https:\/\/www.europesays.com\/fr\/wp-json\/wp\/v2\/posts"}],"about":[{"href":"https:\/\/www.europesays.com\/fr\/wp-json\/wp\/v2\/types\/post"}],"author":[{"embeddable":true,"href":"https:\/\/www.europesays.com\/fr\/wp-json\/wp\/v2\/users\/2"}],"replies":[{"embeddable":true,"href":"https:\/\/www.europesays.com\/fr\/wp-json\/wp\/v2\/comments?post=372974"}],"version-history":[{"count":0,"href":"https:\/\/www.europesays.com\/fr\/wp-json\/wp\/v2\/posts\/372974\/revisions"}],"wp:featuredmedia":[{"embeddable":true,"href":"https:\/\/www.europesays.com\/fr\/wp-json\/wp\/v2\/media\/372975"}],"wp:attachment":[{"href":"https:\/\/www.europesays.com\/fr\/wp-json\/wp\/v2\/media?parent=372974"}],"wp:term":[{"taxonomy":"category","embeddable":true,"href":"https:\/\/www.europesays.com\/fr\/wp-json\/wp\/v2\/categories?post=372974"},{"taxonomy":"post_tag","embeddable":true,"href":"https:\/\/www.europesays.com\/fr\/wp-json\/wp\/v2\/tags?post=372974"}],"curies":[{"name":"wp","href":"https:\/\/api.w.org\/{rel}","templated":true}]}}