{"id":372978,"date":"2025-09-07T12:50:36","date_gmt":"2025-09-07T12:50:36","guid":{"rendered":"https:\/\/www.europesays.com\/fr\/372978\/"},"modified":"2025-09-07T12:50:36","modified_gmt":"2025-09-07T12:50:36","slug":"idriss-redonne-espoir-a-lea-jules-lance-une-bombe-avec-pelletier-plus-belle-la-vie-10-septembre-2025-episode-417-resume-complet-pblv","status":"publish","type":"post","link":"https:\/\/www.europesays.com\/fr\/372978\/","title":{"rendered":"Idriss redonne espoir \u00e0 L\u00e9a : Jules lance une bombe avec Pelletier &#8211; Plus belle la vie 10 septembre 2025 (\u00e9pisode 417 &#8211; r\u00e9sum\u00e9 complet pBLV)"},"content":{"rendered":"<p>\tD\u00e9couvrez le r\u00e9sum\u00e9 d\u00e9taill\u00e9 de Plus belle la vie en avance du mercredi 10 septembre 2025 avec l\u2019\u00e9pisode 417 avec Jules (Val Duclaux) brise le silence, L\u00e9a et Idriss (Habib Gino Guabintani) sur la piste d\u2019un bizutage interdit voire plus. #PBLV en avance avec Nouveaut\u00e9s T\u00e9l\u00e9.<br \/>\n<img fetchpriority=\"high\" decoding=\"async\" aria-describedby=\"caption-attachment-314073\" src=\"https:\/\/www.europesays.com\/fr\/wp-content\/uploads\/2025\/09\/idriss-lea-pblv-417.jpg\" alt=\"Idriss et L\u00e9a dans Plus belle la vie \" width=\"1280\" height=\"720\" class=\"size-full wp-image-314073\"  \/><\/p>\n<p id=\"caption-attachment-314073\" class=\"wp-caption-text\">Idriss pr\u00eat \u00e0 entrer dans l\u2019ill\u00e9galit\u00e9 avec L\u00e9a pour savoir la v\u00e9rit\u00e9<\/p>\n<p>Retrouvez le <strong>r\u00e9sum\u00e9 int\u00e9gral de Plus belle la vie \u00e9pisode 417 saison 2 <\/strong> du mercredi 10 septembre 2025, diffus\u00e9 sur TF1 (voir les <a href=\"https:\/\/www.nouveautes-tele.com\/38439-plus-belle-la-vie-le-guide-des-resumes-et-spoilers.html\" rel=\"nofollow noopener\" target=\"_blank\"><strong> r\u00e9sum\u00e9s de Plus belle la vie en avance de TF1 <\/strong> <\/a> archiv\u00e9s par semaine).<\/p>\n<p>Le r\u00e9cap de l\u2019\u00e9pisode pr\u00e9c\u00e9dent du feuilleton t\u00e9l\u00e9vis\u00e9 <strong><a href=\"https:\/\/www.nouveautes-tele.com\/313829-lea-en-detresse-devant-idriss-impuissant-le-pire-se-produit-plus-belle-la-vie-9-septembre-2025-episode-416-resume-complet-pblv.html\" rel=\"nofollow noopener\" target=\"_blank\">PBLV \u00e9pisode 416<\/a><\/strong> est en ligne avec en bonus <a href=\"https:\/\/www.nouveautes-tele.com\/category\/plus-belle-la-vie\" rel=\"nofollow noopener\" target=\"_blank\"><strong>les indiscr\u00e9tions sur Plus belle la vie, encore plus belle<\/strong><\/a> le feuilleton de TF1 en diffusion \u00e0 13H50 du lundi au vendredi.  <\/p>\n<p>  \ud83d\udccc  Quels sont les moments forts de l\u2019\u00e9pisode de Plus belle la vie (TF1) du 10 septembre 2025 ? en bref PBLV \u00e9pisode 417 <\/p>\n<ul>\n<li>L\u00e9a a rev\u00e9cu son trauma en r\u00e9-\u00e9coutant les paroles terrifiantes qui ont d\u00e9clench\u00e9 sa panique lors de l\u2019enregistrement : \u00ab\u00a0ne me touche pas tu me d\u00e9go\u00fbtes\u00a0\u00bb.<\/li>\n<li>Oph\u00e9lie bouleverse les Vavin en leur r\u00e9v\u00e9lant un \u00e9change de b\u00e9b\u00e9s \u00e0 la maternit\u00e9, se rapprochant dangereusement de sa v\u00e9ritable m\u00e8re biologique Sylvie.<\/li>\n<li>Jules d\u00e9couvre de la maltraitance au lyc\u00e9e et soup\u00e7onne Louisa de faire partie des bizuteurs qui s\u2019acharnent sur le pauvre Pelletier.<\/li>\n<li>Pelletier avoue avoir \u00e9t\u00e9 menac\u00e9 d\u2019enfermement dans un couloir abandonn\u00e9, r\u00e9v\u00e9lant l\u2019ampleur des pratiques de bizutage dans l\u2019\u00e9tablissement.<\/li>\n<li>Idriss accepte d\u2019enqu\u00eater sur les signalements de maltraitance mais demande myst\u00e9rieusement un service en retour \u00e0 Jules pour son aide.<\/li>\n<\/ul>\n<p><\/p>\n<p>Tout ce qu\u2019il faut savoir sur l\u2019\u00e9pisode 417 de Plus belle la vie du 10 septembre 2025, tous les <strong>spoilers complets<\/strong> par rapport aux intrigues du jour \u00e0 Marseille.<\/p>\n<p>Plus belle la vie en avance : Oph\u00e9lie plus proche que jamais de sa m\u00e8re biologique<br \/>\n<img loading=\"lazy\" decoding=\"async\" aria-describedby=\"caption-attachment-314075\" src=\"data:image\/svg+xml,%3Csvg%20xmlns=\" http:=\"\" alt=\"oph\u00e9lie kepler \" width=\"1200\" height=\"669\" class=\"size-full wp-image-314075\" data-lazy- data-lazy- data-lazy-src=\"https:\/\/www.europesays.com\/fr\/wp-content\/uploads\/2025\/09\/pblv-417a.jpg\"\/><\/p>\n<p id=\"caption-attachment-314075\" class=\"wp-caption-text\">Oph\u00e9lie s\u2019emballe un peu trop vite avec les Vavin ?<\/p>\n<p>L\u00e9a a r\u00e9-\u00e9cout\u00e9 les paroles qui ont d\u00e9clench\u00e9 sa <strong>panique terrifiante<\/strong> lors de l\u2019enregistrement de Perrot. Les mots traumatisants qui r\u00e9sonnent encore : <strong>\u00ab\u00a0ne me touche pas tu me d\u00e9go\u00fbtes\u00a0\u00bb<\/strong>.<\/p>\n<p>Pelletier pr\u00e9tend \u00e0 Jules qu\u2019il s\u2019est cogn\u00e9, il a eu un h\u00e9matome : Louisa l\u2019a emmen\u00e9 \u00e0 l\u2019infirmerie. Mais Jules ne le croit pas une seconde, il soup\u00e7onne qu\u2019il <strong>prot\u00e8ge ceux qui le maltraitent<\/strong>.<br \/>Jules ressent la peur qui \u00e9mane de Pelletier, il lui promet qu\u2019il peut lui faire confiance dans cette <strong>atmosph\u00e8re d\u2019omerta<\/strong>.<br \/>Pelletier avoue finalement \u00e0 Jules : <strong>\u00ab\u00a0Ils ont voulu m\u2019enfermer dans un couloir\u00a0\u00bb<\/strong>, r\u00e9v\u00e9lant que c\u2019\u00e9tait l\u2019id\u00e9e d\u2019autres \u00e9l\u00e8ves et pas forc\u00e9ment de Louisa.<\/p>\n<p>Zo\u00e9 fait sa rentr\u00e9e demain \u00e0 l\u2019universit\u00e9 mais elle se confie \u00e0 Apolline qu\u2019elle est <strong>hyper stress\u00e9e<\/strong>. Le choc : Zo\u00e9 n\u2019a pas re\u00e7u son mail de convocation ni son emploi du temps. Apolline trouve cela inqui\u00e9tant. Apr\u00e8s avoir appel\u00e9 la fac, la terrible v\u00e9rit\u00e9 \u00e9clate : <strong>Zo\u00e9 n\u2019est pas inscrite<\/strong>, elle a oubli\u00e9 de valider une pr\u00e9-inscription.<\/p>\n<p><img loading=\"lazy\" decoding=\"async\" aria-describedby=\"caption-attachment-314079\" src=\"data:image\/svg+xml,%3Csvg%20xmlns=\" http:=\"\" alt=\"pelletier pblv \" width=\"1200\" height=\"633\" class=\"size-full wp-image-314079\" data-lazy- data-lazy- data-lazy-src=\"https:\/\/www.europesays.com\/fr\/wp-content\/uploads\/2025\/09\/pblv-417cb.jpg\"\/><\/p>\n<p id=\"caption-attachment-314079\" class=\"wp-caption-text\">Pelletier se confie \u00e0 Jules, il lui fait confiance<\/p>\n<p>Oph\u00e9lie se tourmente aupr\u00e8s d\u2019Aya, elle <strong>n\u2019arr\u00eate pas de se refaire la sc\u00e8ne<\/strong> chez les Vavin. Aya pense qu\u2019elle devrait y retourner et s\u2019expliquer calmement.<br \/>Le fils Vavin d\u00e9barque soudainement \u00e0 la r\u00e9sidence pour confronter Oph\u00e9lie afin de lui demander si c\u2019est vrai qu\u2019elle est Colombine. <\/p>\n<p>Il lui dit qu\u2019il ne comprend pas comment c\u2019est possible. Oph\u00e9lie lui r\u00e9v\u00e8le la v\u00e9rit\u00e9 bouleversante : <strong>un \u00e9change de b\u00e9b\u00e9s \u00e0 la maternit\u00e9<\/strong>.<\/p>\n<p>Louisa vient se d\u00e9noncer courageusement, elle avoue que c\u2019est <strong>sa faute si Corentin Pelletier s\u2019est bless\u00e9<\/strong>. La fille du directeur lui dit qu\u2019elle ne sera pas punie, lui ass\u00e9nant cette phrase gla\u00e7ante : <strong>\u00ab\u00a0la fin justifie toujours les moyens\u00a0\u00bb<\/strong>.<br \/>Perrot redoute que Louisa en parle \u00e0 son fr\u00e8re Idriss, le flic.<\/p>\n<p><img loading=\"lazy\" decoding=\"async\" aria-describedby=\"caption-attachment-314083\" src=\"data:image\/svg+xml,%3Csvg%20xmlns=\" http:=\"\" alt=\"zo\u00e9 pblv \" width=\"1200\" height=\"642\" class=\"size-full wp-image-314083\" data-lazy- data-lazy- data-lazy-src=\"https:\/\/www.europesays.com\/fr\/wp-content\/uploads\/2025\/09\/pblv-417cd.jpg\"\/><\/p>\n<p id=\"caption-attachment-314083\" class=\"wp-caption-text\">Zo\u00e9 ne va pas pouvoir faire histoire de l\u2019art<\/p>\n<p>Blanche annonce \u00e0 Zo\u00e9 que c\u2019est <strong>vraiment trop tard pour l\u2019histoire de l\u2019art<\/strong>. Par contre, il reste de la place en sociologie et en psychologie. L\u2019an prochain, elle pourra se r\u00e9-orienter. Thomas tente de rassurer Zo\u00e9 sur cette ann\u00e9e qui ne sera pas perdue.<\/p>\n<p>Oph\u00e9lie va voir Sylvie Vavin avec <strong>le fameux bracelet de naissance \u00ab\u00a0Colombine\u00a0\u00bb<\/strong> : d\u2019un coup, Sylvie se rappelle de <strong>Myriam Toussaint, cette infirmi\u00e8re<\/strong> qui lui a annonc\u00e9 la mort de sa fille. Oph\u00e9lie avoue qu\u2019elle ne sait pas pourquoi l\u2019infirmi\u00e8re a fait \u00e7a. <\/p>\n<p>Plus belle la vie 10 septembre 2025 : Jules vient en aide \u00e0 Idriss ?<br \/>\n&#13;<br \/>\n<br \/><strong>Sylvie a pris Oph\u00e9lie dans ses bras<\/strong>, elle s\u2019est sentie \u00e0 l\u2019aise. Aya trouve qu\u2019Oph\u00e9lie s\u2019emballe dangereusement. Aya redoute que <strong>les Vavin demandent des dommages et int\u00e9r\u00eats aux Kepler<\/strong> car ils sont une famille modeste. Oph\u00e9lie affirme qu\u2019elle est certaine que Sylvie \u00e9tait sinc\u00e8re.<br \/>\n<img loading=\"lazy\" decoding=\"async\" aria-describedby=\"caption-attachment-314077\" src=\"data:image\/svg+xml,%3Csvg%20xmlns=\" http:=\"\" alt=\"juls plus belle la vie \" width=\"1200\" height=\"645\" class=\"size-full wp-image-314077\" data-lazy- data-lazy- data-lazy-src=\"https:\/\/www.europesays.com\/fr\/wp-content\/uploads\/2025\/09\/pblv-417ab.jpg\"\/><\/p>\n<p id=\"caption-attachment-314077\" class=\"wp-caption-text\">Jules fait un signalement de maltraitante<\/p>\n<p>Jules d\u00e9barque au commissariat devant Idriss pour faire un <strong>signalement urgent<\/strong> : il y a un \u00e9tudiant qui est la <strong>t\u00eate de turc de l\u2019\u00e9tablissement<\/strong>. Privation de nourriture, punitions diverses et vari\u00e9es\u2026 il soup\u00e7onne que <strong>la direction couvre ces pratiques<\/strong>. Jules assure \u00e0 Idriss qu\u2019il n\u2019a pas \u00e0 craindre pour Louisa\u2026 car ce sont les plus faibles qui sont vis\u00e9s.<\/p>\n<p>Jules r\u00e9v\u00e8le qu\u2019il pense que <strong>Louisa fait partie des bizuteurs<\/strong>. Il lui d\u00e9voile qu\u2019elle a voulu <strong>enfermer Pelletier dans un couloir<\/strong> d\u2019une aile abandonn\u00e9e.<\/p>\n<p>Jules demande \u00e0 Idriss de ne pas parler de lui. Il accepte mais en \u00e9change, il lui demande myst\u00e9rieusement <strong>un service<\/strong>.<\/p>\n<p>Idriss a re\u00e7u un signalement de maltraitance, il vient voir L\u00e9a et lui r\u00e9v\u00e8le qu\u2019on lui a parl\u00e9 du <strong>fameux couloir<\/strong> qui serait une sorte de bizutage. Idriss propose dangereusement \u00e0 L\u00e9a de faire un tour sur place : <strong>\u00e7a ne sera pas facile et forc\u00e9ment ill\u00e9gal<\/strong>.<\/p>\n<p>Jules vient voir Perrot en pr\u00e9tendant qu\u2019il a retrouv\u00e9 un m\u00e9got de cigarettes : il veut <strong>fouiller tous les \u00e9l\u00e8ves<\/strong> pour trouver le paquet de cigarettes.<\/p>\n<p>Louisa doit vider ses poches, et elle sort <strong>la cl\u00e9 du fameux couloir<\/strong>. Jules lui annonce froidement qu\u2019elle est confisqu\u00e9e.<br \/><img loading=\"lazy\" decoding=\"async\" aria-describedby=\"caption-attachment-314081\" src=\"data:image\/svg+xml,%3Csvg%20xmlns=\" http:=\"\" alt=\"jules et perrot pblv \" width=\"1200\" height=\"661\" class=\"size-full wp-image-314081\" data-lazy- data-lazy- data-lazy-src=\"https:\/\/www.europesays.com\/fr\/wp-content\/uploads\/2025\/09\/pblv-417cc.jpg\"\/><\/p>\n<p id=\"caption-attachment-314081\" class=\"wp-caption-text\">Jules pi\u00e8ge Perrot pour obtenir la cl\u00e9 du couloir ?<\/p>\n<p>Idriss dit \u00e0 L\u00e9a que parfois il faut <strong>choisir entre \u00ab\u00a0\u00eatre dans les clous\u00a0\u00bb et \u00eatre efficace<\/strong>. L\u00e9a a peur de ne pas retrouver l\u2019endroit mais Idriss la rassure, pour \u00e7a il sait \u00e0 qui demander.  <\/p>\n<p>Que pensez-vous du nouvel \u00e9pisode de Plus belle la vie ? R\u00e9agissez en commentaire ! \ud83d\udcac Commentez les \u00e9pisodes sur <strong><a href=\"https:\/\/www.nouveautes-tele.com\/57711-forum-plus-belle-la-vie-france-3-vos-avis.html\" rel=\"nofollow noopener\" target=\"_blank\">le forum Plus belle la vie (TF1) <\/a><\/strong> chaque jour. <\/p>\n<p>A suivre <strong>le r\u00e9sum\u00e9 complet de Plus belle la vie en avance du 10 septembre 2025<\/strong> avec l\u2019\u00e9pisode 417 sur TF1. <\/p>\n<p>  &#13;<br \/>\n&#13;<\/p>\n<p> \u00a0 \u00a0\ud83d\udcfa Plus belle la vie &#8211; Intrigue \u00ab\u00a0Le lyc\u00e9e Saint C\u00f4me<br \/>\n    &#13;<\/p>\n<tr>&#13;<br \/>\n            \ud83d\udcc5 Date&#13;<br \/>\n            \ud83c\udfac \u00c9pisode&#13;<br \/>\n            \ud83d\udd25 Point Cl\u00e9&#13;<br \/>\n        <\/tr>\n<p>&#13;<br \/>\n      &#13;<br \/>\n     &#13;<\/p>\n<tr>&#13;<br \/>\n \u00a0 \u00a0 \u00a0 \u00a0 \u00a0 \u00a0<\/p>\n<td>1er septembre 2025<\/td>\n<p>&#13;<\/p>\n<td><a href=\"https:\/\/www.nouveautes-tele.com\/312399-mirta-trahit-robert-le-coup-de-theatre-qui-sauve-le-mistral-plus-belle-la-vie-1er-septembre-2025-episode-410-resume-complet-pblv.html\" target=\"_blank\" rel=\"nofollow noopener\"><strong>410<\/strong><\/a><\/td>\n<p>&#13;<\/p>\n<td>L\u00e9a tente d&rsquo;\u00e9trangler Perrot<\/td>\n<p>&#13;<br \/>\n        <\/tr>\n<p>&#13;<br \/>\n\t\t&#13;<\/p>\n<tr>&#13;<br \/>\n \u00a0 \u00a0 \u00a0 \u00a0 \u00a0 \u00a0<\/p>\n<td>2 septembre 2025<\/td>\n<p>&#13;<\/p>\n<td><a href=\"https:\/\/www.nouveautes-tele.com\/312587-lea-bientot-en-prison-jean-paul-boher-redoute-le-pire-plus-belle-la-vie-2-septembre-2025-episode-411-resume-complet-pblv.html\" target=\"_blank\" rel=\"nofollow noopener\"><strong>411<\/strong><\/a><\/td>\n<p>&#13;<\/p>\n<td>L\u00e9a risque la prison apr\u00e8s sa tentative d&rsquo;homicide<\/td>\n<p>&#13;<br \/>\n        <\/tr>\n<p>&#13;<br \/>\n\t\t&#13;<\/p>\n<tr>&#13;<br \/>\n \u00a0 \u00a0 \u00a0 \u00a0 \u00a0 \u00a0<\/p>\n<td>3 septembre 2025<\/td>\n<p>&#13;<\/p>\n<td><a href=\"https:\/\/www.nouveautes-tele.com\/312829-lea-bouleverse-idriss-la-revelation-inattendue-sur-ines-sa-soeur-disparue-plus-belle-la-vie-3-septembre-2025-episode-412-resume-complet-pblv.html\" target=\"_blank\" rel=\"nofollow noopener\"><strong>412<\/strong><\/a><\/td>\n<p>&#13;<\/p>\n<td>L\u00e9a \u00e9tait amie avec Ines, la soeur d&rsquo;Idriss<\/td>\n<p>&#13;<br \/>\n        <\/tr>\n<p>&#13;<br \/>\n\t\t&#13;<\/p>\n<tr>&#13;<br \/>\n \u00a0 \u00a0 \u00a0 \u00a0 \u00a0 \u00a0<\/p>\n<td>4 septembre 2025<\/td>\n<p>&#13;<\/p>\n<td><a href=\"https:\/\/www.nouveautes-tele.com\/313055-hector-kepler-est-mort-blanche-et-vanessa-aneanties-face-a-son-ultime-adieu-plus-belle-la-vie-4-septembre-2025-episode-414-resume-complet-pblv.html\" target=\"_blank\" rel=\"nofollow noopener\"><strong>413<\/strong><\/a><\/td>\n<p>&#13;<\/p>\n<td>Hector Kepler a fait son dernier voyage, c&rsquo;est fini<\/td>\n<p>&#13;<br \/>\n        <\/tr>\n<p>&#13;<br \/>\n\t\t&#13;<\/p>\n<tr>&#13;<br \/>\n \u00a0 \u00a0 \u00a0 \u00a0 \u00a0 \u00a0<\/p>\n<td>5 septembre 2025<\/td>\n<p>&#13;<\/p>\n<td><a href=\"https:\/\/www.nouveautes-tele.com\/313253-louisa-en-danger-de-mort-lea-parviendra-t-elle-a-la-sauver-plus-belle-la-vie-5-septembre-2025-episode-414-resume-complet-pblv.html\" target=\"_blank\" rel=\"nofollow noopener\"><strong>414<\/strong><\/a><\/td>\n<p>&#13;<br \/>\n \u00a0 \u00a0 \u00a0 \u00a0 \u00a0 \u00a0<\/p>\n<td>Louisa est enferm\u00e9e dans le noir : un rite \u00e0 Saint C\u00f4me <\/td>\n<p>&#13;<br \/>\n        <\/tr>\n<p>&#13;<\/p>\n<tr>&#13;<br \/>\n \u00a0 \u00a0 \u00a0 \u00a0 \u00a0 \u00a0<\/p>\n<td>8 septembre 2025<\/td>\n<p>&#13;<\/p>\n<td><a href=\"https:\/\/www.nouveautes-tele.com\/313643-jules-va-t-il-prevenir-idriss-le-mensonge-de-louisa-pourrait-tout-changer-plus-belle-la-vie-8-septembre-2025-episode-415-resume-complet-pblv.html\" target=\"_blank\" rel=\"nofollow noopener\"><strong>415<\/strong><\/a><\/td>\n<p>&#13;<br \/>\n \u00a0 \u00a0 \u00a0 \u00a0 \u00a0 \u00a0<\/p>\n<td>Idriss n&rsquo;a pas de nouvelles de Louisa : Jules lanceur d&rsquo;alerte ? <\/td>\n<p>&#13;<br \/>\n        <\/tr>\n<p>&#13;<br \/>\n\t&#13;<\/p>\n<tr>&#13;<br \/>\n \u00a0 \u00a0 \u00a0 \u00a0 \u00a0 \u00a0<\/p>\n<td>9 septembre 2025<\/td>\n<p>&#13;<\/p>\n<td><a href=\"https:\/\/www.nouveautes-tele.com\/313829-lea-en-detresse-devant-idriss-impuissant-le-pire-se-produit-plus-belle-la-vie-9-septembre-2025-episode-416-resume-complet-pblv.html\" target=\"_blank\" rel=\"nofollow noopener\"><strong>416<\/strong><\/a><\/td>\n<p>&#13;<br \/>\n \u00a0 \u00a0 \u00a0 \u00a0 \u00a0 \u00a0<\/p>\n<td>Idriss assiste \u00e0 une crise de L\u00e9a avec la voix de Perrot <\/td>\n<p>&#13;<br \/>\n        <\/tr>\n<p>&#13;<\/p>\n<p>Fan de Plus belle la vie sur TF1 ? les s\u00e9ries \u00e0 ne pas manquer <\/p>\n<p>Si vous \u00eates fid\u00e8le \u00e0 Plus belle la vie, voici les autres feuilletons qui pourraient bien vous passionner\u2026  : <a href=\"https:\/\/www.nouveautes-tele.com\/118986-nouveau-feuilleton-sur-tf1.html\" rel=\"nofollow noopener\" target=\"_blank\"><strong>Ici tout commence<\/strong><\/a> \u00e0 18H30 avec Benjamin Baroche et <a href=\"https:\/\/www.nouveautes-tele.com\/62784-resume-demain-nous-appartient-tf1-en-avance-spoilers-devoiles.html\" rel=\"nofollow noopener\" target=\"_blank\"><strong>Demain nous appartient<\/strong> <\/a>avec Ingrid Chauvin \u00e0 19h10 ainsi qu\u2019<strong><a href=\"https:\/\/www.nouveautes-tele.com\/86457-grand-soleil-le-guide-complet-du-feuilleton-france-2-rentree-2018.html\" rel=\"nofollow noopener\" target=\"_blank\">Un si grand soleil<\/a><\/strong> avec Tonya Kinzinger sur France 3 \u00e0 20H40 et <a href=\"https:\/\/www.nouveautes-tele.com\/283724-tout-pour-la-lumiere-tf1-decouvrez-ce-casting-complet-inattendu-liste-des-acteurs.html\" rel=\"nofollow noopener\" target=\"_blank\"> <strong>Tout pour la lumi\u00e8re<\/strong><\/a> chaque jour \u00e0 18h. <\/p>\n<p>-&gt; N&rsquo;h\u00e9sitez pas \u00e0 nous suivre sur <a href=\"https:\/\/whatsapp.com\/channel\/0029Vaff4LEFcowCVHrXqx17\" target=\"_blank\" rel=\"noopener nofollow\"><strong>notre cha\u00eene WhatsApp<\/strong><\/a> pour ne rien manquer des derni\u00e8res actualit\u00e9s de Nouveaut\u00e9s-T\u00e9l\u00e9. &#13;<br \/>\n&#13;<\/p>\n<p>                          <img loading=\"lazy\" decoding=\"async\" width=\"512\" height=\"512\" src=\"data:image\/svg+xml,%3Csvg%20xmlns=\" http:=\"\" alt=\"Logo de Nouveaut\u00e9 t\u00e9l\u00e9\" data-lazy-src=\"https:\/\/www.europesays.com\/fr\/wp-content\/uploads\/2025\/06\/nt-logo.png\"\/><\/p>\n<p>\t\t\t  Isabelle Corteilles<\/p>\n<p>Titou, fondatrice de Nouveaut\u00e9s T\u00e9l\u00e9 en 2014, passionn\u00e9e de m\u00e9dias et incollable sur l\u2019actualit\u00e9 des s\u00e9ries t\u00e9l\u00e9. De la g\u00e9n\u00e9ration Dawson\u2019s Creek et Sous le Soleil, je navigue aujourd\u2019hui entre le Spoon de DNA, les marais salants d\u2019ITC, le Mistral de PBLV et les Sauvages d\u2019Un Si Grand Soleil, pour ne rien rater des derni\u00e8res intrigues et des indiscr\u00e9tions.<\/p>\n","protected":false},"excerpt":{"rendered":"D\u00e9couvrez le r\u00e9sum\u00e9 d\u00e9taill\u00e9 de Plus belle la vie en avance du mercredi 10 septembre 2025 avec l\u2019\u00e9pisode&hellip;\n","protected":false},"author":2,"featured_media":372979,"comment_status":"","ping_status":"","sticky":false,"template":"","format":"standard","meta":{"footnotes":""},"categories":[1356],"tags":[58,59,1011,27,252,1364],"class_list":{"0":"post-372978","1":"post","2":"type-post","3":"status-publish","4":"format-standard","5":"has-post-thumbnail","7":"category-television","8":"tag-divertissement","9":"tag-entertainment","10":"tag-fr","11":"tag-france","12":"tag-television","13":"tag-tv"},"share_on_mastodon":{"url":"https:\/\/pubeurope.com\/@fr\/115163104898280564","error":""},"_links":{"self":[{"href":"https:\/\/www.europesays.com\/fr\/wp-json\/wp\/v2\/posts\/372978","targetHints":{"allow":["GET"]}}],"collection":[{"href":"https:\/\/www.europesays.com\/fr\/wp-json\/wp\/v2\/posts"}],"about":[{"href":"https:\/\/www.europesays.com\/fr\/wp-json\/wp\/v2\/types\/post"}],"author":[{"embeddable":true,"href":"https:\/\/www.europesays.com\/fr\/wp-json\/wp\/v2\/users\/2"}],"replies":[{"embeddable":true,"href":"https:\/\/www.europesays.com\/fr\/wp-json\/wp\/v2\/comments?post=372978"}],"version-history":[{"count":0,"href":"https:\/\/www.europesays.com\/fr\/wp-json\/wp\/v2\/posts\/372978\/revisions"}],"wp:featuredmedia":[{"embeddable":true,"href":"https:\/\/www.europesays.com\/fr\/wp-json\/wp\/v2\/media\/372979"}],"wp:attachment":[{"href":"https:\/\/www.europesays.com\/fr\/wp-json\/wp\/v2\/media?parent=372978"}],"wp:term":[{"taxonomy":"category","embeddable":true,"href":"https:\/\/www.europesays.com\/fr\/wp-json\/wp\/v2\/categories?post=372978"},{"taxonomy":"post_tag","embeddable":true,"href":"https:\/\/www.europesays.com\/fr\/wp-json\/wp\/v2\/tags?post=372978"}],"curies":[{"name":"wp","href":"https:\/\/api.w.org\/{rel}","templated":true}]}}