{"id":372980,"date":"2025-09-07T12:51:11","date_gmt":"2025-09-07T12:51:11","guid":{"rendered":"https:\/\/www.europesays.com\/fr\/372980\/"},"modified":"2025-09-07T12:51:11","modified_gmt":"2025-09-07T12:51:11","slug":"traite-de-vautour-culturel-drake-sattriste-quon-remette-en-cause-son-integrite-artistique","status":"publish","type":"post","link":"https:\/\/www.europesays.com\/fr\/372980\/","title":{"rendered":"Trait\u00e9 de \u00ab\u00a0vautour culturel\u00a0\u00bb, Drake s\u2019attriste qu\u2019on remette en cause son int\u00e9grit\u00e9 artistique"},"content":{"rendered":"<p>Drake ne supporte plus qu\u2019on l\u2019accuse d\u2019\u00eatre un \u00ab\u00a0vautour culturel\u00a0\u00bb. Le <a href=\"https:\/\/www.20minutes.fr\/arts-stars\/people\/4161312-20250701-abdos-drake-convainquent-fans-jarry-emu-anniversaire-jumeaux\" target=\"_blank\" class=\"c-link c-link--is-underlined\" rel=\"noopener\">chanteur de 38 ans<\/a> s\u2019est r\u00e9cemment confi\u00e9 \u00e0 ce sujet dans le podcast Not This Again de Bobbi Althoff, se disant particuli\u00e8rement bless\u00e9 qu\u2019on remette en cause <a href=\"https:\/\/www.20minutes.fr\/arts-stars\/culture\/2600751-20190911-riles-faut-trouve-place-faut-impose\" target=\"_blank\" class=\"c-link c-link--is-underlined\" rel=\"noopener\">son int\u00e9grit\u00e9<\/a> artistique.<\/p>\n<p>\u00ab\u00a0Les gens disent que je suis un vautour culturel. Ils donnent une tournure n\u00e9gative aux efforts collaboratifs que j\u2019ai fournis et aux artistes que j\u2019ai soutenus ou mis en lumi\u00e8re, en pr\u00e9tendant que je profite d\u2019eux\u00a0\u00bb, <a href=\"https:\/\/www.youtube.com\/watch?v=xfqk15Ml4_E\" rel=\"nofollow noopener\" target=\"_blank\" class=\"c-link c-link--is-underlined\">a expliqu\u00e9<\/a> Drake avec amertume.<\/p>\n<p>Des critiques persistantes<\/p>\n<p>Ces reproches ne datent pas d\u2019hier. <a href=\"https:\/\/www.20minutes.fr\/arts-stars\/4134253-20250117-conflit-kendrick-lamar-drake-attaque-universal-label-commun-diffamation\" target=\"_blank\" class=\"c-link c-link--is-underlined\" rel=\"noopener\">Kendrick Lamar<\/a> avait notamment cibl\u00e9 cette facette de la carri\u00e8re de Drake dans leurs \u00e9changes houleux de l\u2019\u00e9t\u00e9 dernier autour de ses titres Euphoria et Not Like Us. Le rappeur britannique Wiley avait \u00e9galement critiqu\u00e9 cette approche en\u00a02019, poussant Drake \u00e0 se d\u00e9fendre publiquement.<\/p>\n<p>\u00ab\u00a0Je d\u00e9teste que les gens pensent que mon int\u00e9r\u00eat pour la musique de ces jeunes qui essaient de percer soit une strat\u00e9gie de rapace, avait-il d\u00e9clar\u00e9 \u00e0 l\u2019\u00e9poque dans l\u2019\u00e9mission 1Xtra Rap Show. Qu\u2019est-ce que \u00e7a veut dire\u00a0? Vous pr\u00e9f\u00e9reriez que je ne reconnaisse rien ou que je ne soutienne personne\u00a0?\u00a0\u00bb<\/p>\n<p>Alors Drake l\u2019assure, ses intentions sont pures et il ne comprendra jamais pourquoi soutenir d\u2019autres artistes n\u2019est pas per\u00e7u comme quelque chose d\u2019admirable.<\/p>\n","protected":false},"excerpt":{"rendered":"Drake ne supporte plus qu\u2019on l\u2019accuse d\u2019\u00eatre un \u00ab\u00a0vautour culturel\u00a0\u00bb. Le chanteur de 38 ans s\u2019est r\u00e9cemment confi\u00e9&hellip;\n","protected":false},"author":2,"featured_media":372981,"comment_status":"","ping_status":"","sticky":false,"template":"","format":"standard","meta":{"footnotes":""},"categories":[1355],"tags":[7257,58,28054,59,1011,27,28055,1361,873,973,133],"class_list":{"0":"post-372980","1":"post","2":"type-post","3":"status-publish","4":"format-standard","5":"has-post-thumbnail","7":"category-musique","8":"tag-critique","9":"tag-divertissement","10":"tag-drake","11":"tag-entertainment","12":"tag-fr","13":"tag-france","14":"tag-kendrick-lamar","15":"tag-music","16":"tag-musique","17":"tag-people","18":"tag-video"},"share_on_mastodon":{"url":"https:\/\/pubeurope.com\/@fr\/115163108684457754","error":""},"_links":{"self":[{"href":"https:\/\/www.europesays.com\/fr\/wp-json\/wp\/v2\/posts\/372980","targetHints":{"allow":["GET"]}}],"collection":[{"href":"https:\/\/www.europesays.com\/fr\/wp-json\/wp\/v2\/posts"}],"about":[{"href":"https:\/\/www.europesays.com\/fr\/wp-json\/wp\/v2\/types\/post"}],"author":[{"embeddable":true,"href":"https:\/\/www.europesays.com\/fr\/wp-json\/wp\/v2\/users\/2"}],"replies":[{"embeddable":true,"href":"https:\/\/www.europesays.com\/fr\/wp-json\/wp\/v2\/comments?post=372980"}],"version-history":[{"count":0,"href":"https:\/\/www.europesays.com\/fr\/wp-json\/wp\/v2\/posts\/372980\/revisions"}],"wp:featuredmedia":[{"embeddable":true,"href":"https:\/\/www.europesays.com\/fr\/wp-json\/wp\/v2\/media\/372981"}],"wp:attachment":[{"href":"https:\/\/www.europesays.com\/fr\/wp-json\/wp\/v2\/media?parent=372980"}],"wp:term":[{"taxonomy":"category","embeddable":true,"href":"https:\/\/www.europesays.com\/fr\/wp-json\/wp\/v2\/categories?post=372980"},{"taxonomy":"post_tag","embeddable":true,"href":"https:\/\/www.europesays.com\/fr\/wp-json\/wp\/v2\/tags?post=372980"}],"curies":[{"name":"wp","href":"https:\/\/api.w.org\/{rel}","templated":true}]}}