{"id":372984,"date":"2025-09-07T12:53:09","date_gmt":"2025-09-07T12:53:09","guid":{"rendered":"https:\/\/www.europesays.com\/fr\/372984\/"},"modified":"2025-09-07T12:53:09","modified_gmt":"2025-09-07T12:53:09","slug":"la-pollution-de-lair-semble-bien-en-cause-dans-la-maladie-a-corps-de-lewy","status":"publish","type":"post","link":"https:\/\/www.europesays.com\/fr\/372984\/","title":{"rendered":"la pollution de l\u2019air semble bien en cause dans la maladie \u00e0 corps de Lewy"},"content":{"rendered":"\n<p>\n    R\u00e9serv\u00e9 aux abonn\u00e9s\n<\/p>\n<p>    Des preuves de plus en plus nombreuses montrent les effets n\u00e9fastes de la pollution de l\u2019air sur le vieillissement du cerveau.<br \/>\n                Sugrit &#8211; stock.adobe.com<\/p>\n<p class=\"fig-standfirst fig-pagination__hidden\">Des chercheurs ont mis en \u00e9vidence un lien entre l\u2019exposition chronique aux particules fines et cette maladie neurod\u00e9g\u00e9n\u00e9rative \u00e0 progression rapide. Un \u00e9l\u00e9ment de plus montrant l\u2019impact de la pollution atmosph\u00e9rique sur les risques de d\u00e9mence.<\/p>\n<p class=\"fig-paragraph\">Alors que l\u2019implication des pesticides est clairement d\u00e9montr\u00e9e dans le d\u00e9veloppement de la maladie de Parkinson, et que la pollution est plus largement soup\u00e7onn\u00e9e de faire le terrain de maladies neurod\u00e9g\u00e9n\u00e9ratives, des r\u00e9sultats viennent apporter un argument suppl\u00e9mentaire au r\u00f4le d\u00e9l\u00e9t\u00e8re de la pollution sur le cerveau.\u00a0<a href=\"https:\/\/www.science.org\/doi\/10.1126\/science.adu4132\" target=\"_blank\" rel=\"sponsored noopener nofollow\" data-gtm-custom-categorie=\"navigation\" data-gtm-custom-action=\"crossclick\" data-gtm-custom-label=\"Contextuel\" data-gtm-event=\"customEventSPE\">Dans des travaux publi\u00e9s dans Science,<\/a>\u00a0une \u00e9quipe a mis en \u00e9vidence un m\u00e9canisme par lequel l\u2019exposition aux particules fines pourrait contribuer \u00e0 l\u2019accumulation d\u2019agr\u00e9gats d\u2019alpha-synucl\u00e9ine, une prot\u00e9ine responsable de la maladie \u00e0 corps de Lewy. Cinq ans apr\u00e8s\u00a0<a href=\"https:\/\/jnnp.bmj.com\/content\/91\/9\/968\" target=\"_blank\" rel=\"sponsored noopener nofollow\" data-gtm-custom-categorie=\"navigation\" data-gtm-custom-action=\"crossclick\" data-gtm-custom-label=\"Contextuel\" data-gtm-event=\"customEventSPE\">la d\u00e9couverte de micropolluants dans le syst\u00e8me nerveux de patients<\/a>\u00a0souffrant de cette pathologie, qui emprunte \u00e0 la fois des sympt\u00f4mes aux maladies d\u2019Alzheimer et de Parkinson, \u00ab\u00a0notre \u00e9tude ajoute la maladie \u00e0 corps de Lewy \u00e0 la liste croissante des maladies chroniques graves associ\u00e9es \u00e0 une mauvaise qualit\u00e9 de l\u2019air\u00a0\u00bb, souligne Xiaobo Mao, chercheur au d\u00e9partement de neurologie de l\u2019Universit\u00e9 Johns Hopkins\u2026<\/p>\n<p class=\"fig-premium-paywall__infos\">\n        Cet article est r\u00e9serv\u00e9 aux abonn\u00e9s.        Il vous reste 83% \u00e0 d\u00e9couvrir.\n    <\/p>\n<p>                <img  data- alt=\"Le Figaro\" class=\"fig-img--complete fig-img\"\/><\/p>\n<p class=\"fig-premium-paywall__title\">Vente Flash<\/p>\n<p class=\"fig-premium-paywall__subtitle\">4,99\u20ac par mois pendant 12 mois. Sans engagement<\/p>\n<p class=\"fig-premium-paywall__connect\">\n                D\u00e9j\u00e0 abonn\u00e9\u00a0?                <a class=\"fig-premium-paywall__connect-link\" href=\"https:\/\/connect.lefigaro.fr\/login?client=sante_web&amp;type=main&amp;redirect_uri=https%3A%2F%2Fsante.lefigaro.fr%2Fsocial%2Fsante-publique%2Fdemence-la-pollution-de-l-air-semble-bien-en-cause-dans-la-maladie-a-corps-de-lewy-20250907\" data-js-gtm=\"{&quot;customCategorie&quot;: &quot;conversion&quot;, &quot;customAction&quot;: &quot;before_Landing_Connexion_paywall_auto&quot;, &quot;customLabel&quot;: &quot;c2FudGUubGVmaWdhcm8uZnJfXzFmMDhhNjk0LWY4NzMtNmNhMi1hODA1LTM3YTBhNmZkMzNhNV9fQXJ0aWNsZQ==_D\u00e9mence\u00a0: la pollution de l\u2019air semble bien en cause dans la maladie \u00e0 corps de Lewy_1000&quot;, &quot;customIDSPE&quot;: &quot;c2FudGUubGVmaWdhcm8uZnJfXzFmMDhhNjk0LWY4NzMtNmNhMi1hODA1LTM3YTBhNmZkMzNhNV9fQXJ0aWNsZQ==&quot;, &quot;event&quot;: &quot;customEventSPE&quot;}\" rel=\"nofollow noopener\" target=\"_blank\"><br \/>\n                    Connectez-vous<br \/>\n                <\/a>\n            <\/p>\n<p>La r\u00e9daction vous conseille<\/p>\n<p class=\"fig-headline-tabbar\">\n        D\u00e9mence\u00a0: la pollution de l\u2019air semble bien en cause dans la maladie \u00e0 corps de Lewy\n    <\/p>\n<p>            <a href=\"https:\/\/abonnement.lefigaro.fr\/abonnement-premium-figaro-vente-flash?app=Figaro&amp;source=sticky-mobile&amp;redirect_uri=https%3A%2F%2Fsante.lefigaro.fr%2Fsocial%2Fsante-publique%2Fdemence-la-pollution-de-l-air-semble-bien-en-cause-dans-la-maladie-a-corps-de-lewy-20250907\" class=\"fig-subscription-button fig-subscription-button--mobile\" data-gtm=\"{&quot;customCategorie&quot;: &quot;conversion&quot;, &quot;customAction&quot;: &quot;before_Landing_Premium_Tapbar&quot;, &quot;customLabel&quot;: &quot;c2FudGUubGVmaWdhcm8uZnJfXzFmMDhhNjk0LWY4NzMtNmNhMi1hODA1LTM3YTBhNmZkMzNhNV9fQXJ0aWNsZQ==_demence_la_pollution_de_l_air_semble_bien_en_cause_dans_la_maladie_a_corps_de_lewy&quot;, &quot;customIDSPE&quot;: &quot;c2FudGUubGVmaWdhcm8uZnJfXzFmMDhhNjk0LWY4NzMtNmNhMi1hODA1LTM3YTBhNmZkMzNhNV9fQXJ0aWNsZQ==&quot;, &quot;event&quot;: &quot;customEventSPE&quot;}\" referrerpolicy=\"unsafe-url\" rel=\"nofollow noopener\" target=\"_blank\"><br \/>\n    S&rsquo;ABONNER<br \/>\n<\/a><\/p>\n<p>        Fermer<\/p>\n<p>            <a href=\"https:\/\/abonnement.lefigaro.fr\/abonnement-premium-figaro-vente-flash?app=Figaro&amp;source=sticky-desktop&amp;redirect_uri=https%3A%2F%2Fsante.lefigaro.fr%2Fsocial%2Fsante-publique%2Fdemence-la-pollution-de-l-air-semble-bien-en-cause-dans-la-maladie-a-corps-de-lewy-20250907\" class=\"fig-subscription-button fig-subscription-button--desktop\" data-gtm=\"{&quot;customCategorie&quot;: &quot;conversion&quot;, &quot;customAction&quot;: &quot;before_Landing_Premium_Tapbar&quot;, &quot;customLabel&quot;: &quot;c2FudGUubGVmaWdhcm8uZnJfXzFmMDhhNjk0LWY4NzMtNmNhMi1hODA1LTM3YTBhNmZkMzNhNV9fQXJ0aWNsZQ==_demence_la_pollution_de_l_air_semble_bien_en_cause_dans_la_maladie_a_corps_de_lewy&quot;, &quot;customIDSPE&quot;: &quot;c2FudGUubGVmaWdhcm8uZnJfXzFmMDhhNjk0LWY4NzMtNmNhMi1hODA1LTM3YTBhNmZkMzNhNV9fQXJ0aWNsZQ==&quot;, &quot;event&quot;: &quot;customEventSPE&quot;}\" referrerpolicy=\"unsafe-url\" rel=\"nofollow noopener\" target=\"_blank\"><br \/>\n    S&rsquo;abonner<br \/>\n<\/a><\/p>\n<p>        <a class=\"fig-a11y-skip a11y-hidden\" href=\"#fig-a11y-skip-bottom-taboola-new-site-below-article-thumbnails-premium-paywall\"><br \/>\n        Passer la publicit\u00e9<br \/>\n    <\/a><\/p>\n<p>        <a class=\"fig-a11y-skip a11y-hidden\" href=\"#fig-a11y-skip-bottom-taboola-new-site-mobile-feed-article-premium-paywall\"><br \/>\n        Passer la publicit\u00e9<br \/>\n    <\/a><\/p>\n<ol class=\"fig-related-content__list\">\n<li class=\"fig-related-content__item\">\n<p>            <a href=\"https:\/\/sante.lefigaro.fr\/medecine\/nous-le-voyons-en-direct-a-une-echelle-sans-precedent-des-chercheurs-observent-le-cerveau-lors-d-une-prise-de-decision-20250903\" class=\"fig-ranking-profile-link\" aria-label=\"\u00abNous le voyons en direct, \u00e0 une \u00e9chelle sans pr\u00e9c\u00e9dent\u00bb: des chercheurs observent le cerveau lors d\u2019une prise de d\u00e9cision (article Premium)\" title=\"\u00abNous le voyons en direct, \u00e0 une \u00e9chelle sans pr\u00e9c\u00e9dent\u00bb: des chercheurs observent le cerveau lors d\u2019une prise de d\u00e9cision (article Premium)\" data-gtm=\"{&quot;event&quot;:&quot;customEventGA4&quot;,&quot;eventName&quot;:&quot;click_navigation&quot;,&quot;location&quot;:&quot;bloc_sur_lememe_theme&quot;,&quot;feature&quot;:&quot;new_article_blocs&quot;,&quot;feature_details&quot;:&quot;Sur le m\\u00eame th\\u00e8me&quot;,&quot;button_action&quot;:&quot;crossclick&quot;}\" data-fig-domain=\"LEFIGARO\" rel=\"nofollow noopener\" target=\"_blank\"><\/p>\n<p>        \u00abNous le voyons en direct, \u00e0 une \u00e9chelle sans pr\u00e9c\u00e9dent\u00bb: des chercheurs observent le cerveau lors d\u2019une prise de d\u00e9cision<\/p>\n<p>                                                <\/a><\/p>\n<p>        <img   class=\"fig-img fig-ranking-profile-media-small-picture__photo\" alt=\"\u00abNous le voyons en direct, \u00e0 une \u00e9chelle sans pr\u00e9c\u00e9dent\u00bb: des chercheurs observent le cerveau lors d\u2019une prise de d\u00e9cision\" height=\"694\" width=\"1234\"\/><\/p>\n<p class=\"fig-ranking-profile-standfirst\">\n    <strong>D\u00c9CRYPTAGE &#8211; <\/strong>Deux publications montrent que l\u2019ensemble du cerveau est impliqu\u00e9 de la perception du stimulus \u00e0 la d\u00e9cision qui en d\u00e9coule, et que les a priori interviennent tr\u00e8s t\u00f4t dans le processus.\n<\/p>\n<\/li>\n<li class=\"fig-related-content__item\">\n<p>            <a href=\"https:\/\/sante.lefigaro.fr\/medecine\/les-anticorps-de-lamas-pourront-ils-soigner-les-maladies-du-cerveau-20250901\" class=\"fig-ranking-profile-link\" aria-label=\"Les anticorps de lamas pourront-ils soigner les maladies du cerveau\u00a0? (article Premium)\" title=\"Les anticorps de lamas pourront-ils soigner les maladies du cerveau\u00a0? (article Premium)\" data-gtm=\"{&quot;event&quot;:&quot;customEventGA4&quot;,&quot;eventName&quot;:&quot;click_navigation&quot;,&quot;location&quot;:&quot;bloc_sur_lememe_theme&quot;,&quot;feature&quot;:&quot;new_article_blocs&quot;,&quot;feature_details&quot;:&quot;Sur le m\\u00eame th\\u00e8me&quot;,&quot;button_action&quot;:&quot;crossclick&quot;}\" data-fig-domain=\"LEFIGARO\" rel=\"nofollow noopener\" target=\"_blank\"><\/p>\n<p>        Les anticorps de lamas pourront-ils soigner les maladies du cerveau\u00a0?<\/p>\n<p>                                                <\/a><\/p>\n<p>        <img   class=\"fig-img fig-ranking-profile-media-small-picture__photo\" alt=\"Les anticorps de lamas pourront-ils soigner les maladies du cerveau\u00a0?\" height=\"1495\" width=\"2658\"\/><\/p>\n<p class=\"fig-ranking-profile-standfirst\">\n    Les cam\u00e9lid\u00e9s sont les seuls mammif\u00e8res connus \u00e0 ce jour pour produire des mini-anticorps capables de rentrer et de diffuser dans le cerveau.\n<\/p>\n<\/li>\n<li class=\"fig-related-content__item\">\n<p>            <a href=\"https:\/\/sante.lefigaro.fr\/medecine\/accidents-maladies-comment-le-cerveau-parvient-a-se-reparer-20250815\" class=\"fig-ranking-profile-link\" aria-label=\"Accidents, maladies... Comment le cerveau parvient \u00e0 se r\u00e9parer (article Premium)\" title=\"Accidents, maladies... Comment le cerveau parvient \u00e0 se r\u00e9parer (article Premium)\" data-gtm=\"{&quot;event&quot;:&quot;customEventGA4&quot;,&quot;eventName&quot;:&quot;click_navigation&quot;,&quot;location&quot;:&quot;bloc_sur_lememe_theme&quot;,&quot;feature&quot;:&quot;new_article_blocs&quot;,&quot;feature_details&quot;:&quot;Sur le m\\u00eame th\\u00e8me&quot;,&quot;button_action&quot;:&quot;crossclick&quot;}\" data-fig-domain=\"LEFIGARO\" rel=\"nofollow noopener\" target=\"_blank\"><\/p>\n<p>        Accidents, maladies&#8230; Comment le cerveau parvient \u00e0 se r\u00e9parer<\/p>\n<p>                                                <\/a><\/p>\n<p>        <img   class=\"fig-img fig-ranking-profile-media-small-picture__photo\" alt=\"Accidents, maladies... Comment le cerveau parvient \u00e0 se r\u00e9parer\" height=\"1723\" width=\"3000\"\/><\/p>\n<p class=\"fig-ranking-profile-standfirst\">\n    <strong>D\u00c9CRYPTAGE <\/strong>&#8211; La capacit\u00e9 de l\u2019organe \u00e0 se modifier en permanence peut \u00eatre stimul\u00e9e par la r\u00e9\u00e9ducation, les impulsions \u00e9lectriques ou l\u2019injection de cellules souches.\n<\/p>\n<\/li>\n<li class=\"fig-related-content__item\">\n<p>            <a href=\"https:\/\/sante.lefigaro.fr\/mieux-etre\/manger-pour-mieux-penser-quels-sont-les-besoins-du-cerveau-pour-bien-fonctionner-20250814\" class=\"fig-ranking-profile-link\" aria-label=\"Manger pour mieux penser\u00a0: quels sont les besoins du cerveau pour bien fonctionner\u00a0? (article Premium)\" title=\"Manger pour mieux penser\u00a0: quels sont les besoins du cerveau pour bien fonctionner\u00a0? (article Premium)\" data-gtm=\"{&quot;event&quot;:&quot;customEventGA4&quot;,&quot;eventName&quot;:&quot;click_navigation&quot;,&quot;location&quot;:&quot;bloc_sur_lememe_theme&quot;,&quot;feature&quot;:&quot;new_article_blocs&quot;,&quot;feature_details&quot;:&quot;Sur le m\\u00eame th\\u00e8me&quot;,&quot;button_action&quot;:&quot;crossclick&quot;}\" data-fig-domain=\"LEFIGARO\" rel=\"nofollow noopener\" target=\"_blank\"><\/p>\n<p>        Manger pour mieux penser\u00a0: quels sont les besoins du cerveau pour bien fonctionner\u00a0?<\/p>\n<p>                                                <\/a><\/p>\n<p>        <img   class=\"fig-img fig-ranking-profile-media-small-picture__photo\" alt=\"Manger pour mieux penser\u00a0: quels sont les besoins du cerveau pour bien fonctionner\u00a0?\" height=\"1602\" width=\"2848\"\/><\/p>\n<p class=\"fig-ranking-profile-standfirst\">\n    <strong>NOS CONSEILS<\/strong> &#8211; Pour bien fonctionner, les neurones doivent consommer 500 calories par jour. Certains aliments permettent d\u2019am\u00e9liorer leur d\u00e9veloppement, notamment au cours de l\u2019enfance.\n<\/p>\n<\/li>\n<li class=\"fig-related-content__item\">\n<p>            <a href=\"https:\/\/sante.lefigaro.fr\/medecine\/face-a-l-image-d-une-personne-malade-le-cerveau-semble-capable-d-activer-le-systeme-immunitaire-afin-de-se-proteger-20250811\" class=\"fig-ranking-profile-link\" aria-label=\"Face \u00e0 l\u2019image d\u2019une personne malade, le cerveau semble capable d\u2019activer le syst\u00e8me immunitaire pour se prot\u00e9ger (article Premium)\" title=\"Face \u00e0 l\u2019image d\u2019une personne malade, le cerveau semble capable d\u2019activer le syst\u00e8me immunitaire pour se prot\u00e9ger (article Premium)\" data-gtm=\"{&quot;event&quot;:&quot;customEventGA4&quot;,&quot;eventName&quot;:&quot;click_navigation&quot;,&quot;location&quot;:&quot;bloc_sur_lememe_theme&quot;,&quot;feature&quot;:&quot;new_article_blocs&quot;,&quot;feature_details&quot;:&quot;Sur le m\\u00eame th\\u00e8me&quot;,&quot;button_action&quot;:&quot;crossclick&quot;}\" data-fig-domain=\"LEFIGARO\" rel=\"nofollow noopener\" target=\"_blank\"><\/p>\n<p>        Face \u00e0 l\u2019image d\u2019une personne malade, le cerveau semble capable d\u2019activer le syst\u00e8me immunitaire pour se prot\u00e9ger<\/p>\n<p>                                                <\/a><\/p>\n<p>        <img   class=\"fig-img fig-ranking-profile-media-small-picture__photo\" alt=\"Face \u00e0 l\u2019image d\u2019une personne malade, le cerveau semble capable d\u2019activer le syst\u00e8me immunitaire pour se prot\u00e9ger\" height=\"1687\" width=\"3000\"\/><\/p>\n<p class=\"fig-ranking-profile-standfirst\">\n    Des chercheurs ont observ\u00e9 qu\u2019une simple pr\u00e9sence en r\u00e9alit\u00e9 virtuelle d\u2019un avatar affichant des sympt\u00f4mes visibles pouvait d\u00e9clencher une r\u00e9ponse de d\u00e9fense de l\u2019organisme, comme face \u00e0 un virus ou une bact\u00e9rie.\n<\/p>\n<\/li>\n<li class=\"fig-related-content__item\">\n<p>            <a href=\"https:\/\/sante.lefigaro.fr\/medecine\/quand-le-cerveau-se-nettoie-en-dormant-20250811\" class=\"fig-ranking-profile-link\" aria-label=\"Quand le cerveau se nettoie en dormant (article Premium)\" title=\"Quand le cerveau se nettoie en dormant (article Premium)\" data-gtm=\"{&quot;event&quot;:&quot;customEventGA4&quot;,&quot;eventName&quot;:&quot;click_navigation&quot;,&quot;location&quot;:&quot;bloc_sur_lememe_theme&quot;,&quot;feature&quot;:&quot;new_article_blocs&quot;,&quot;feature_details&quot;:&quot;Sur le m\\u00eame th\\u00e8me&quot;,&quot;button_action&quot;:&quot;crossclick&quot;}\" data-fig-domain=\"LEFIGARO\" rel=\"nofollow noopener\" target=\"_blank\"><\/p>\n<p>        Quand le cerveau se nettoie en dormant<\/p>\n<p>                                                <\/a><\/p>\n<p>        <img   class=\"fig-img fig-ranking-profile-media-small-picture__photo\" alt=\"Quand le cerveau se nettoie en dormant\" height=\"1687\" width=\"3000\"\/><\/p>\n<p class=\"fig-ranking-profile-standfirst\">\n    <strong>D\u00c9CRYPTAGE <\/strong>&#8211; L\u2019enc\u00e9phale b\u00e9n\u00e9ficie d\u2019un syst\u00e8me d\u2019\u00e9vacuation des d\u00e9chets sp\u00e9cifique, gr\u00e2ce \u00e0 un liquide qui va et vient dans le tissu c\u00e9r\u00e9bral.\n<\/p>\n<\/li>\n<li class=\"fig-related-content__item\">\n<p>            <a href=\"https:\/\/sante.lefigaro.fr\/mieux-etre\/que-se-passe-t-il-dans-notre-cerveau-quand-on-apprend-20250808\" class=\"fig-ranking-profile-link\" aria-label=\"Que se passe-t-il dans notre cerveau quand on apprend\u00a0? (article Premium)\" title=\"Que se passe-t-il dans notre cerveau quand on apprend\u00a0? (article Premium)\" data-gtm=\"{&quot;event&quot;:&quot;customEventGA4&quot;,&quot;eventName&quot;:&quot;click_navigation&quot;,&quot;location&quot;:&quot;bloc_sur_lememe_theme&quot;,&quot;feature&quot;:&quot;new_article_blocs&quot;,&quot;feature_details&quot;:&quot;Sur le m\\u00eame th\\u00e8me&quot;,&quot;button_action&quot;:&quot;crossclick&quot;}\" data-fig-domain=\"LEFIGARO\" rel=\"nofollow noopener\" target=\"_blank\"><\/p>\n<p>        Que se passe-t-il dans notre cerveau quand on apprend\u00a0?<\/p>\n<p>                                                <\/a><\/p>\n<p>        <img   class=\"fig-img fig-ranking-profile-media-small-picture__photo\" alt=\"Que se passe-t-il dans notre cerveau quand on apprend\u00a0?\" height=\"2000\" width=\"3000\"\/><\/p>\n<p class=\"fig-ranking-profile-standfirst\">\n    <strong>D\u00c9CRYPTAGE &#8211;<\/strong> Le cerveau ne s\u2019use que si l\u2019on ne s\u2019en sert pas et \u00e0 tout \u00e2ge, l\u2019effort est payant pour peu que l\u2019on soit v\u00e9ritablement motiv\u00e9.\n<\/p>\n<\/li>\n<li class=\"fig-related-content__item\">\n<p>            <a href=\"https:\/\/sante.lefigaro.fr\/medecine\/une-sentinelle-tournee-vers-notre-identite-profonde-cet-etrange-mode-par-defaut-du-cerveau-inactif-20250807\" class=\"fig-ranking-profile-link\" aria-label=\"\u00abUne sentinelle\u00bb tourn\u00e9e vers \u00abnotre identit\u00e9 profonde\u00bb\u00a0: cet \u00e9trange \u00abmode par d\u00e9faut\u00bb du cerveau inactif (article Premium)\" title=\"\u00abUne sentinelle\u00bb tourn\u00e9e vers \u00abnotre identit\u00e9 profonde\u00bb\u00a0: cet \u00e9trange \u00abmode par d\u00e9faut\u00bb du cerveau inactif (article Premium)\" data-gtm=\"{&quot;event&quot;:&quot;customEventGA4&quot;,&quot;eventName&quot;:&quot;click_navigation&quot;,&quot;location&quot;:&quot;bloc_sur_lememe_theme&quot;,&quot;feature&quot;:&quot;new_article_blocs&quot;,&quot;feature_details&quot;:&quot;Sur le m\\u00eame th\\u00e8me&quot;,&quot;button_action&quot;:&quot;crossclick&quot;}\" data-fig-domain=\"LEFIGARO\" rel=\"nofollow noopener\" target=\"_blank\"><\/p>\n<p>        \u00abUne sentinelle\u00bb tourn\u00e9e vers \u00abnotre identit\u00e9 profonde\u00bb\u00a0: cet \u00e9trange \u00abmode par d\u00e9faut\u00bb du cerveau inactif<\/p>\n<p>                                                <\/a><\/p>\n<p>        <img   class=\"fig-img fig-ranking-profile-media-small-picture__photo\" alt=\"\u00abUne sentinelle\u00bb tourn\u00e9e vers \u00abnotre identit\u00e9 profonde\u00bb\u00a0: cet \u00e9trange \u00abmode par d\u00e9faut\u00bb du cerveau inactif\" height=\"1686\" width=\"2998\"\/><\/p>\n<p class=\"fig-ranking-profile-standfirst\">\n    <strong>D\u00c9CRYPTAGE <\/strong>&#8211; Cette d\u00e9couverte a \u00e9t\u00e9 rendue possible dans les ann\u00e9es 1990, gr\u00e2ce aux progr\u00e8s en termes d\u2019imagerie c\u00e9r\u00e9brale.\n<\/p>\n<\/li>\n<li class=\"fig-related-content__item\">\n<p>            <a href=\"https:\/\/sante.lefigaro.fr\/mieux-etre\/la-bonne-hygiene-de-l-attention-nos-conseils-pour-mieux-se-concentrer-20250805\" class=\"fig-ranking-profile-link\" aria-label=\"La bonne hygi\u00e8ne de l\u2019attention: nos conseils pour mieux se concentrer (article Premium)\" title=\"La bonne hygi\u00e8ne de l\u2019attention: nos conseils pour mieux se concentrer (article Premium)\" data-gtm=\"{&quot;event&quot;:&quot;customEventGA4&quot;,&quot;eventName&quot;:&quot;click_navigation&quot;,&quot;location&quot;:&quot;bloc_sur_lememe_theme&quot;,&quot;feature&quot;:&quot;new_article_blocs&quot;,&quot;feature_details&quot;:&quot;Sur le m\\u00eame th\\u00e8me&quot;,&quot;button_action&quot;:&quot;crossclick&quot;}\" data-fig-domain=\"LEFIGARO\" rel=\"nofollow noopener\" target=\"_blank\"><\/p>\n<p>        La bonne hygi\u00e8ne de l\u2019attention: nos conseils pour mieux se concentrer<\/p>\n<p>                                                <\/a><\/p>\n<p>        <img   class=\"fig-img fig-ranking-profile-media-small-picture__photo\" alt=\"La bonne hygi\u00e8ne de l\u2019attention: nos conseils pour mieux se concentrer\" height=\"1686\" width=\"2998\"\/><\/p>\n<p class=\"fig-ranking-profile-standfirst\">\n    D\u00e9bord\u00e9es de sollicitations, de plus en plus de personnes ont du mal \u00e0 effectuer un travail, \u00e0 lire un livre, ou suivre une conversation sans d\u00e9crocher. Alors, quelle m\u00e9thode pour fixer son attention\u00a0?\n<\/p>\n<\/li>\n<li class=\"fig-related-content__item\">\n<p>            <a href=\"https:\/\/sante.lefigaro.fr\/social\/sante-publique\/cerveau-poumon-intestin-les-impacts-inquietants-des-microplastiques-sur-la-sante-20250805\" class=\"fig-ranking-profile-link\" aria-label=\"Cerveau, poumon, intestin...\u00a0Les impacts inqui\u00e9tants des microplastiques sur la sant\u00e9 (article Premium)\" title=\"Cerveau, poumon, intestin...\u00a0Les impacts inqui\u00e9tants des microplastiques sur la sant\u00e9 (article Premium)\" data-gtm=\"{&quot;event&quot;:&quot;customEventGA4&quot;,&quot;eventName&quot;:&quot;click_navigation&quot;,&quot;location&quot;:&quot;bloc_sur_lememe_theme&quot;,&quot;feature&quot;:&quot;new_article_blocs&quot;,&quot;feature_details&quot;:&quot;Sur le m\\u00eame th\\u00e8me&quot;,&quot;button_action&quot;:&quot;crossclick&quot;}\" data-fig-domain=\"LEFIGARO\" rel=\"nofollow noopener\" target=\"_blank\"><\/p>\n<p>        Cerveau, poumon, intestin&#8230;\u00a0Les impacts inqui\u00e9tants des microplastiques sur la sant\u00e9<\/p>\n<p>                                                <\/a><\/p>\n<p>        <img   class=\"fig-img fig-ranking-profile-media-small-picture__photo\" alt=\"Cerveau, poumon, intestin...\u00a0Les impacts inqui\u00e9tants des microplastiques sur la sant\u00e9\" height=\"1602\" width=\"2849\"\/><\/p>\n<p class=\"fig-ranking-profile-standfirst\">\n    <strong>D\u00c9CRYPTAGE <\/strong>&#8211; De plus en plus d\u2019\u00e9tudes scientifiques commencent \u00e0 mettre en \u00e9vidence les effets n\u00e9fastes des petites particules de polym\u00e8res sur la sant\u00e9 humaine.\n<\/p>\n<\/li>\n<\/ol>\n","protected":false},"excerpt":{"rendered":"R\u00e9serv\u00e9 aux abonn\u00e9s Des preuves de plus en plus nombreuses montrent les effets n\u00e9fastes de la pollution de&hellip;\n","protected":false},"author":2,"featured_media":372985,"comment_status":"","ping_status":"","sticky":false,"template":"","format":"standard","meta":{"footnotes":""},"categories":[10],"tags":[231,1011,27,72,71],"class_list":{"0":"post-372984","1":"post","2":"type-post","3":"status-publish","4":"format-standard","5":"has-post-thumbnail","7":"category-sante","8":"tag-cerveau","9":"tag-fr","10":"tag-france","11":"tag-health","12":"tag-sante"},"share_on_mastodon":{"url":"https:\/\/pubeurope.com\/@fr\/115163116627804281","error":""},"_links":{"self":[{"href":"https:\/\/www.europesays.com\/fr\/wp-json\/wp\/v2\/posts\/372984","targetHints":{"allow":["GET"]}}],"collection":[{"href":"https:\/\/www.europesays.com\/fr\/wp-json\/wp\/v2\/posts"}],"about":[{"href":"https:\/\/www.europesays.com\/fr\/wp-json\/wp\/v2\/types\/post"}],"author":[{"embeddable":true,"href":"https:\/\/www.europesays.com\/fr\/wp-json\/wp\/v2\/users\/2"}],"replies":[{"embeddable":true,"href":"https:\/\/www.europesays.com\/fr\/wp-json\/wp\/v2\/comments?post=372984"}],"version-history":[{"count":0,"href":"https:\/\/www.europesays.com\/fr\/wp-json\/wp\/v2\/posts\/372984\/revisions"}],"wp:featuredmedia":[{"embeddable":true,"href":"https:\/\/www.europesays.com\/fr\/wp-json\/wp\/v2\/media\/372985"}],"wp:attachment":[{"href":"https:\/\/www.europesays.com\/fr\/wp-json\/wp\/v2\/media?parent=372984"}],"wp:term":[{"taxonomy":"category","embeddable":true,"href":"https:\/\/www.europesays.com\/fr\/wp-json\/wp\/v2\/categories?post=372984"},{"taxonomy":"post_tag","embeddable":true,"href":"https:\/\/www.europesays.com\/fr\/wp-json\/wp\/v2\/tags?post=372984"}],"curies":[{"name":"wp","href":"https:\/\/api.w.org\/{rel}","templated":true}]}}