{"id":372987,"date":"2025-09-07T12:55:11","date_gmt":"2025-09-07T12:55:11","guid":{"rendered":"https:\/\/www.europesays.com\/fr\/372987\/"},"modified":"2025-09-07T12:55:11","modified_gmt":"2025-09-07T12:55:11","slug":"je-suis-en-fait-tres-timide","status":"publish","type":"post","link":"https:\/\/www.europesays.com\/fr\/372987\/","title":{"rendered":"\u201cJe suis en fait tr\u00e8s timide\u201d\u00a0"},"content":{"rendered":"<p>Par <a class=\"author_recette\" id=\"author_name\" href=\"https:\/\/www.nextplz.fr\/auteur\/fiona-valinski\" rel=\"nofollow noopener\" target=\"_blank\">Fiona<br \/>\nMaherault<\/a> &#8211;<br \/>\nPubli\u00e9 le 07 Sep 2025 \u00e0<br \/>\n13:30<\/p>\n<p class=\"article-intro excerpt\">La chanteuse et actrice Amanda<br \/>\nLear fait de surprenantes r\u00e9v\u00e9lations sur sa vie personnelle, et<br \/>\nadmet ne pas \u00eatre celle que l\u2019on pense.<\/p>\n<p><img width=\"750\" height=\"410\" src=\"https:\/\/www.europesays.com\/fr\/wp-content\/uploads\/2025\/09\/design-sans-titre-5-750x410.jpg\" class=\"img-responsive alignnone size-full pinit-here zoom-it\" alt=\"Amanda Lear r\u00e9v\u00e8le ses angoisses et ses peurs : \u201cJe suis en fait tr\u00e8s timide\u201d\" fetchpriority=\"high\" data-lazyloading=\"false\" decoding=\"async\"\/><\/p>\n<p>\u00a9 shuttertsock<\/p>\n<p>Amanda Lear a aujourd\u2019hui 86 ans, mais n\u2019a pas n\u2019est clairement<br \/>\npas pr\u00eate \u00e0 prendre sa retraite ! <a href=\"https:\/\/www.nextplz.fr\/people\/506070-amanda-lear-fauchee-lactrice-surprend-en-revelant-que-son-heritage-reviendra-a-ses-chats\" rel=\"nofollow noopener\" target=\"_blank\"><br \/>\nL\u2019actrice est en effet de retour<\/a> \u00e0 la rentr\u00e9e pour un nouveau<br \/>\nfilm Toujours Possible. Dans cette com\u00e9die romantique,<br \/>\nelle incarne une m\u00e8re qui doit aider sa fille, \u00e2g\u00e9e de 55 ans, \u00e0<br \/>\navoir un b\u00e9b\u00e9 gr\u00e2ce \u00e0 la procr\u00e9ation assist\u00e9e. En pleine promotion<br \/>\ndu film, elle a \u00e9t\u00e9 re\u00e7ue ce samedi 6 septembre par Isabelle<br \/>\nIthurburu dans 50 min Inside.\u00a0<\/p>\n<p>L\u2019interpr\u00e8te de Follow Me longtemps critiqu\u00e9e pour ses<br \/>\nprises de position<\/p>\n<p>Alors que de son nouveau film, elle incarne une m\u00e8re, bient\u00f4t<br \/>\ngrand-m\u00e8re, Amanda Lear a toujours assum\u00e9 son d\u00e9sir de ne pas<br \/>\nfonder de famille. Une prise de position qui lui a valu de<br \/>\nnombreuses critiques. Mais tout au long de sa vie, elle a continu\u00e9<br \/>\n\u00e0 mener une vie ind\u00e9pendante : \u00ab\u00a0Il y a des femmes qui, comme<br \/>\nmoi, ont envie de profiter de la vie. On est malheureusement dans<br \/>\nune soci\u00e9t\u00e9 o\u00f9 l\u00a0\u00bbon nous dit \u00e0 un certain \u00e2ge il faudrait se<br \/>\ncalmer, il faudrait presque devenir chaisi\u00e8re \u00e0 Saint-Sulpice ! Il<br \/>\nfaut profiter de la vie.\u00a0\u00bb<\/p>\n<p>Amanda Lear : \u201cLes gens comme moi qui sont tr\u00e8s grandes<br \/>\ngueules\u2026\u201d\u00a0<\/p>\n<p>L\u2019ancienne muse de Salvador Dal\u00ed avoue cependant que bien qu\u2019elle<br \/>\nsemble avoir vraiment confiance en elle, elle a de nombreuses<br \/>\nfailles : \u201cJ&rsquo;en ai, comme tout le monde, oui. Je suis en fait<br \/>\ntr\u00e8s timide\u201d, \u201cVous savez, ces gens qui, comme ils ont peur dans le<br \/>\nnoir, se mettent \u00e0 chanter tr\u00e8s fort par r\u00e9action, parce que sinon<br \/>\nils sont terroris\u00e9s, sont un petit peu \u00e7a (comme moi)\u00a0\u00bb.<br \/>\n<a href=\"https:\/\/www.instagram.com\/amanda.lear\/?hl=fr\" target=\"_blank\" rel=\"nofollow noopener\">Amanda Lear<\/a> explique plus clairement que son caract\u00e8re<br \/>\nest en fait un masque : \u201cLes gens comme moi qui sont tr\u00e8s<br \/>\ngrandes gueules, qui l&rsquo;ouvrent tout le temps, en fait, ce sont des<br \/>\ngens tr\u00e8s angoiss\u00e9s, mais qui n&rsquo;aiment pas le montrer.\u00a0\u00bb Un<br \/>\naspect de sa personnalit\u00e9 auquel beaucoup pourront s\u2019identifier<br \/>\n!<\/p>\n<p><script async src=\"\/\/www.instagram.com\/embed.js\"><\/script><\/p>\n","protected":false},"excerpt":{"rendered":"Par Fiona Maherault &#8211; Publi\u00e9 le 07 Sep 2025 \u00e0 13:30 La chanteuse et actrice Amanda Lear fait&hellip;\n","protected":false},"author":2,"featured_media":372988,"comment_status":"","ping_status":"","sticky":false,"template":"","format":"standard","meta":{"footnotes":""},"categories":[8],"tags":[58,59,1011,27],"class_list":{"0":"post-372987","1":"post","2":"type-post","3":"status-publish","4":"format-standard","5":"has-post-thumbnail","7":"category-divertissement","8":"tag-divertissement","9":"tag-entertainment","10":"tag-fr","11":"tag-france"},"share_on_mastodon":{"url":"https:\/\/pubeurope.com\/@fr\/115163124814902772","error":""},"_links":{"self":[{"href":"https:\/\/www.europesays.com\/fr\/wp-json\/wp\/v2\/posts\/372987","targetHints":{"allow":["GET"]}}],"collection":[{"href":"https:\/\/www.europesays.com\/fr\/wp-json\/wp\/v2\/posts"}],"about":[{"href":"https:\/\/www.europesays.com\/fr\/wp-json\/wp\/v2\/types\/post"}],"author":[{"embeddable":true,"href":"https:\/\/www.europesays.com\/fr\/wp-json\/wp\/v2\/users\/2"}],"replies":[{"embeddable":true,"href":"https:\/\/www.europesays.com\/fr\/wp-json\/wp\/v2\/comments?post=372987"}],"version-history":[{"count":0,"href":"https:\/\/www.europesays.com\/fr\/wp-json\/wp\/v2\/posts\/372987\/revisions"}],"wp:featuredmedia":[{"embeddable":true,"href":"https:\/\/www.europesays.com\/fr\/wp-json\/wp\/v2\/media\/372988"}],"wp:attachment":[{"href":"https:\/\/www.europesays.com\/fr\/wp-json\/wp\/v2\/media?parent=372987"}],"wp:term":[{"taxonomy":"category","embeddable":true,"href":"https:\/\/www.europesays.com\/fr\/wp-json\/wp\/v2\/categories?post=372987"},{"taxonomy":"post_tag","embeddable":true,"href":"https:\/\/www.europesays.com\/fr\/wp-json\/wp\/v2\/tags?post=372987"}],"curies":[{"name":"wp","href":"https:\/\/api.w.org\/{rel}","templated":true}]}}