{"id":372993,"date":"2025-09-07T12:58:13","date_gmt":"2025-09-07T12:58:13","guid":{"rendered":"https:\/\/www.europesays.com\/fr\/372993\/"},"modified":"2025-09-07T12:58:13","modified_gmt":"2025-09-07T12:58:13","slug":"japon-demission-du-premier-ministre-ishiba-07-09-2025-a-1156","status":"publish","type":"post","link":"https:\/\/www.europesays.com\/fr\/372993\/","title":{"rendered":"Japon: d\u00e9mission du Premier ministre Ishiba &#8211; 07\/09\/2025 \u00e0 11:56"},"content":{"rendered":"<p>        <img fetchpriority=\"high\" decoding=\"async\" src=\"https:\/\/www.europesays.com\/fr\/wp-content\/uploads\/2025\/09\/d99c57449c9071e10bc0965a2a0570c3-760x506.jpg\" alt=\"Le Premier ministre japonais Shigeru Ishiba lors d'une conf\u00e9rence de presse dans son bureau \u00e0 Tokyo le 24 d\u00e9cembre 2024. ( AFP \/ Yuichi YAMAZAKI )\" loading=\"eager\" width=\"760\" height=\"506\" style=\"max-width: 100%!important; height: auto;\"\/><\/p>\n<p class=\"c-image-news__legend\">Le Premier ministre japonais Shigeru Ishiba lors d&rsquo;une conf\u00e9rence de presse dans son bureau \u00e0 Tokyo le 24 d\u00e9cembre 2024. ( AFP \/ Yuichi YAMAZAKI )<\/p>\n<p>\n Le Premier ministre japonais Shigeru Ishiba a annonc\u00e9 dimanche sa d\u00e9mission \u00e0 la t\u00eate de son parti et de facto de son poste de chef de gouvernement, pouss\u00e9 par les principaux membres de son parti qui appelaient \u00e0 un changement de direction apr\u00e8s de mauvais r\u00e9sultats aux \u00e9lections de la chambre haute cet \u00e9t\u00e9.\n<\/p>\n<p>\n Cette d\u00e9cision n&rsquo;est pas une surprise tant le chef du gouvernement \u00e9tait sous pression. Mais Shigeru Ishiba avait jusqu&rsquo;\u00e0 pr\u00e9sent ignor\u00e9 ces appels, d\u00e9clarant mardi encore qu&rsquo;il \u00ab\u00a0prendrai une d\u00e9cision appropri\u00e9e le moment venu\u00a0\u00bb.\n<\/p>\n<p>\n \u00ab\u00a0J&rsquo;ai d\u00e9cid\u00e9 de d\u00e9missionner de mon poste de pr\u00e9sident du Parti lib\u00e9ral-d\u00e9mocrate\u00a0\u00bb, a-t-il d\u00e9clar\u00e9 lors d&rsquo;une conf\u00e9rence de presse organis\u00e9e en fin d&rsquo;apr\u00e8s-midi.\n<\/p>\n<p>\n \u00ab\u00a0Maintenant que les n\u00e9gociations sur les mesures tarifaires am\u00e9ricaines sont arriv\u00e9es \u00e0 leur terme, je pense que c&rsquo;est le moment appropri\u00e9, a-t-il ajout\u00e9. J&rsquo;ai d\u00e9cid\u00e9 de me retirer et de laisser la place \u00e0 la prochaine g\u00e9n\u00e9ration.\u00a0\u00bb\n<\/p>\n<p>\n Cette d\u00e9cision intervient moins d&rsquo;un an apr\u00e8s que le dirigeant de 68 ans a pris la t\u00eate du Parti lib\u00e9ral-d\u00e9mocrate (PLD), historiquement dominant, devenant le chef du gouvernement.\n<\/p>\n<p>\n Au Japon, le Premier ministre est traditionnellement le pr\u00e9sident du parti au pouvoir, en l&rsquo;occurrence le PLD depuis des d\u00e9cennies quasiment sans interruption.\n<\/p>\n<p>\n Selon la cha\u00eene de t\u00e9l\u00e9vision NHK, les parlementaires et responsables r\u00e9gionaux du PLD \u00e0 travers le Japon, devaient appeler lundi \u00e0 une nouvelle \u00e9lection \u00e0 la t\u00eate du parti.\n<\/p>\n<p>\n NHK affirme que M. Ishiba souhaite \u00e9viter les divisions au sein de son parti, tandis que le quotidien Asahi Shimbun a estim\u00e9 qu&rsquo;il ne pouvait plus r\u00e9sister aux appels croissants \u00e0 son d\u00e9part.\n<\/p>\n<p>\n Samedi soir, Ishiba s&rsquo;est entretenu avec le ministre de l&rsquo;Agriculture Shinjiro Koizumi et l&rsquo;ancien Premier ministre Yoshihide Suga, poids lourd du parti, qui l&rsquo;ont exhort\u00e9 \u00e0 quitter son poste, ont affirm\u00e9 des m\u00e9dias nippons.\n<\/p>\n<p>\n Il y a quelques jours, quatre hauts responsables du PLD, dont le secr\u00e9taire g\u00e9n\u00e9ral Hiroshi Moriyama, avaient propos\u00e9 leur d\u00e9mission, affaiblissant encore un peu plus la position de Shigeru Ishiba.\n<\/p>\n<p> &#8211; Contexte paradoxal &#8211;<\/p>\n<p>\n Ishiba, lui-m\u00eame arriv\u00e9 au pouvoir le 1er octobre 2024 apr\u00e8s le d\u00e9part de son pr\u00e9d\u00e9cesseur Fumio Kishida, \u00e9galement d\u00e9missionnaire, \u00e9tait sous le feu des critiques internes au PLD, apr\u00e8s les mauvais r\u00e9sultats du PLD lors des derniers scrutins.\n<\/p>\n<p>\n Lors des \u00e9lections s\u00e9natoriales du 20 juillet, la coalition dirig\u00e9e par le PLD a perdu sa majorit\u00e9, quelques mois seulement apr\u00e8s avoir \u00e9t\u00e9 contrainte de former un gouvernement minoritaire en raison de sa d\u00e9b\u00e2cle \u00e9lectorale \u00e0 la chambre basse.\n<\/p>\n<p>        <img decoding=\"async\" src=\"https:\/\/www.europesays.com\/fr\/wp-content\/uploads\/2025\/09\/5a3319a561f96b47753cd3d6763f15d3-760x507.jpg\" alt=\"Le Premier ministre japonais Shigeru Ishiba lors d'une conf\u00e9rence de presse dans le quartier g\u00e9n\u00e9ral du Parti lib\u00e9ral-d\u00e9mocrate \u00e0 Tokyo le 21 juillet 2025. ( AFP \/ Philip FONG )\" loading=\"eager\" width=\"760\" height=\"507\" style=\"max-width: 100%!important; height: auto;\"\/><\/p>\n<p class=\"c-image-news__legend\">Le Premier ministre japonais Shigeru Ishiba lors d&rsquo;une conf\u00e9rence de presse dans le quartier g\u00e9n\u00e9ral du Parti lib\u00e9ral-d\u00e9mocrate \u00e0 Tokyo le 21 juillet 2025. ( AFP \/ Philip FONG )<\/p>\n<p>\n Cette d\u00e9mission intervient dans un contexte paradoxal puisque Shigeru Ishiba \u00e9tait en pleine remont\u00e9e dans les sondages notamment apr\u00e8s l&rsquo;accord commercial avec les Etats-Unis.\n<\/p>\n<p>\n La cote de popularit\u00e9 de son gouvernement a connu un rebond surprise fin ao\u00fbt atteignant 39% d&rsquo;opinions favorables, soit une hausse record de 17 points par rapport \u00e0 juillet, selon un sondage publi\u00e9 par le quotidien Yomiuri.\n<\/p>\n<p>\n D&rsquo;apr\u00e8s cette enqu\u00eate, les Japonais \u00e9taient plus nombreux (50%) \u00e0 vouloir que le Premier ministre reste en fonction qu&rsquo;\u00e0 demander sa d\u00e9mission (42%).\n<\/p>\n<p>\n Et selon une enqu\u00eate r\u00e9alis\u00e9e pour le quotidien Mainichi, 33% des Japonais le soutiennent, soit une hausse de quatre points, et la premi\u00e8re fois qu&rsquo;il d\u00e9passe les 30% depuis f\u00e9vrier.\n<\/p>\n<p>\n Le quotidien Yomiuri attribue cette remont\u00e9e notamment \u00e0 l&rsquo;accord commercial conclu fin juillet avec les \u00c9tats-Unis &#8211;deux jours apr\u00e8s les \u00e9lections au Japon&#8211; qui a r\u00e9duit les droits de douane am\u00e9ricains de 25% \u00e0 15%.\n<\/p>\n<p>\n Et le quotidien cite \u00e9galement les efforts du gouvernement pour freiner la r\u00e9cente flamb\u00e9e des prix du riz, qui alimente l&rsquo;inflation au Japon.\n<\/p>\n<p>\n Pour lui succ\u00e9der, certains observateurs placent notamment sa grande rivale Sanae Takaichi, consid\u00e9r\u00e9e comme une nationaliste dure et arriv\u00e9e en deuxi\u00e8me position lors de la derni\u00e8re \u00e9lection \u00e0 la direction en 2024. Elle a d&rsquo;ores et d\u00e9j\u00e0 d\u00e9clar\u00e9 qu&rsquo;elle serait candidate.\n<\/p>\n<p>\n Un sondage du quotidien Nikkei r\u00e9alis\u00e9 fin ao\u00fbt pla\u00e7ait Takaichi comme la plus \u00ab\u00a0appropri\u00e9e\u00a0\u00bb pour succ\u00e9der \u00e0 Ishiba, suivie par le ministre de l\u2019Agriculture Koizumi.<\/p>\n","protected":false},"excerpt":{"rendered":"Le Premier ministre japonais Shigeru Ishiba lors d&rsquo;une conf\u00e9rence de presse dans son bureau \u00e0 Tokyo le 24&hellip;\n","protected":false},"author":2,"featured_media":372994,"comment_status":"","ping_status":"","sticky":false,"template":"","format":"standard","meta":{"footnotes":""},"categories":[5],"tags":[400,11,398,408,405,1011,27,403,14,402,399,404,12,401,406,407,28],"class_list":{"0":"post-372993","1":"post","2":"type-post","3":"status-publish","4":"format-standard","5":"has-post-thumbnail","7":"category-international","8":"tag-action-cac-40","9":"tag-actualites","10":"tag-bourse-de-paris","11":"tag-boursorama","12":"tag-cotations","13":"tag-fr","14":"tag-france","15":"tag-indices-devises","16":"tag-international","17":"tag-investir","18":"tag-investissement","19":"tag-marche-boursier","20":"tag-news","21":"tag-sicav","22":"tag-trackers","23":"tag-warrants","24":"tag-world"},"share_on_mastodon":{"url":"https:\/\/pubeurope.com\/@fr\/115163136282277451","error":""},"_links":{"self":[{"href":"https:\/\/www.europesays.com\/fr\/wp-json\/wp\/v2\/posts\/372993","targetHints":{"allow":["GET"]}}],"collection":[{"href":"https:\/\/www.europesays.com\/fr\/wp-json\/wp\/v2\/posts"}],"about":[{"href":"https:\/\/www.europesays.com\/fr\/wp-json\/wp\/v2\/types\/post"}],"author":[{"embeddable":true,"href":"https:\/\/www.europesays.com\/fr\/wp-json\/wp\/v2\/users\/2"}],"replies":[{"embeddable":true,"href":"https:\/\/www.europesays.com\/fr\/wp-json\/wp\/v2\/comments?post=372993"}],"version-history":[{"count":0,"href":"https:\/\/www.europesays.com\/fr\/wp-json\/wp\/v2\/posts\/372993\/revisions"}],"wp:featuredmedia":[{"embeddable":true,"href":"https:\/\/www.europesays.com\/fr\/wp-json\/wp\/v2\/media\/372994"}],"wp:attachment":[{"href":"https:\/\/www.europesays.com\/fr\/wp-json\/wp\/v2\/media?parent=372993"}],"wp:term":[{"taxonomy":"category","embeddable":true,"href":"https:\/\/www.europesays.com\/fr\/wp-json\/wp\/v2\/categories?post=372993"},{"taxonomy":"post_tag","embeddable":true,"href":"https:\/\/www.europesays.com\/fr\/wp-json\/wp\/v2\/tags?post=372993"}],"curies":[{"name":"wp","href":"https:\/\/api.w.org\/{rel}","templated":true}]}}