{"id":372999,"date":"2025-09-07T13:02:15","date_gmt":"2025-09-07T13:02:15","guid":{"rendered":"https:\/\/www.europesays.com\/fr\/372999\/"},"modified":"2025-09-07T13:02:15","modified_gmt":"2025-09-07T13:02:15","slug":"letonnante-reconversion-de-maxime-bernauer","status":"publish","type":"post","link":"https:\/\/www.europesays.com\/fr\/372999\/","title":{"rendered":"l\u2019\u00e9tonnante reconversion de Maxime Bernauer"},"content":{"rendered":"<p><strong>Arriv\u00e9 en pr\u00eat en f\u00e9vrier dernier, Maxime Bernauer a \u00e9t\u00e9 recrut\u00e9 d\u00e9finitivement par l&rsquo;ASSE durant le mercato d&rsquo;\u00e9t\u00e9. Mais le d\u00e9fenseur central doit sans cesse s&rsquo;adapter pour grappiller du temps de jeu. <\/strong><\/p>\n<p>International U17 fran\u00e7ais, Maxime Bernauer, form\u00e9 au Stade Rennais, pass\u00e9 par Concarneau, Le Mans et le Paris FC, avait d\u00e9cid\u00e9 de quitter notre cher pays en 2023, afin de r\u00e9pondre favorablement aux sollicitations du Dinamo Zagreb. Finalement, le 2 f\u00e9vrier dernier, le d\u00e9fenseur central alors \u00e2g\u00e9 de 26 ans \u00e9tait venu pr\u00eater main forte \u00e0 une \u00e9quipe de Saint-Etienne dans le dur en <a href=\"https:\/\/wesportfr.com\/football\/ligue-1\/\" rel=\"nofollow noopener\" target=\"_blank\">Ligue 1<\/a>. <\/p>\n<p>Cet \u00e9t\u00e9, malgr\u00e9 la rel\u00e9gation des Verts en <a href=\"https:\/\/wesportfr.com\/football\/ligue-2\/\" rel=\"nofollow noopener\" target=\"_blank\">Ligue 2<\/a>, Bernauer a d\u00e9cid\u00e9 de rester fid\u00e8le au club du Forez, en signant un contrat sur les deux prochaines saisons, soit jusqu&rsquo;en juin 2027. Apr\u00e8s avoir la <a href=\"https:\/\/wesportfr.com\/football\/ligue-des-champions\/\" rel=\"nofollow noopener\" target=\"_blank\">Ligue des champions<\/a> avec le club croate, le solide d\u00e9fenseur s&rsquo;est vite impos\u00e9 comme un titulaire de choix sous les ordres d&rsquo;Eirik Horneland. Mais en ce d\u00e9but de saison, la donne a chang\u00e9, ce qui va pousser le natif d&rsquo;Hennebont \u00e0 se r\u00e9inventer.<\/p>\n<p>Maxime Bernauer, nouveau couteau suisse de l&rsquo;ASSE ?<\/p>\n<p>Durant le dernier mercato estival, l&rsquo;AS Saint-Saint-Etienne a r\u00e9ussi un gros coup en obtenant la signature de l&rsquo;international U21 portugais Chico Lomba. Dans le m\u00eame temps, Micka\u00ebl Nad\u00e9, \u00e9voqu\u00e9 sur le d\u00e9part, a d\u00e9cid\u00e9 de rester dans le Forez. Cons\u00e9quence, Maxime Bernauer s&rsquo;est retrouv\u00e9 num\u00e9ro dans la hi\u00e9rarchie des d\u00e9fenseurs centraux. Un r\u00f4le de rempla\u00e7ant qui ne lui convient pas, on peut le comprendre. <\/p>\n<p>Lors de la quatri\u00e8me journ\u00e9e de Ligue 2, Bernauer, qui revenait tout juste d&rsquo;une blessure \u00e0 la cuisse, a \u00e9t\u00e9 align\u00e9 en qualit\u00e9 de lat\u00e9ral gauche par Eirik Horneland. Un r\u00f4le clairement inhabituel pour l&rsquo;ancien Rennais, plut\u00f4t habitu\u00e9 \u00e0 d\u00e9panner \u00e0 droite. Mais aussi en qualit\u00e9 de milieu d\u00e9fensif. Justement, comme l&rsquo;explique Peuple-Vert ce dimanche, la p\u00e9nurie de milieux de terrain \u00e0 l&rsquo;ASSE pourrait pousser le technicien norv\u00e9gien \u00e0 essayer Maxime Bernauer devant la d\u00e9fense. Et pourquoi pas, d\u00e8s ce samedi, sur la pelouse de Clermont ?<\/p>\n<p><strong>\u00c0 lire aussi \u2013<\/strong> <a href=\"https:\/\/wesportfr.com\/mercato-les-joueurs-en-fin-de-contrat-en-juin-2026-a-lasse\/\" rel=\"nofollow noopener\" target=\"_blank\">Mercato : Les joueurs en fin de contrat en juin 2026 \u00e0 l\u2019ASSE<\/a><\/p>\n","protected":false},"excerpt":{"rendered":"Arriv\u00e9 en pr\u00eat en f\u00e9vrier dernier, Maxime Bernauer a \u00e9t\u00e9 recrut\u00e9 d\u00e9finitivement par l&rsquo;ASSE durant le mercato d&rsquo;\u00e9t\u00e9.&hellip;\n","protected":false},"author":2,"featured_media":373000,"comment_status":"","ping_status":"","sticky":false,"template":"","format":"standard","meta":{"footnotes":""},"categories":[9653],"tags":[1111,11,2430,1777,674,1011,27,12,25,4001],"class_list":{"0":"post-372999","1":"post","2":"type-post","3":"status-publish","4":"format-standard","5":"has-post-thumbnail","7":"category-saint-etienne","8":"tag-actu","9":"tag-actualites","10":"tag-auvergne-rhone-alpes","11":"tag-eu","12":"tag-europe","13":"tag-fr","14":"tag-france","15":"tag-news","16":"tag-republique-francaise","17":"tag-saint-etienne"},"share_on_mastodon":{"url":"https:\/\/pubeurope.com\/@fr\/115163152008729548","error":""},"_links":{"self":[{"href":"https:\/\/www.europesays.com\/fr\/wp-json\/wp\/v2\/posts\/372999","targetHints":{"allow":["GET"]}}],"collection":[{"href":"https:\/\/www.europesays.com\/fr\/wp-json\/wp\/v2\/posts"}],"about":[{"href":"https:\/\/www.europesays.com\/fr\/wp-json\/wp\/v2\/types\/post"}],"author":[{"embeddable":true,"href":"https:\/\/www.europesays.com\/fr\/wp-json\/wp\/v2\/users\/2"}],"replies":[{"embeddable":true,"href":"https:\/\/www.europesays.com\/fr\/wp-json\/wp\/v2\/comments?post=372999"}],"version-history":[{"count":0,"href":"https:\/\/www.europesays.com\/fr\/wp-json\/wp\/v2\/posts\/372999\/revisions"}],"wp:featuredmedia":[{"embeddable":true,"href":"https:\/\/www.europesays.com\/fr\/wp-json\/wp\/v2\/media\/373000"}],"wp:attachment":[{"href":"https:\/\/www.europesays.com\/fr\/wp-json\/wp\/v2\/media?parent=372999"}],"wp:term":[{"taxonomy":"category","embeddable":true,"href":"https:\/\/www.europesays.com\/fr\/wp-json\/wp\/v2\/categories?post=372999"},{"taxonomy":"post_tag","embeddable":true,"href":"https:\/\/www.europesays.com\/fr\/wp-json\/wp\/v2\/tags?post=372999"}],"curies":[{"name":"wp","href":"https:\/\/api.w.org\/{rel}","templated":true}]}}