{"id":37300,"date":"2025-04-19T20:36:13","date_gmt":"2025-04-19T20:36:13","guid":{"rendered":"https:\/\/www.europesays.com\/fr\/37300\/"},"modified":"2025-04-19T20:36:13","modified_gmt":"2025-04-19T20:36:13","slug":"le-paris-fc-bat-bastia-et-fait-un-pas-de-plus-vers-la-montee","status":"publish","type":"post","link":"https:\/\/www.europesays.com\/fr\/37300\/","title":{"rendered":"le Paris FC bat Bastia et fait un pas de plus vers la mont\u00e9e"},"content":{"rendered":"<p>Vainqueur des Corses (2-1), le club parisien rejoint Lorient en t\u00eate du classement de la Ligue 2.<\/p>\n<p class=\"fig-paragraph\">Le Paris FC est revenu provisoirement \u00e0 la hauteur du leader de la Ligue 2 Lorient gr\u00e2ce \u00e0 son succ\u00e8s 1-0 face \u00e0 Bastia (7e) samedi \u00e0 domicile lors de la 31e journ\u00e9e.<\/p>\n<p class=\"fig-paragraph\">Les Parisiens encha\u00eenent un quatri\u00e8me succ\u00e8s cons\u00e9cutif et comptent d\u00e9sormais le m\u00eame nombre de points (64) que les Lorientais, qui les devancent toutefois \u00e0 la diff\u00e9rence de buts avant leur d\u00e9placement \u00e0 Annecy (8e) lundi soir.<\/p>\n<p class=\"fig-paragraph\">Metz (60 pts), qui re\u00e7oit le Red Star (15e) samedi soir (21h00), devra s&rsquo;imposer sous peine d&rsquo;\u00eatre distanc\u00e9 dans le sprint final pour la mont\u00e9e. Seuls les deux premiers seront assur\u00e9s de jouer en Ligue 1 la saison prochain, les trois suivants se disputeront les barrages d&rsquo;accession.<\/p>\n<p class=\"fig-paragraph\">Pierre-Yves Hamel a inscrit le but du PFC en reprenant de la t\u00eate un coup franc de Maxime Lopez (20e).<\/p>\n<p class=\"fig-paragraph\">Le gardien parisien Obed Nkambadio a plusieurs fois sauv\u00e9 son \u00e9quipe. En arr\u00eatant sur sa ligne une reprise de Tom Ducrocq (15e), puis en repoussant d&rsquo;une claquette une frappe de Christophe Vincent d\u00e9vi\u00e9e par Lopez (32e).<\/p>\n<p class=\"fig-paragraph\">En d\u00e9but de deuxi\u00e8me p\u00e9riode, c&rsquo;est le d\u00e9fenseur du PFC Moustapha Mbow qui a r\u00e9ussi un sauvetage sur la ligne lors d&rsquo;une nouvelle tentative de Ducrocq (47e), apr\u00e8s cette fois une grosse erreur de relance de Nkambadio.<\/p>\n<p class=\"fig-paragraph\">En fin de rencontre, l&rsquo;attaquant parisien Omar Sissoko, touch\u00e9 aux cervicales lors d&rsquo;un duel, a \u00e9t\u00e9 \u00e9vacu\u00e9 sur une civi\u00e8re mais a pu se relever et rejoindre les vestiaires. Le Bastiais Gustave Akueson a \u00e9t\u00e9 exclu \u00e0 la suite de cette action (87e).<\/p>\n","protected":false},"excerpt":{"rendered":"Vainqueur des Corses (2-1), le club parisien rejoint Lorient en t\u00eate du classement de la Ligue 2. Le&hellip;\n","protected":false},"author":2,"featured_media":37301,"comment_status":"","ping_status":"","sticky":false,"template":"","format":"standard","meta":{"footnotes":""},"categories":[1888],"tags":[1111,1928,11,1927,454,69,448,83,451,64,1777,450,449,674,1011,27,452,453,66,446,447,12,1926,626,1925,70,25,455],"class_list":{"0":"post-37300","1":"post","2":"type-post","3":"status-publish","4":"format-standard","5":"has-post-thumbnail","7":"category-paris","8":"tag-actu","9":"tag-actu-paris","10":"tag-actualites","11":"tag-actualites-paris","12":"tag-ballon-dor","13":"tag-bundesliga","14":"tag-champions-league","15":"tag-coupe-de-france","16":"tag-coupe-du-monde","17":"tag-equipe-de-france","18":"tag-eu","19":"tag-euro","20":"tag-europa-league","21":"tag-europe","22":"tag-fr","23":"tag-france","24":"tag-italie","25":"tag-liga","26":"tag-ligue-1","27":"tag-ligue-2","28":"tag-ligue-des-champions","29":"tag-news","30":"tag-news-paris","31":"tag-paris","32":"tag-paris-news","33":"tag-premier-league","34":"tag-republique-francaise","35":"tag-uefa"},"share_on_mastodon":{"url":"https:\/\/pubeurope.com\/@fr\/114366551397661427","error":""},"_links":{"self":[{"href":"https:\/\/www.europesays.com\/fr\/wp-json\/wp\/v2\/posts\/37300","targetHints":{"allow":["GET"]}}],"collection":[{"href":"https:\/\/www.europesays.com\/fr\/wp-json\/wp\/v2\/posts"}],"about":[{"href":"https:\/\/www.europesays.com\/fr\/wp-json\/wp\/v2\/types\/post"}],"author":[{"embeddable":true,"href":"https:\/\/www.europesays.com\/fr\/wp-json\/wp\/v2\/users\/2"}],"replies":[{"embeddable":true,"href":"https:\/\/www.europesays.com\/fr\/wp-json\/wp\/v2\/comments?post=37300"}],"version-history":[{"count":0,"href":"https:\/\/www.europesays.com\/fr\/wp-json\/wp\/v2\/posts\/37300\/revisions"}],"wp:featuredmedia":[{"embeddable":true,"href":"https:\/\/www.europesays.com\/fr\/wp-json\/wp\/v2\/media\/37301"}],"wp:attachment":[{"href":"https:\/\/www.europesays.com\/fr\/wp-json\/wp\/v2\/media?parent=37300"}],"wp:term":[{"taxonomy":"category","embeddable":true,"href":"https:\/\/www.europesays.com\/fr\/wp-json\/wp\/v2\/categories?post=37300"},{"taxonomy":"post_tag","embeddable":true,"href":"https:\/\/www.europesays.com\/fr\/wp-json\/wp\/v2\/tags?post=37300"}],"curies":[{"name":"wp","href":"https:\/\/api.w.org\/{rel}","templated":true}]}}