{"id":373009,"date":"2025-09-07T13:07:10","date_gmt":"2025-09-07T13:07:10","guid":{"rendered":"https:\/\/www.europesays.com\/fr\/373009\/"},"modified":"2025-09-07T13:07:10","modified_gmt":"2025-09-07T13:07:10","slug":"not-today-festival-a-montpellier-60-artistes-3-scenes-pour-une-premiere-edition-qui-sacheve-ce-dimanche-soir","status":"publish","type":"post","link":"https:\/\/www.europesays.com\/fr\/373009\/","title":{"rendered":"Not Today Festival \u00e0 Montpellier\u00a0: 60 artistes, 3 sc\u00e8nes pour une premi\u00e8re \u00e9dition qui s\u2019ach\u00e8ve ce dimanche soir"},"content":{"rendered":"<p>\n                                                                D\u00e9buts r\u00e9ussis pour le Not Today Festival qui se conclut ce dimanche 7\u00a0septembre au Domaine de Grammont. Le public se presse autour des trois sc\u00e8nes aux styles vari\u00e9s, du rap \u00e0 l\u2019\u00e9lectro. Le festival met aussi en avant des collectifs locaux, confirmant son ambition de devenir un nouveau rendez-vous culturel incontournable.\n                            <\/p>\n<p>Le Not Today Festival, qui fait son entr\u00e9e dans le paysage culturel montpelli\u00e9rain, se conclut en apoth\u00e9ose ce dimanche 7\u00a0septembre, au Domaine de Grammont, autour d\u2019une programmation \u00e9clectique et f\u00e9d\u00e9ratrice.<\/p>\n<p>Sur les trois jours, plus de soixante artistes couvrent un large spectre de styles\u00a0: rap, reggae, \u00e9lectro, afrobeat, pop ou encore techno. Parmi les noms phares, on retrouve L\u2019Entourloop, Hugo TSR, Ta\u00efro, Jahneration, KT Gorique, Rakoon, Len Faki ou encore Kiddy Smile, aux c\u00f4t\u00e9s de figures montantes comme Jyeuhair, Sk\u00f6ne, Omaks ou Teksa. Une affiche pens\u00e9e pour s\u00e9duire aussi bien les amateurs de musiques urbaines que les fid\u00e8les des dancefloors \u00e9lectro.<\/p>\n<p>Trois sc\u00e8nes aux styles diff\u00e9rents<\/p>\n<p>Le festival se d\u00e9ploie sur trois sc\u00e8nes\u00a0: \u00ab\u00a0Live\u00a0\u00bb, \u00ab\u00a0Electronic\u00a0\u00bb\u00a0et \u00ab\u00a0Local\u00a0\u00bb. Chacune propose\u00a0une exp\u00e9rience singuli\u00e8re, permettant au public de naviguer d\u2019un univers \u00e0 l\u2019autre selon ses envies.<\/p>\n<p>Mais la singularit\u00e9 du Not Today r\u00e9side aussi dans son ancrage territorial\u00a0: plusieurs collectifs montpelli\u00e9rains \u2013 Montpellier Techno, Pi\u00f1ata Radio, Folle de Rage, Gar\u00e7on Sauvage \u2013 se voient confier une carte blanche, offrant au passage une vitrine aux dynamiques locales qui animent la sc\u00e8ne underground.<\/p>\n<p>Au-del\u00e0 de la musique, l\u2019\u00e9v\u00e9nement souhaite\u00a0incarner un esprit de rencontre et de convivialit\u00e9, fid\u00e8le \u00e0 l\u2019\u00e9nergie de la ville, avec notamment\u00a0un c\u00f4t\u00e9 LGBTQIA +, le dimanche. Dans le\u00a0cadre verdoyant de Grammont, facilement accessible et \u00e0 des tarifs assez abordables, le Not Today Festival veut se positionner comme un nouveau temps fort de la vie culturelle r\u00e9gionale.<\/p>\n<p><a href=\"https:\/\/shotgun.live\/fr\/festivals\/not-today-festival-2025\" target=\"_blank\" rel=\"nofollow noopener\">Plus d\u2019informations sur le site.<\/a><\/p>\n","protected":false},"excerpt":{"rendered":"D\u00e9buts r\u00e9ussis pour le Not Today Festival qui se conclut ce dimanche 7\u00a0septembre au Domaine de Grammont. Le&hellip;\n","protected":false},"author":2,"featured_media":373010,"comment_status":"","ping_status":"","sticky":false,"template":"","format":"standard","meta":{"footnotes":""},"categories":[9599],"tags":[1111,11,1777,674,1011,27,2208,12,2680,25],"class_list":{"0":"post-373009","1":"post","2":"type-post","3":"status-publish","4":"format-standard","5":"has-post-thumbnail","7":"category-montpellier","8":"tag-actu","9":"tag-actualites","10":"tag-eu","11":"tag-europe","12":"tag-fr","13":"tag-france","14":"tag-montpellier","15":"tag-news","16":"tag-occitanie","17":"tag-republique-francaise"},"share_on_mastodon":{"url":"https:\/\/pubeurope.com\/@fr\/115163171606409024","error":""},"_links":{"self":[{"href":"https:\/\/www.europesays.com\/fr\/wp-json\/wp\/v2\/posts\/373009","targetHints":{"allow":["GET"]}}],"collection":[{"href":"https:\/\/www.europesays.com\/fr\/wp-json\/wp\/v2\/posts"}],"about":[{"href":"https:\/\/www.europesays.com\/fr\/wp-json\/wp\/v2\/types\/post"}],"author":[{"embeddable":true,"href":"https:\/\/www.europesays.com\/fr\/wp-json\/wp\/v2\/users\/2"}],"replies":[{"embeddable":true,"href":"https:\/\/www.europesays.com\/fr\/wp-json\/wp\/v2\/comments?post=373009"}],"version-history":[{"count":0,"href":"https:\/\/www.europesays.com\/fr\/wp-json\/wp\/v2\/posts\/373009\/revisions"}],"wp:featuredmedia":[{"embeddable":true,"href":"https:\/\/www.europesays.com\/fr\/wp-json\/wp\/v2\/media\/373010"}],"wp:attachment":[{"href":"https:\/\/www.europesays.com\/fr\/wp-json\/wp\/v2\/media?parent=373009"}],"wp:term":[{"taxonomy":"category","embeddable":true,"href":"https:\/\/www.europesays.com\/fr\/wp-json\/wp\/v2\/categories?post=373009"},{"taxonomy":"post_tag","embeddable":true,"href":"https:\/\/www.europesays.com\/fr\/wp-json\/wp\/v2\/tags?post=373009"}],"curies":[{"name":"wp","href":"https:\/\/api.w.org\/{rel}","templated":true}]}}