{"id":373011,"date":"2025-09-07T13:08:11","date_gmt":"2025-09-07T13:08:11","guid":{"rendered":"https:\/\/www.europesays.com\/fr\/373011\/"},"modified":"2025-09-07T13:08:11","modified_gmt":"2025-09-07T13:08:11","slug":"montpellier-forte-affluence-a-lantigone-des-associations","status":"publish","type":"post","link":"https:\/\/www.europesays.com\/fr\/373011\/","title":{"rendered":"Montpellier : forte affluence \u00e0 l\u2019Antigone des associations\u00a0"},"content":{"rendered":"<p>Entre deux stands, certains font une d\u00e9monstration de breakdance tandis que d\u2019autres proposent d\u2019initier \u00e0 la boxe fran\u00e7aise ou au handi basket. \u201cVenir \u00e0 l\u2019Antigone des associations, c\u2019est l\u2019occasion de nous donner de la visibilit\u00e9 et de recruter des joueurs et des b\u00e9n\u00e9voles\u201d, explique Mathieu, tr\u00e9sorier de Montpellier Handi Basket, qui compte une quarantaine d\u2019adh\u00e9rents pour le moment.\u00a0Et en esp\u00e8re beaucoup plus \u00e0 la fin de la journ\u00e9e. <\/p>\n","protected":false},"excerpt":{"rendered":"Entre deux stands, certains font une d\u00e9monstration de breakdance tandis que d\u2019autres proposent d\u2019initier \u00e0 la boxe fran\u00e7aise&hellip;\n","protected":false},"author":2,"featured_media":373012,"comment_status":"","ping_status":"","sticky":false,"template":"","format":"standard","meta":{"footnotes":""},"categories":[9599],"tags":[1111,11,1777,674,1011,27,2208,12,2680,25],"class_list":{"0":"post-373011","1":"post","2":"type-post","3":"status-publish","4":"format-standard","5":"has-post-thumbnail","7":"category-montpellier","8":"tag-actu","9":"tag-actualites","10":"tag-eu","11":"tag-europe","12":"tag-fr","13":"tag-france","14":"tag-montpellier","15":"tag-news","16":"tag-occitanie","17":"tag-republique-francaise"},"share_on_mastodon":{"url":"https:\/\/pubeurope.com\/@fr\/115163175621231637","error":""},"_links":{"self":[{"href":"https:\/\/www.europesays.com\/fr\/wp-json\/wp\/v2\/posts\/373011","targetHints":{"allow":["GET"]}}],"collection":[{"href":"https:\/\/www.europesays.com\/fr\/wp-json\/wp\/v2\/posts"}],"about":[{"href":"https:\/\/www.europesays.com\/fr\/wp-json\/wp\/v2\/types\/post"}],"author":[{"embeddable":true,"href":"https:\/\/www.europesays.com\/fr\/wp-json\/wp\/v2\/users\/2"}],"replies":[{"embeddable":true,"href":"https:\/\/www.europesays.com\/fr\/wp-json\/wp\/v2\/comments?post=373011"}],"version-history":[{"count":0,"href":"https:\/\/www.europesays.com\/fr\/wp-json\/wp\/v2\/posts\/373011\/revisions"}],"wp:featuredmedia":[{"embeddable":true,"href":"https:\/\/www.europesays.com\/fr\/wp-json\/wp\/v2\/media\/373012"}],"wp:attachment":[{"href":"https:\/\/www.europesays.com\/fr\/wp-json\/wp\/v2\/media?parent=373011"}],"wp:term":[{"taxonomy":"category","embeddable":true,"href":"https:\/\/www.europesays.com\/fr\/wp-json\/wp\/v2\/categories?post=373011"},{"taxonomy":"post_tag","embeddable":true,"href":"https:\/\/www.europesays.com\/fr\/wp-json\/wp\/v2\/tags?post=373011"}],"curies":[{"name":"wp","href":"https:\/\/api.w.org\/{rel}","templated":true}]}}