{"id":373014,"date":"2025-09-07T13:12:13","date_gmt":"2025-09-07T13:12:13","guid":{"rendered":"https:\/\/www.europesays.com\/fr\/373014\/"},"modified":"2025-09-07T13:12:13","modified_gmt":"2025-09-07T13:12:13","slug":"grenoble-apres-le-signalement-de-lucille-lheureux-le-collectif-dunion-de-la-gauche-ecologiste-et-citoyenne-reagit","status":"publish","type":"post","link":"https:\/\/www.europesays.com\/fr\/373014\/","title":{"rendered":"Grenoble. Apr\u00e8s le signalement de Lucille Lheureux, le collectif d\u2019union de la gauche \u00e9cologiste et citoyenne r\u00e9agit"},"content":{"rendered":"<p>Il y a quelques jours, on apprenait que l\u2019adjointe Lucille Lheureux, candidate \u00e0 la candidature au sein du camp qui pr\u00e9pare l\u2019Apr\u00e8s-Piolle, avait fait <a href=\"https:\/\/www.ledauphine.com\/elections\/2025\/09\/05\/eric-piolle-veut-que-je-m-efface-mais-moi-je-suis-une-grenobloise-je-reste-debout-lucille-lheureux-donne-sa-version\" target=\"_blank\" rel=\"noopener\">un signalement aupr\u00e8s des instances nationales du parti Les \u00c9cologistes, pour d\u00e9noncer des \u00ab\u00a0pressions\u00a0\u00bb qu\u2019elle dit avoir subi de la part d\u2019Eric Piolle<\/a> , afin qu\u2019elle se d\u00e9siste.<\/p>\n<p>Aujourd\u2019hui, les diff\u00e9rents mouvements qui \u0153uvrent pour construire le projet et la liste d\u2019union de la gauche \u00e9cologiste et citoyenne (Ades, le Parti Animaliste, l\u2019Apr\u00e8s, les \u00c9cologistes, Ensemble, G\u00e9n\u00e9ration.s, le R\u00e9seau Citoyen de Grenoble et le Parti Communiste) envoient un communiqu\u00e9 pour r\u00e9agir.<\/p>\n<p>Le texte dit, entre autres\u00a0: \u00ab\u00a0Nos organisations, partis et mouvements tiennent \u00e0 r\u00e9agir de fa\u00e7on unitaire aux d\u00e9clarations de Madame Lucille Lheureux et aux faits qu\u2019elle d\u00e9nonce. Depuis plusieurs mois, nous travaillons en collaboration avec les quatre volontaires et la direction de campagne pour imaginer le Grenoble de demain\u00a0: sa dynamique, son projet, les modes de fonctionnement, les modalit\u00e9s de d\u00e9signation qui l\u00e9gitiment la future t\u00eate de liste par l\u2019ensemble de notre collectif, ainsi que la constitution de la liste. Cet engagement, rigoureux, exige de chacun d\u2019entre nous de d\u00e9passer nos habitudes et pratiques internes pour construire une d\u00e9marche collective. Quatre volontaires sont inscrits dans ce processus\u00a0: Margot Belair, Nicolas Beron Perez, Lucille Lheureux et Laurence Ruffin. Chacun est l\u00e9gitime et reconnu. Nous avons la responsabilit\u00e9 de garantir que ces derniers puissent concourir dans les m\u00eames conditions jusqu\u2019\u00e0 la fin du processus le 21\u00a0septembre [\u2026] Nous n\u2019accepterons aucune pression ni intimidation \u00e0 l\u2019encontre de l\u2019un ou l\u2019une d\u2019entre eux. Les m\u00e9thodes \u00e9voqu\u00e9es n\u2019ont pas leur place au sein de notre collectif. Nous invitons chacun \u00e0 la responsabilit\u00e9 afin que les prochaines \u00e9tapes de d\u00e9signation se d\u00e9roulent dans un climat constructif, permettant l\u2019expression libre des candidates et du candidat.\u00a0\u00bb<\/p>\n","protected":false},"excerpt":{"rendered":"Il y a quelques jours, on apprenait que l\u2019adjointe Lucille Lheureux, candidate \u00e0 la candidature au sein du&hellip;\n","protected":false},"author":2,"featured_media":373015,"comment_status":"","ping_status":"","sticky":false,"template":"","format":"standard","meta":{"footnotes":""},"categories":[9566],"tags":[1111,11,2430,112,4188,1777,674,1011,27,2731,2732,108,3539,12,316,25],"class_list":{"0":"post-373014","1":"post","2":"type-post","3":"status-publish","4":"format-standard","5":"has-post-thumbnail","7":"category-grenoble","8":"tag-actu","9":"tag-actualites","10":"tag-auvergne-rhone-alpes","11":"tag-edition-grenoble-agglomeration","12":"tag-elections-municipales","13":"tag-eu","14":"tag-europe","15":"tag-fr","16":"tag-france","17":"tag-grenoble","18":"tag-grenoble-bassin","19":"tag-isere","20":"tag-les-ecologistes","21":"tag-news","22":"tag-politique","23":"tag-republique-francaise"},"share_on_mastodon":{"url":"https:\/\/pubeurope.com\/@fr\/115163191585576869","error":""},"_links":{"self":[{"href":"https:\/\/www.europesays.com\/fr\/wp-json\/wp\/v2\/posts\/373014","targetHints":{"allow":["GET"]}}],"collection":[{"href":"https:\/\/www.europesays.com\/fr\/wp-json\/wp\/v2\/posts"}],"about":[{"href":"https:\/\/www.europesays.com\/fr\/wp-json\/wp\/v2\/types\/post"}],"author":[{"embeddable":true,"href":"https:\/\/www.europesays.com\/fr\/wp-json\/wp\/v2\/users\/2"}],"replies":[{"embeddable":true,"href":"https:\/\/www.europesays.com\/fr\/wp-json\/wp\/v2\/comments?post=373014"}],"version-history":[{"count":0,"href":"https:\/\/www.europesays.com\/fr\/wp-json\/wp\/v2\/posts\/373014\/revisions"}],"wp:featuredmedia":[{"embeddable":true,"href":"https:\/\/www.europesays.com\/fr\/wp-json\/wp\/v2\/media\/373015"}],"wp:attachment":[{"href":"https:\/\/www.europesays.com\/fr\/wp-json\/wp\/v2\/media?parent=373014"}],"wp:term":[{"taxonomy":"category","embeddable":true,"href":"https:\/\/www.europesays.com\/fr\/wp-json\/wp\/v2\/categories?post=373014"},{"taxonomy":"post_tag","embeddable":true,"href":"https:\/\/www.europesays.com\/fr\/wp-json\/wp\/v2\/tags?post=373014"}],"curies":[{"name":"wp","href":"https:\/\/api.w.org\/{rel}","templated":true}]}}