{"id":373016,"date":"2025-09-07T13:13:33","date_gmt":"2025-09-07T13:13:33","guid":{"rendered":"https:\/\/www.europesays.com\/fr\/373016\/"},"modified":"2025-09-07T13:13:33","modified_gmt":"2025-09-07T13:13:33","slug":"la-candidature-de-laurence-ruffin-empechee-par-lucille-lheureux-et-les-verts","status":"publish","type":"post","link":"https:\/\/www.europesays.com\/fr\/373016\/","title":{"rendered":"LA CANDIDATURE DE LAURENCE RUFFIN EMP\u00caCH\u00c9E PAR LUCILLE LHEUREUX ET LES VERTS ?"},"content":{"rendered":"<p>Posted On 6 septembre 2025 <\/p>\n<p style=\"text-align: justify;\">C&rsquo;est un crash en rase campagne pour la candidate Verte que pousse Piolle, Laurence Ruffin. Lucille Lheureux, adjointe Verte qui se verrait bien t\u00eate de liste \u00e9galement, d\u00e9nonce publiquement des \u00ab\u00a0intimidations\u00a0\u00bb du Maire et massacre le narratif de l&rsquo;op\u00e9ration Ruffin.<\/p>\n<p>3 CHEFS DE FILES SOLIDAIRES DE PIOLLE DEPUIS DES ANN\u00c9ES&#8230;<\/p>\n<p style=\"text-align: justify;\">Rappel des faits : <a href=\"https:\/\/grenoble-le-changement.fr\/2025\/02\/02\/laurence-ruffin-margot-belair-et-lucille-lheureux-veulent-succeder-a-piolle\/\" rel=\"nofollow noopener\" target=\"_blank\">les Verts et le PCF ont d\u00e9sign\u00e9 en apparence 4 chefs de file<\/a> pour pr\u00e9parer les municipales \u00e0 Grenoble, avant de choisir un candidat parmi ces 4. On retrouve donc Laurence Ruffin, ainsi que Margot Belair et Lucille Lheureux (Vertes) et le communiste Nicolas Beron-P\u00e9rez. La premi\u00e8re est adjointe \u00e0 l&rsquo;urbanisme, la deuxi\u00e8me est adjointe \u00ab\u00a0aux cultures\u00a0\u00bb apr\u00e8s avoir \u00e9t\u00e9 adjointe \u00e0 la propret\u00e9 pendant le premier mandat, le troisi\u00e8me est \u00e9lu au logement. Ces 3 l\u00e0 incarnent donc le bilan des Verts\/LFI sortants.<\/p>\n<p><a href=\"https:\/\/grenoble-le-changement.fr\/wp-content\/uploads\/2025\/08\/Capture-de\u0301cran-2025-07-18-a\u0300-12.06.04-1.webp\" rel=\"nofollow noopener\" target=\"_blank\"><img loading=\"lazy\" decoding=\"async\" class=\" wp-image-83941 jetpack-lazy-image\" src=\"https:\/\/grenoble-le-changement.fr\/wp-content\/uploads\/2025\/08\/Capture-de\u0301cran-2025-07-18-a\u0300-12.06.04-1-300x195.webp\" alt=\"\" width=\"708\" height=\"460\" data-lazy-src=\"https:\/\/www.europesays.com\/fr\/wp-content\/uploads\/2025\/09\/Capture-de\u0301cran-2025-07-18-a\u0300-12.06.04-1-300x195.webp\" \/><\/a>En juillet, le quatuor posait ensemble tout sourire, Ruffin et Lheureux c\u00f4te \u00e0 c\u00f4te au centre, pour le m\u00e9dia<a target=\"_blank\" href=\"https:\/\/www.placegrenet.fr\/2025\/09\/05\/municipales-de-grenoble-lucille-lheureux-candidate-a-la-candidature-denonce-des-pressions-et-des-intimidations\/658933\" rel=\"nofollow noopener\">Place Gre&rsquo;net<\/a> &#8230;<br \/>\n&#8230; MAIS IL M\u00c9PRISE SES \u00c9LUS EN LEUR PR\u00c9F\u00c9RANT RUFFIN<\/p>\n<p style=\"text-align: justify;\">Mais alors qu&rsquo;ils ont suivi Piolle le doigt sur la couture tout au long de sa gouvernance, celui-ci les remercie bien mal en ayant fait de Laurence Ruffin, ext\u00e9rieure au conseil municipal, sa favorite pour lui succ\u00e9der. Rien d&rsquo;\u00e9tonnant parce qu&rsquo;elle a <a href=\"https:\/\/grenoble-le-changement.fr\/2024\/11\/16\/laurence-ruffin-savance-pour-les-municipales-du-piolle-au-feminin\/\" rel=\"nofollow noopener\" target=\"_blank\">le m\u00eame profil mensonger et creux que lui,<\/a> et que cela permet de tromper les Grenoblois avec quelqu&rsquo;un de moins associ\u00e9e au bilan. Mais tr\u00e8s violent pour les \u00e9lus de sa majorit\u00e9, car cela leur envoie le signal clair qu&rsquo;aucun d&rsquo;entre eux n&rsquo;est jug\u00e9 apte \u00e0 la succession.\u00a0<\/p>\n<p>TOUT EST MIS EN PLACE POUR L&rsquo;IMPOSER<\/p>\n<p style=\"text-align: justify;\">Le choix du candidat parmi les quatre doit intervenir fin septembre. Avec les d\u00e9s qui paraissaient pip\u00e9s d&rsquo;avance puisque le syst\u00e8me Piolle (ce qu&rsquo;il en reste) fait tout pour imposer Ruffin : presse nationale avec le quotidien de gauche \u00ab\u00a0Lib\u00e9ration\u00a0\u00bb pour la faire connaitre, organisation de r\u00e9unions publiques o\u00f9 elle est invit\u00e9e par le PCF ou l&rsquo;ADES (la vieille officine d&rsquo;Avrillier\/Comparat qui roule pour les Verts), <a href=\"https:\/\/grenoble-le-changement.fr\/2025\/09\/01\/municipales-coup-denvoi-du-changement-le-19-septembre\/\" rel=\"nofollow noopener\" target=\"_blank\">couverture et interview insipide d&rsquo;une rare complaisance<\/a> par Victor Guilbert, r\u00e9dacteur en chef des Affiches&#8230;\u00a0<\/p>\n<p><a href=\"https:\/\/i1.wp.com\/grenoble-le-changement.fr\/wp-content\/uploads\/2025\/09\/ruffin-les-affiches.jpg?ssl=1\" rel=\"lightbox[84486] nofollow noopener\" target=\"_blank\"><img loading=\"lazy\" decoding=\"async\" class=\" wp-image-84520 jetpack-lazy-image\" src=\"https:\/\/i1.wp.com\/grenoble-le-changement.fr\/wp-content\/uploads\/2025\/09\/ruffin-les-affiches.jpg?resize=521%2C695&amp;ssl=1\" alt=\"\" width=\"521\" height=\"695\" data-recalc-dims=\"1\" data-lazy-src=\"https:\/\/i1.wp.com\/grenoble-le-changement.fr\/wp-content\/uploads\/2025\/09\/ruffin-les-affiches.jpg?resize=521%2C695&amp;is-pending-load=1#038;ssl=1\" \/><\/a>Les Affiches de vendredi dernier : l&rsquo;op\u00e9ration comm&rsquo; prend aussit\u00f4t l&rsquo;eau avec la sortie de Lucille Lheureux<br \/>\nLHEUREUX RUE DANS LES BRANCARDS&#8230;<\/p>\n<p style=\"text-align: justify;\">Sauf que Lucille Lheureux ne s&rsquo;est pas laiss\u00e9e faire. \u00c9lue depuis 2014, c&rsquo;\u00e9tait l&rsquo;une des plus fid\u00e8les adjointes d&rsquo;Eric Piolle, r\u00e9put\u00e9e proche de lui, et s&rsquo;estimant assez logiquement l\u00e9gitime pour porter une candidature dans sa continuit\u00e9. Or \u00e0 quelques semaines de la d\u00e9signation de la candidate des Verts, elle a \u00e9crit un courrier \u00e0 la \u00ab\u00a0cellule d\u2019\u00e9coute et d\u2019orientation du p\u00f4le de r\u00e9gulation\u00a0\u00bb (!) du parti \u00e9colo, <a target=\"_blank\" href=\"https:\/\/c.ledauphine.com\/elections\/2025\/09\/04\/l-adjointe-lucille-lheureux-signale-des-intimidations\" rel=\"nofollow noopener\">r\u00e9v\u00e9l\u00e9 par Eve Moulinier du Dauphin\u00e9 Lib\u00e9r\u00e9<\/a>.<\/p>\n<p>&#8230; POUR AFFIRMER SA CANDIDATURE<\/p>\n<p style=\"text-align: justify;\">Dans ce courrier Lheureux confirme d&rsquo;abord sa volont\u00e9 d&rsquo;\u00eatre t\u00eate de liste des Verts en mars 2026. Ce dont plus grand monde ne doutait, alors qu&rsquo;elle est soudainement de plus en plus active sur les r\u00e9seaux sociaux et a m\u00eame lanc\u00e9 <a target=\"_blank\" href=\"https:\/\/lucillelheureux.fr\/\" rel=\"nofollow noopener\">un site vitrine \u00e0 son nom<\/a> avec d\u00e9j\u00e0 un logo. Femme de parti, elle b\u00e9n\u00e9ficie en outre d&rsquo;appuis parmi les \u00e9lus verts et les militants locaux, notamment les jeunes \u00e9cologistes qui la recevaient hier soir \u00e0 leur local quartier Flaubert, \u00e0 la diff\u00e9rence de l&rsquo;\u00e9th\u00e9r\u00e9e Laurence Ruffin.<\/p>\n<p><a href=\"https:\/\/i1.wp.com\/grenoble-le-changement.fr\/wp-content\/uploads\/2025\/09\/lucille-lheureux-verts-site.png?ssl=1\" rel=\"lightbox[84486] nofollow noopener\" target=\"_blank\"><img loading=\"lazy\" decoding=\"async\" class=\" wp-image-84513 jetpack-lazy-image\" src=\"https:\/\/i1.wp.com\/grenoble-le-changement.fr\/wp-content\/uploads\/2025\/09\/lucille-lheureux-verts-site.png?resize=678%2C321&amp;ssl=1\" alt=\"\" width=\"678\" height=\"321\" data-recalc-dims=\"1\" data-lazy-src=\"https:\/\/i1.wp.com\/grenoble-le-changement.fr\/wp-content\/uploads\/2025\/09\/lucille-lheureux-verts-site.png?resize=678%2C321&amp;is-pending-load=1#038;ssl=1\" \/><\/a>Lucille Lheureux a d\u00e9j\u00e0 lanc\u00e9 son site pour sa candidature..<br \/>\nERIC PIOLLE FAIT \u00ab\u00a0PRESSION\u00a0\u00bb&#8230;<\/p>\n<p style=\"text-align: justify;\">Mais surtout, elle d\u00e9nonce avec ce signalement le \u00ab\u00a0refus de certains membres du collectif de travailler \u00e0 un mode de d\u00e9signation, au profit d\u2019un mouvement naturel\u00a0\u00bb (comprendre : la volont\u00e9 de passer outre un vote militant pour d\u00e9signer Ruffin directement), et des \u00ab\u00a0pressions pour me demander de me d\u00e9sister\u00a0\u00bb. Elle se fait tr\u00e8s pr\u00e9cise concernant l&rsquo;origine des pressions en d\u00e9signant \u00ab\u00a0le maire\u00a0\u00bb, qu&rsquo;elle accuse de \u00ab\u00a0comportements inappropri\u00e9s\u00a0\u00bb.<\/p>\n<p>&#8230; ET VERSE CARR\u00c9MENT DANS \u00ab\u00a0L&rsquo;INTIMIDATION\u00a0\u00bb<\/p>\n<p style=\"text-align: justify;\">Elle parle \u00e0 ce propos d&rsquo;un rendez-vous en t\u00eate \u00e0 t\u00eate qu&rsquo;elle aurait eu avec Piolle, puis d&rsquo;un courrier manuscrit de sa main \u00ab\u00a0dont le ton, la date de remise, la teneur et la fonction de l\u2019\u00e9metteur rel\u00e8vent de l\u2019intimidation\u00a0\u00bb. On peut difficilement faire plus clair mais au cas o\u00f9, elle en remet encore une couche en parlant de pratiques \u00ab\u00a0patriarcales, sexistes et classistes\u00a0\u00bb. Piolle voulait imposer Laurence Ruffin sans tenir compte de ses \u00e9lus, il se retrouve avec une historique qui fait exploser son op\u00e9ration.<\/p>\n<p><a href=\"https:\/\/grenoble-le-changement.fr\/wp-content\/uploads\/2025\/07\/Piolle-Lheureux-Pre\u0301vost.webp\" rel=\"nofollow noopener\" target=\"_blank\"><img loading=\"lazy\" decoding=\"async\" class=\" wp-image-83380 jetpack-lazy-image\" src=\"https:\/\/grenoble-le-changement.fr\/wp-content\/uploads\/2025\/07\/Piolle-Lheureux-Pre\u0301vost-138x300.webp\" alt=\"\" width=\"547\" height=\"1189\" data-lazy-src=\"https:\/\/www.europesays.com\/fr\/wp-content\/uploads\/2025\/09\/Piolle-Lheureux-Pre\u0301vost-138x300.webp\" \/><\/a>Lheureux l&rsquo;an dernier, alors encore en idylle avec Eric Piolle. Tout deux posent ici avec l&rsquo;ex d\u00e9put\u00e9 Hugo Pr\u00e9vost, qui a d\u00e9missionn\u00e9 car accus\u00e9 de violences sexistes et sexuelles. Toujours le m\u00eame sch\u00e9ma avec eux : derri\u00e8re les sourires, l&rsquo;arri\u00e8re-boutique naus\u00e9abonde<br \/>\nLA VIOLENCE DU SYST\u00c8ME PIOLLE MISE \u00c0 NU<\/p>\n<p style=\"text-align: justify;\">C&rsquo;est loin d&rsquo;\u00eatre anodin car c&rsquo;est \u00e0 nouveau une tr\u00e8s proche de Piolle qui d\u00e9couvre la violence de son syst\u00e8me, ou fait semblant de le d\u00e9couvrir parce que c&rsquo;est d\u00e9sormais elle qui est touch\u00e9e. Il y a eu des d\u00e9parts d&rsquo;\u00e9lus d\u00e8s 2016, puis tout au long de ce mandat, avant la d\u00e9mission fracassante de son plus proche collaborateur, son deuxi\u00e8me cerveau Enzo Lesourt qui d\u00e9non\u00e7ait sa \u00ab\u00a0violence \u00e9loquente\u00a0\u00bb et est d\u00e9sormais en conflit devant la justice avec lui. Derri\u00e8re l&rsquo;affichage petites fleurs gentiment \u00e9colo, <a href=\"https:\/\/grenoble-le-changement.fr\/2023\/10\/24\/le-systeme-piolle-mis-a-nu-par-le-livre-choc-dune-ancienne-elue\/\" rel=\"nofollow noopener\" target=\"_blank\">c&rsquo;est un fonctionnement d&rsquo;une rare violence, broyeur de femmes et d&rsquo;hommes<\/a>.\u00a0<\/p>\n<p>LA MACHINE RUFFIN EXPLOSE \u00c0 L&rsquo;EXT\u00c9RIEUR&#8230;<\/p>\n<p style=\"text-align: justify;\">Par la faute de ce syst\u00e8me, la machine Ruffin est gripp\u00e9e avant m\u00eame d&rsquo;avoir pu fonctionner. Au d\u00e9part, elle affirmait qu&rsquo;elle ne serait candidate qu&rsquo;\u00e0 la t\u00eate d&rsquo;une liste d&rsquo;union de gauche. \u00c7a a tr\u00e8s mal d\u00e9marr\u00e9, entre Place Publique qui entend porter une initiative ind\u00e9pendante \u00e0 ce stade sur sa droite, et \u00e0 sa gauche La France Insoumise, partenaire historique des Verts \u00e0 Grenoble, qui n&rsquo;a pas de mot assez durs contre eux et la majorit\u00e9 sortante (\u00e0 laquelle ils appartiennent) et <a href=\"https:\/\/grenoble-le-changement.fr\/2025\/08\/13\/piolle-ruffin-la-majorite-municipale-explose-avant-les-municipales\/\" rel=\"nofollow noopener\" target=\"_blank\">envisage clairement sa liste autonome<\/a>.<\/p>\n<p><a href=\"https:\/\/i1.wp.com\/grenoble-le-changement.fr\/wp-content\/uploads\/2025\/09\/brunon-lheureux.png?ssl=1\" rel=\"lightbox[84486] nofollow noopener\" target=\"_blank\"><img loading=\"lazy\" decoding=\"async\" class=\" wp-image-84525 jetpack-lazy-image\" src=\"https:\/\/i1.wp.com\/grenoble-le-changement.fr\/wp-content\/uploads\/2025\/09\/brunon-lheureux.png?resize=524%2C512&amp;ssl=1\" alt=\"\" width=\"524\" height=\"512\" data-recalc-dims=\"1\" data-lazy-src=\"https:\/\/i1.wp.com\/grenoble-le-changement.fr\/wp-content\/uploads\/2025\/09\/brunon-lheureux.png?resize=524%2C512&amp;is-pending-load=1#038;ssl=1\" \/><\/a>Allan Brunon, chef de file LFI \u00e0 Grenoble, fustige les m\u00e9thodes \u00ab\u00a05\u00e8me r\u00e9publique\u00a0\u00bb des Verts et red\u00e9fend son \u00ab\u00a0cap\u00a0\u00bb et son \u00ab\u00a0programme de rupture\u00a0\u00bb pour les municipales. Les d\u00e9boires des Verts qui prennent l&rsquo;eau avant m\u00eame d&rsquo;avoir quitt\u00e9 le port renforcent LFI dans son rapport de force et ne peuvent que conforter sa volont\u00e9 de liste autonome<br \/>\n&#8230; ET MAINTENANT EN INTERNE<\/p>\n<p style=\"text-align: justify;\">D\u00e9sormais, c&rsquo;est m\u00eame au sein de son propre parti, les Verts, que l&rsquo;op\u00e9ration Ruffin implose en vol, contest\u00e9e publiquement par une \u00e9lue de la 1\u00e8re heure. Dans ces conditions on voit mal comment elle pourrait aller au bout de sa candidature. Sauf \u00e0 d\u00e9j\u00e0 renoncer \u00e0 sa premi\u00e8re promesse (\u00e7a lui ferait <a href=\"https:\/\/grenoble-le-changement.fr\/2022\/06\/10\/piolle-a-bien-torpille-la-votation-citoyenne\/\" rel=\"nofollow noopener\" target=\"_blank\">un autre point commun avec Piolle<\/a>) pour porter une liste bringuebalante, affaiblie de toute part, qui sonnerait d\u00e9finitivement comme le cr\u00e9puscule des ann\u00e9es Verts\/LFI \u00e0 Grenoble.<\/p>\n<p><a href=\"https:\/\/i0.wp.com\/grenoble-le-changement.fr\/wp-content\/uploads\/2025\/09\/alerte-rouge-verts.png?ssl=1\" rel=\"lightbox[84486] nofollow noopener\" target=\"_blank\"><img loading=\"lazy\" decoding=\"async\" class=\" wp-image-84515 jetpack-lazy-image\" src=\"https:\/\/i0.wp.com\/grenoble-le-changement.fr\/wp-content\/uploads\/2025\/09\/alerte-rouge-verts.png?resize=613%2C280&amp;ssl=1\" alt=\"\" width=\"613\" height=\"280\" data-recalc-dims=\"1\" data-lazy-src=\"https:\/\/i0.wp.com\/grenoble-le-changement.fr\/wp-content\/uploads\/2025\/09\/alerte-rouge-verts.png?resize=613%2C280&amp;is-pending-load=1#038;ssl=1\" \/><\/a>\u00ab\u00a0Alerte rouge pour les verts\u00a0\u00bb, titre le journal tr\u00e8s pro verts Lib\u00e9ration apr\u00e8s la sortie de Lheureux<br \/>\nLES VERTS\/LFI COINC\u00c9S DANS LES CONSID\u00c9RATIONS POLITICIENNES\u00a0<\/p>\n<p style=\"text-align: justify;\">C&rsquo;est la loi des s\u00e9ries pour les Verts. Tout ceci donnant le spectacle assez path\u00e9tique d&rsquo;intrigues de couloir, de petits jeux politiciens de partis et d&rsquo;individus \u00e9gotiques uniquement pr\u00e9occup\u00e9s par leur qu\u00eate de postes, bien \u00e9loign\u00e9s de l&rsquo;int\u00e9r\u00eat g\u00e9n\u00e9ral et des attentes des habitants. Et c&rsquo;est peut-\u00eatre ce qui signera leur fin, avec leur bilan tr\u00e8s contest\u00e9.<\/p>\n<p style=\"text-align: justify;\">Pendant ce temps, bien au-dessus de cette m\u00ealasse, Alain Carignon et le collectif \u00ab\u00a0R\u00e9concilier Grenoble\u00a0\u00bb pr\u00e9parent l&rsquo;apr\u00e8s Piolle. Le vrai \u00ab\u00a0apr\u00e8s\u00a0\u00bb, celui qui permettra de renouer avec une ville apais\u00e9e. Et ils le font avec les Grenoblois, qui peuvent participer et <a target=\"_blank\" href=\"https:\/\/www.facebook.com\/events\/1991025795069150\/?acontext=%7B%22event_action_history%22%3A[%7B%22mechanism%22%3A%22attachment%22%2C%22surface%22%3A%22newsfeed%22%7D]%2C%22ref_notif_type%22%3Anull%7D\" rel=\"nofollow noopener\">rencontrer l&rsquo;\u00e9quipe \u00e0 la Factory du Changement<\/a> (26 Avenue Alsace-Lorraine), ouverte toute la semaine de 10h \u00e0 19h. Deux campagnes, deux ambiances.\u00a0<\/p>\n","protected":false},"excerpt":{"rendered":"Posted On 6 septembre 2025 C&rsquo;est un crash en rase campagne pour la candidate Verte que pousse Piolle,&hellip;\n","protected":false},"author":2,"featured_media":373017,"comment_status":"","ping_status":"","sticky":false,"template":"","format":"standard","meta":{"footnotes":""},"categories":[9566],"tags":[1111,11,9601,2430,10132,9607,1777,674,10608,1011,27,2731,20952,10136,10612,10613,12,24294,10140,25,49345,25230],"class_list":{"0":"post-373016","1":"post","2":"type-post","3":"status-publish","4":"format-standard","5":"has-post-thumbnail","7":"category-grenoble","8":"tag-actu","9":"tag-actualites","10":"tag-alain-carignon","11":"tag-auvergne-rhone-alpes","12":"tag-enzo-lesourt","13":"tag-eric-piolle","14":"tag-eu","15":"tag-europe","16":"tag-eve-moulinier","17":"tag-fr","18":"tag-france","19":"tag-grenoble","20":"tag-hugo-prevost","21":"tag-laurence-ruffin","22":"tag-lucille-lheureux","23":"tag-margot-belair","24":"tag-news","25":"tag-nicolas-beron-perez","26":"tag-raymond-avrillier","27":"tag-republique-francaise","28":"tag-victor-guilbert","29":"tag-vincent-comparat"},"share_on_mastodon":{"url":"https:\/\/pubeurope.com\/@fr\/115163195519270388","error":""},"_links":{"self":[{"href":"https:\/\/www.europesays.com\/fr\/wp-json\/wp\/v2\/posts\/373016","targetHints":{"allow":["GET"]}}],"collection":[{"href":"https:\/\/www.europesays.com\/fr\/wp-json\/wp\/v2\/posts"}],"about":[{"href":"https:\/\/www.europesays.com\/fr\/wp-json\/wp\/v2\/types\/post"}],"author":[{"embeddable":true,"href":"https:\/\/www.europesays.com\/fr\/wp-json\/wp\/v2\/users\/2"}],"replies":[{"embeddable":true,"href":"https:\/\/www.europesays.com\/fr\/wp-json\/wp\/v2\/comments?post=373016"}],"version-history":[{"count":0,"href":"https:\/\/www.europesays.com\/fr\/wp-json\/wp\/v2\/posts\/373016\/revisions"}],"wp:featuredmedia":[{"embeddable":true,"href":"https:\/\/www.europesays.com\/fr\/wp-json\/wp\/v2\/media\/373017"}],"wp:attachment":[{"href":"https:\/\/www.europesays.com\/fr\/wp-json\/wp\/v2\/media?parent=373016"}],"wp:term":[{"taxonomy":"category","embeddable":true,"href":"https:\/\/www.europesays.com\/fr\/wp-json\/wp\/v2\/categories?post=373016"},{"taxonomy":"post_tag","embeddable":true,"href":"https:\/\/www.europesays.com\/fr\/wp-json\/wp\/v2\/tags?post=373016"}],"curies":[{"name":"wp","href":"https:\/\/api.w.org\/{rel}","templated":true}]}}