{"id":373020,"date":"2025-09-07T13:18:32","date_gmt":"2025-09-07T13:18:32","guid":{"rendered":"https:\/\/www.europesays.com\/fr\/373020\/"},"modified":"2025-09-07T13:18:32","modified_gmt":"2025-09-07T13:18:32","slug":"ils-sont-visibles-dans-le-ciel-dalsace-ce-samedi","status":"publish","type":"post","link":"https:\/\/www.europesays.com\/fr\/373020\/","title":{"rendered":"ils sont visibles dans le ciel d&rsquo;Alsace ce samedi"},"content":{"rendered":"<p>Un ballon flotte actuellement dans le ciel de Strasbourg, \u00e0 une altitude de pr\u00e8s de 3 000 m\u00e8tres. D\u2019autres ont \u00e9t\u00e9 vus ce matin dans le secteur d\u2019Obernai.<\/p>\n<p>Ces ballons \u00e0 gaz sont ceux de <a href=\"https:\/\/www.dna.fr\/culture-loisirs\/2025\/09\/05\/gordon-bennett-2025-la-course-part-dans-tous-les-sens-suivez-la-mythique-competition-de-ballons\" target=\"_blank\" rel=\"nofollow noopener\">la mythique course Gordon Bennett 2025<\/a>, plus grande comp\u00e9tition de ballons \u00e0 gaz du monde. Pour sa 68e \u00e9dition, cette course s\u2019est \u00e9lanc\u00e9e de Metz ce vendredi soir entre 22h et 23h30. Vingt-quatre \u00e9quipages de deux pilotes sont en lice et les vents dominants soufflant du nord-ouest, ces ballons se d\u00e9placent peu \u00e0 peu vers l\u2019Allemagne et la r\u00e9gion de Fribourg-en-Brisgau, survolant l\u2019Alsace.<\/p>\n<p>  L\u2019objectif est ainsi d\u2019aller le plus loin possible<\/p>\n<p>Comme envisag\u00e9 par la direction des vols, les 24 ballons se sont livr\u00e9s d\u00e8s le d\u00e9collage \u00e0 une v\u00e9ritable bataille strat\u00e9gique. Tous partis vers le sud, certains sont mont\u00e9s assez vite en altitude pour aller chercher des vents les menant vers l&rsquo;Est, en direction de la Gr\u00e8ce. D&rsquo;autres sont rest\u00e9s \u00e0 basse altitude pour trouver les aliz\u00e9s les menant vers l&rsquo;ouest afin de mettre ensuite le cap vers le nord, en direction de la Norv\u00e8ge.<\/p>\n<p>Si l&rsquo;objectif est d&rsquo;aller le plus loin possible dans la limite du continent europ\u00e9en, les \u00e9quipages doivent toutefois prendre garde \u00e0 ne pas passer par certaines zones interdites au survol, comme le Kosovo, la Turquie ou encore la Russie.<\/p>\n<p>Le leader semble \u00eatre en ce moment l\u2019\u00e9quipage num\u00e9ro 3, un \u00e9quipage fran\u00e7ais qui a survol\u00e9 Dambach-la-Ville, Ebersheim, Schoenau\u2026 et se trouve actuellement tout pr\u00e8s de Fribourg-en-Brisgau. En seconde position, un \u00e9quipage polonais a notamment survol\u00e9 Erstein et s\u2019appr\u00eate \u00e0 entrer dans le ciel allemand par Lahr. Un \u00e9quipage anglais est celui qui survole actuellement Strasbourg.<\/p>\n","protected":false},"excerpt":{"rendered":"Un ballon flotte actuellement dans le ciel de Strasbourg, \u00e0 une altitude de pr\u00e8s de 3 000 m\u00e8tres.&hellip;\n","protected":false},"author":2,"featured_media":373021,"comment_status":"","ping_status":"","sticky":false,"template":"","format":"standard","meta":{"footnotes":""},"categories":[2820],"tags":[1111,11,2389,2649,1687,1777,674,107,1011,27,775,12,25,517,640,2803],"class_list":{"0":"post-373020","1":"post","2":"type-post","3":"status-publish","4":"format-standard","5":"has-post-thumbnail","7":"category-strasbourg","8":"tag-actu","9":"tag-actualites","10":"tag-alsace","11":"tag-bas-rhin","12":"tag-culture-loisirs","13":"tag-eu","14":"tag-europe","15":"tag-fil-info","16":"tag-fr","17":"tag-france","18":"tag-grand-est","19":"tag-news","20":"tag-republique-francaise","21":"tag-sport","22":"tag-strasbourg","23":"tag-transport"},"share_on_mastodon":{"url":"https:\/\/pubeurope.com\/@fr\/115163214897396293","error":""},"_links":{"self":[{"href":"https:\/\/www.europesays.com\/fr\/wp-json\/wp\/v2\/posts\/373020","targetHints":{"allow":["GET"]}}],"collection":[{"href":"https:\/\/www.europesays.com\/fr\/wp-json\/wp\/v2\/posts"}],"about":[{"href":"https:\/\/www.europesays.com\/fr\/wp-json\/wp\/v2\/types\/post"}],"author":[{"embeddable":true,"href":"https:\/\/www.europesays.com\/fr\/wp-json\/wp\/v2\/users\/2"}],"replies":[{"embeddable":true,"href":"https:\/\/www.europesays.com\/fr\/wp-json\/wp\/v2\/comments?post=373020"}],"version-history":[{"count":0,"href":"https:\/\/www.europesays.com\/fr\/wp-json\/wp\/v2\/posts\/373020\/revisions"}],"wp:featuredmedia":[{"embeddable":true,"href":"https:\/\/www.europesays.com\/fr\/wp-json\/wp\/v2\/media\/373021"}],"wp:attachment":[{"href":"https:\/\/www.europesays.com\/fr\/wp-json\/wp\/v2\/media?parent=373020"}],"wp:term":[{"taxonomy":"category","embeddable":true,"href":"https:\/\/www.europesays.com\/fr\/wp-json\/wp\/v2\/categories?post=373020"},{"taxonomy":"post_tag","embeddable":true,"href":"https:\/\/www.europesays.com\/fr\/wp-json\/wp\/v2\/tags?post=373020"}],"curies":[{"name":"wp","href":"https:\/\/api.w.org\/{rel}","templated":true}]}}