{"id":373022,"date":"2025-09-07T13:19:10","date_gmt":"2025-09-07T13:19:10","guid":{"rendered":"https:\/\/www.europesays.com\/fr\/373022\/"},"modified":"2025-09-07T13:19:10","modified_gmt":"2025-09-07T13:19:10","slug":"creer-une-place-centrale-a-la-pagnol-le-maire-de-carros-imagine-les-projets-quil-pourrait-conduire-sil-etait-reelu","status":"publish","type":"post","link":"https:\/\/www.europesays.com\/fr\/373022\/","title":{"rendered":"\u00ab\u00a0Cr\u00e9er une place centrale \u00e0 la Pagnol\u00a0\u00bb: le maire de Carros imagine les projets qu\u2019il pourrait conduire s\u2019il \u00e9tait r\u00e9\u00e9lu"},"content":{"rendered":"<p>Le maire divers droite de Carros, \u00e2g\u00e9 de 51 ans, est \u00e0 la t\u00eate de la commune depuis 2020. Yannick Bernard est \u00e9galement conseiller m\u00e9tropolitain depuis 2020 et conseiller d\u00e9partemental depuis 2021. Il est notamment pr\u00e9sident de la commission Green Deal.<\/p>\n<p><strong>La population \u00e9tait de 12.162 habitants en 2018 et de 13.419 habitants en 2024 (+10%). Qu\u2019est-ce qui attire \u00e0 Carros?<\/strong><br \/>&#13;<br \/>\nCes chiffres officiels de l\u2019Insee ne refl\u00e8tent pas la r\u00e9alit\u00e9 du terrain: ils sont bas\u00e9s sur l\u2019\u00e9chantillonnage et pas sur un recensement exhaustif. On \u00e9value donc la population \u00e0 environ 15.000 habitants. Qu\u2019est-ce qui attire? Sa situation g\u00e9ographique entre la bande littorale et l\u2019arri\u00e8re-pays. Sa proximit\u00e9 avec la plus grande zone industrielle du d\u00e9partement (plus de 12.500 salari\u00e9s et une production \u00e0 plus de 2,5 milliards d\u2019euros de chiffre d\u2019affaires annuel). Sa densit\u00e9 de services publics. En 2024, on est la troisi\u00e8me commune de France \u00e0 investir autant de masse salariale par habitant (357 agents).<\/p>\n<p><strong>Est-ce qu\u2019il y a assez d\u2019infrastructures pour faire face \u00e0 cet afflux de population?<\/strong><br \/>&#13;<br \/>\nOn peut toujours faire plus. Il manquerait un b\u00e2timent d\u00e9di\u00e9 \u00e0 l\u2019activit\u00e9 des centres a\u00e9r\u00e9s, comme une maison de l\u2019enfance. Il manquerait un espace pour d\u00e9velopper l\u2019offre du conservatoire d\u00e9partemental avec des salles de r\u00e9p\u00e9tition et d\u2019audition. On a la chance d\u2019avoir deux gymnases, trois stades et une piscine. Un troisi\u00e8me gymnase sera construit sur la commune voisine de Gatti\u00e8res en m\u00eame temps que la cr\u00e9ation d\u2019un nouveau coll\u00e8ge.<\/p>\n<p><strong>Les embouteillages sont quotidiens dans le sens domicile-travail. Que faire?<\/strong><br \/>&#13;<br \/>\nLes habitants de Carros partent travailler dans la plaine du Var, \u00e0 Monaco et Sophia Antipolis. Et 12.500 personnes viennent travailler dans la zone industrielle. J\u2019ai demand\u00e9 des \u00e9tudes de d\u00e9placement domicile-travail \u00e0 la M\u00e9tropole. Elles permettraient de justifier la cr\u00e9ation d\u2019un transport en site propre performant. Il faut mener une r\u00e9flexion sur un transport de type tramway ou BHNS. Pourquoi pas la ligne 6 du r\u00e9seau de tramway? Il faudrait aussi mener \u00e0 bien le projet d\u2019am\u00e9nagement de la RM6202 bis.<\/p>\n<p><strong>Quels sont vos projets en mati\u00e8re de s\u00e9curit\u00e9?<\/strong><br \/>&#13;<br \/>\nOn a dix-neuf policiers municipaux. D\u2019ici fin 2026-d\u00e9but 2027, il pourrait y en avoir quatre de plus. Nous pouvons compter sur 108 cam\u00e9ras. Je souhaite renforcer la vid\u00e9osurveillance dans des zones o\u00f9 le d\u00e9p\u00f4t sauvage est fr\u00e9quent, la zone d\u2019activit\u00e9s de La Grave, en bordure du Var et autour de certains axes de circulation comme aux Plans.<\/p>\n<p><strong>La commune ne manque-t-elle pas d\u2019une vraie centralit\u00e9?<\/strong><br \/>&#13;<br \/>\nJe souhaite restructurer la mairie, le centre commercial, la m\u00e9diath\u00e8que et le supermarch\u00e9 pour cr\u00e9er une centralit\u00e9. Il faudrait cr\u00e9er une place centrale. Une place \u00e0 la Pagnol, avec le jeu de boules, les platanes, le bar, etc. Il y a deux requalifications \u00e0 faire: l\u2019une autour de l\u2019entr\u00e9e de ville (la m\u00e9diath\u00e8que, la maison de sant\u00e9) et l\u2019autre autour de la mairie et des espaces commerciaux.<\/p>\n<p><strong>O\u00f9 en est le projet de la Porte des Plans de Carros?<\/strong><br \/>&#13;<br \/>\nChaque fois qu\u2019un propri\u00e9taire souhaite vendre un terrain, la collectivit\u00e9, par l\u2019interm\u00e9diaire de l\u2019\u00e9tablissement public foncier, ach\u00e8te le terrain pour pouvoir remembrer et proposer \u00e0 terme le d\u00e9veloppement harmonieux d\u2019un nouveau quartier. Il faudra probablement lancer la construction d\u2019une \u00e9cole de douze \u00e0 seize classes ou deux \u00e9coles de six \u00e0 huit classes d\u2019ici la moiti\u00e9 du prochain mandat [aux alentours de 2029]. Sachant qu\u2019il faut deux \u00e0 trois ans pour conduire le projet. Il y aura d\u2019autres infrastructures: la nouvelle gendarmerie et un p\u00f4le de commerces.<\/p>\n<p><strong>Les grandes entreprises Arkopharma, Virbac et Malongo sont pr\u00e9sentes dans la zone industrielle. Que faites-vous pour les conserver et en attirer d\u2019autres?<\/strong><br \/>&#13;<br \/>\nNous avons un vrai accompagnement. Dans le cadre des d\u00e9p\u00f4ts de permis des industriels, on a instaur\u00e9 une commission o\u00f9 on les r\u00e9unit avec la Ville, la M\u00e9tropole et les services de l\u2019\u00c9tat. Mon int\u00e9r\u00eat, c\u2019est qu\u2019ils puissent se d\u00e9velopper. Depuis 2023, le groupe Mauro, entreprise de distribution de boissons, a install\u00e9 un entrep\u00f4t \u00e0 Carros et se d\u00e9veloppe tr\u00e8s fortement. Il y a donc aussi un renouvellement. D\u2019ailleurs, on a 14,2 millions d\u2019euros de foncier qui a ou qui va changer de mains dans la zone industrielle.<\/p>\n<p><strong>2025 marquait la 50e f\u00eate des fraises et du terroir. Comment pouvez-vous la faire \u00e9voluer en 2026?<\/strong><br \/>&#13;<br \/>\nNous allons travailler sur le dossier transport, stationnement, car nous accueillons 23.000 personnes en deux jours. Nous allons revoir l\u2019implantation du chapiteau.<\/p>\n<p><strong>\u00c9ric Ciotti est candidat aux municipales \u00e0 Nice et il est votre coll\u00e8gue au D\u00e9partement. Allez-vous le soutenir?<\/strong><br \/>&#13;<br \/>\nL\u2019annonce de sa candidature \u00e9tait particuli\u00e8rement attendue. Il a une solide exp\u00e9rience pour briguer la mairie. Je pense qu\u2019il ferait un bon pr\u00e9sident de la M\u00e9tropole [Yannick Bernard fait partie des 18 maires \u00ab\u00a0frondeurs\u00a0\u00bb qui avaient quitt\u00e9 la s\u00e9ance pl\u00e9ni\u00e8re du conseil m\u00e9tropolitain du 7 novembre, furieux d\u2019avoir \u00e9t\u00e9 mis de c\u00f4t\u00e9 d\u2019une r\u00e9union pr\u00e9paratoire puis rang\u00e9s aux c\u00f4t\u00e9s des \u00e9lus du RN pour avoir refus\u00e9 de signer une charte propos\u00e9e par le pr\u00e9sident de la M\u00e9tropole Christian Estrosi, par laquelle ils s\u2019engageaient \u00e0 \u00ab\u00a0refuser toute alliance avec le RN\u00a0\u00bb, \u00ab\u00a0d\u00e9fendre la M\u00e9tropole\u00a0\u00bb et \u00ab\u00a0voter le budget\u00a0\u00bb]. Je le c\u00f4toie dans sa fa\u00e7on de conduire un certain nombre de r\u00e9unions au D\u00e9partement. Il conna\u00eet parfaitement ses dossiers. Je souhaite que les Ni\u00e7ois se mobilisent et se positionnent. J\u2019ai h\u00e2te qu\u2019il y ait les \u00e9lections pour que \u00e7a redonne un poids d\u00e9mocratique \u00e0 tous les \u00e9lus. Je vais m\u2019occuper modestement de ma campagne \u00e0 Carros. De finir tr\u00e8s s\u00e9rieusement avec enthousiasme et motivation ce mandat. C\u2019est d\u00e9j\u00e0 un bel objectif.<\/p>\n<p><strong>On comprend que vous serez candidat \u00e0 votre succession, c\u2019est \u00e7a?<\/strong><br \/>&#13;<br \/>\nJ\u2019ai pris le temps de r\u00e9fl\u00e9chir. \u00c7a me plairait d\u2019\u00eatre maire \u00e0 nouveau. Ma d\u00e9cision est claire mais ce n\u2019est pas le moment de l\u2019annoncer officiellement. Ma priorit\u00e9, c\u2019est de poursuivre le travail engag\u00e9. Avec mes adjoints et mes conseillers municipaux, on est aux affaires. Je veux les laisser aller au bout de leur mission. On a encore des projets \u00e0 terminer.<\/p>\n<p>            Du tac au tac<\/p>\n<p><strong>Son coup de c\u0153ur<\/strong><br \/>&#13;<br \/>\n\u00ab\u00a0Le dynamisme associatif de la commune. Nous avons 181 associations, qui rayonnent bien au-del\u00e0 de Carros. Je veux aussi insister sur le travail du comit\u00e9 des f\u00eates.\u00a0\u00bb<\/p>\n<p><strong>Son coup de gueule<br \/>&#13;<br \/>\n<\/strong>\u00ab\u00a0Je suis inquiet de l\u2019instabilit\u00e9 institutionnelle. J\u2019en vois les effets: des appels \u00e0 projet ou des aides qui ne sont plus appuy\u00e9es par l\u2019\u00c9tat pour des questions de mise en \u0153uvre.\u00a0\u00bb<\/p>\n<p><strong>Ses 3 priorit\u00e9s<\/strong><br \/>&#13;<br \/>\n<strong>&#8211; Pr\u00e9vention des inondations:<\/strong> \u00ab\u00a0Je souhaite davantage de s\u00e9curit\u00e9 pour les habitants en mati\u00e8re de risque inondation. J\u2019appr\u00e9hende l\u2019automne \u00e0 cause des \u00e9v\u00e9nements climatiques. On met tout en \u0153uvre avec notre plan communal de sauvegarde.\u00a0\u00bb<br \/>&#13;<br \/>\n<strong>&#8211; Qualit\u00e9 de vie:\u00a0<\/strong>\u00ab\u00a0Je souhaite pr\u00e9server le bon vivre \u00e0 Carros. On fait partie des 2% des communes les plus agr\u00e9ables de France. On \u00e9tait 1026e sur 35.000 communes en 2021. On est pass\u00e9 \u00e0 la 691e place en 2025.\u00a0\u00bb<br \/>&#13;<br \/>\n<strong>&#8211; Terminer les Projets engag\u00e9s:<\/strong>\u00a0\u00ab\u00a0Je souhaite finir les projets engag\u00e9s: la place Saint-Pierre, la couverture du terrain de basket, la s\u00e9curisation des falaises pour prot\u00e9ger des habitations.\u00a0\u00bb<\/p>\n","protected":false},"excerpt":{"rendered":"Le maire divers droite de Carros, \u00e2g\u00e9 de 51 ans, est \u00e0 la t\u00eate de la commune depuis&hellip;\n","protected":false},"author":2,"featured_media":373023,"comment_status":"","ping_status":"","sticky":false,"template":"","format":"standard","meta":{"footnotes":""},"categories":[2819],"tags":[1111,11,1777,674,1011,27,12,2401,316,882,25],"class_list":{"0":"post-373022","1":"post","2":"type-post","3":"status-publish","4":"format-standard","5":"has-post-thumbnail","7":"category-nice","8":"tag-actu","9":"tag-actualites","10":"tag-eu","11":"tag-europe","12":"tag-fr","13":"tag-france","14":"tag-news","15":"tag-nice","16":"tag-politique","17":"tag-provence-alpes-cote-dazur","18":"tag-republique-francaise"},"share_on_mastodon":{"url":"https:\/\/pubeurope.com\/@fr\/115163218895471132","error":""},"_links":{"self":[{"href":"https:\/\/www.europesays.com\/fr\/wp-json\/wp\/v2\/posts\/373022","targetHints":{"allow":["GET"]}}],"collection":[{"href":"https:\/\/www.europesays.com\/fr\/wp-json\/wp\/v2\/posts"}],"about":[{"href":"https:\/\/www.europesays.com\/fr\/wp-json\/wp\/v2\/types\/post"}],"author":[{"embeddable":true,"href":"https:\/\/www.europesays.com\/fr\/wp-json\/wp\/v2\/users\/2"}],"replies":[{"embeddable":true,"href":"https:\/\/www.europesays.com\/fr\/wp-json\/wp\/v2\/comments?post=373022"}],"version-history":[{"count":0,"href":"https:\/\/www.europesays.com\/fr\/wp-json\/wp\/v2\/posts\/373022\/revisions"}],"wp:featuredmedia":[{"embeddable":true,"href":"https:\/\/www.europesays.com\/fr\/wp-json\/wp\/v2\/media\/373023"}],"wp:attachment":[{"href":"https:\/\/www.europesays.com\/fr\/wp-json\/wp\/v2\/media?parent=373022"}],"wp:term":[{"taxonomy":"category","embeddable":true,"href":"https:\/\/www.europesays.com\/fr\/wp-json\/wp\/v2\/categories?post=373022"},{"taxonomy":"post_tag","embeddable":true,"href":"https:\/\/www.europesays.com\/fr\/wp-json\/wp\/v2\/tags?post=373022"}],"curies":[{"name":"wp","href":"https:\/\/api.w.org\/{rel}","templated":true}]}}