{"id":373024,"date":"2025-09-07T13:20:11","date_gmt":"2025-09-07T13:20:11","guid":{"rendered":"https:\/\/www.europesays.com\/fr\/373024\/"},"modified":"2025-09-07T13:20:11","modified_gmt":"2025-09-07T13:20:11","slug":"une-croix-en-fer-forge-vandalisee-christian-estrosi-denonce-un-acte-antireligieux-intolerable","status":"publish","type":"post","link":"https:\/\/www.europesays.com\/fr\/373024\/","title":{"rendered":"une croix en fer forg\u00e9 vandalis\u00e9e, Christian Estrosi d\u00e9nonce un acte \u00abantireligieux intol\u00e9rable\u00bb"},"content":{"rendered":"<p>Une d\u00e9couverte qui a scandalis\u00e9 les habitants ce matin. La croix chr\u00e9tienne qui orne depuis des ann\u00e9es le haut du boulevard de la Madeleine, au nord-ouest de <a href=\"https:\/\/www.lejdd.fr\/Societe\/nice-un-rabbin-agresse-et-une-tentative-dintrusion-dans-une-synagogue-en-24-heures-161626\" target=\"_blank\" rel=\"nofollow noopener\">Nice<\/a>, a \u00e9t\u00e9 arrach\u00e9e dans la nuit du samedi\u00a06 au dimanche\u00a07\u00a0septembre.<\/p>\n<p>    La suite apr\u00e8s cette publicit\u00e9<\/p>\n<p>Elle a \u00e9t\u00e9 retrouv\u00e9e abandonn\u00e9e sur un trottoir \u00ab\u00a0qui sert habituellement de d\u00e9p\u00f4t sauvage pour qui veut se d\u00e9barrasser de ses encombrants\u00a0\u00bb, s&rsquo;est insurg\u00e9 Jean-Christophe, qui a d\u00e9couvert l\u2019acte de vandalisme, aupr\u00e8s de <a href=\"https:\/\/www.nicematin.com\/faits-divers\/la-croix-du-boulevard-de-la-madeleine-arrachee-pendant-la-nuit-le-maire-de-nice-denonce-un-acte-anti-religieux-1000863\" target=\"_blank\" rel=\"nofollow noopener\">Nice-Matin<\/a>.<\/p>\n<p>    La suite apr\u00e8s cette publicit\u00e9<\/p>\n<blockquote class=\"exergue\">\n<p>\u00ab Il a fallu s\u2019y mettre \u00e0 plusieurs pour l\u2019arracher\u00a0\u00bb<\/p>\n<\/blockquote>\n<p>Alors que la nuit a \u00e9t\u00e9 particuli\u00e8rement agit\u00e9e sur le boulevard de la Madeleine, ce geste n\u2019est pas un accident pour l\u2019habitant. \u00ab\u00a0Cette croix en fer forg\u00e9, qui p\u00e8se tr\u00e8s lourd, \u00e9tait fix\u00e9e sur un socle \u00e0 un m\u00e8tre du sol. Il a fallu s\u2019y mettre \u00e0 plusieurs pour l\u2019arracher\u00a0\u00bb, a-t-il assur\u00e9.<\/p>\n<p>    La suite apr\u00e8s cette publicit\u00e9<\/p>\n<p>    La suite apr\u00e8s cette publicit\u00e9<\/p>\n<p>Le maire de la ville, <a href=\"https:\/\/www.lejdd.fr\/politique\/nos-choix-ont-ete-pertinents-a-nice-christian-estrosi-explique-pourquoi-sa-ville-reste-lune-des-meilleures-ou-vivre-154997\" target=\"_blank\" rel=\"nofollow noopener\">Christian Estrosi<\/a>, a d\u00e9nonc\u00e9 une \u00ab\u00a0profanation inacceptable\u00a0\u00bb, sur X. \u00ab\u00a0Le centre de supervision et notre r\u00e9seau de cam\u00e9ras sont mobilis\u00e9s. Tout sera mis en \u0153uvre pour traquer les auteurs de cet acte antireligieux\u00a0\u00bb, a assur\u00e9 l\u2019\u00e9lu candidat \u00e0 sa r\u00e9\u00e9lection. Avant de lancer\u00a0: \u00ab\u00a0Il est intol\u00e9rable de s\u2019en prendre aux valeurs chr\u00e9tiennes et \u00e0 ce qui fait notre identit\u00e9\u00a0\u00bb.<\/p>\n<blockquote class=\"twitter-tweet\">\n<p dir=\"ltr\" lang=\"fr\">La profanation, cette nuit, d\u2019une croix sur le boulevard de la Madeleine, est inacceptable. Le centre de supervision et notre r\u00e9seau de cam\u00e9ras sont mobilis\u00e9s. Tout sera mis en \u0153uvre pour traquer les auteurs de cet acte anti-religieux. Il est intol\u00e9rable de s\u2019en prendre aux\u2026<\/p>\n<p>\u2014 Christian Estrosi (@cestrosi) <a href=\"https:\/\/twitter.com\/cestrosi\/status\/1964597754967011331?ref_src=twsrc%5Etfw\" rel=\"nofollow noopener\" target=\"_blank\">September 7, 2025<\/a><\/p><\/blockquote>\n<p>En attendant sa restauration prochaine, la croix a \u00e9t\u00e9 mise en s\u00e9curit\u00e9 au poste de police municipale. Le nombre des <a href=\"https:\/\/www.lejdd.fr\/Societe\/actes-antichretiens-lassourdissant-silence-des-medias-et-de-la-classe-politique-158209\" target=\"_blank\" rel=\"nofollow noopener\">actes antichr\u00e9tiens<\/a> est en hausse depuis le d\u00e9but de l\u2019ann\u00e9e, avec plus de\u00a0400 faits relev\u00e9s entre janvier et juin, contre 354 sur la m\u00eame p\u00e9riode en 2024, soit une hausse de 13\u00a0%.<\/p>\n<p>                                                                        <script async src=\"https:\/\/platform.twitter.com\/widgets.js\" charset=\"utf-8\"><\/script><\/p>\n","protected":false},"excerpt":{"rendered":"Une d\u00e9couverte qui a scandalis\u00e9 les habitants ce matin. La croix chr\u00e9tienne qui orne depuis des ann\u00e9es le&hellip;\n","protected":false},"author":2,"featured_media":373025,"comment_status":"","ping_status":"","sticky":false,"template":"","format":"standard","meta":{"footnotes":""},"categories":[2819],"tags":[1111,11,1777,674,1011,27,12,2401,882,25],"class_list":{"0":"post-373024","1":"post","2":"type-post","3":"status-publish","4":"format-standard","5":"has-post-thumbnail","7":"category-nice","8":"tag-actu","9":"tag-actualites","10":"tag-eu","11":"tag-europe","12":"tag-fr","13":"tag-france","14":"tag-news","15":"tag-nice","16":"tag-provence-alpes-cote-dazur","17":"tag-republique-francaise"},"share_on_mastodon":{"url":"https:\/\/pubeurope.com\/@fr\/115163222702267975","error":""},"_links":{"self":[{"href":"https:\/\/www.europesays.com\/fr\/wp-json\/wp\/v2\/posts\/373024","targetHints":{"allow":["GET"]}}],"collection":[{"href":"https:\/\/www.europesays.com\/fr\/wp-json\/wp\/v2\/posts"}],"about":[{"href":"https:\/\/www.europesays.com\/fr\/wp-json\/wp\/v2\/types\/post"}],"author":[{"embeddable":true,"href":"https:\/\/www.europesays.com\/fr\/wp-json\/wp\/v2\/users\/2"}],"replies":[{"embeddable":true,"href":"https:\/\/www.europesays.com\/fr\/wp-json\/wp\/v2\/comments?post=373024"}],"version-history":[{"count":0,"href":"https:\/\/www.europesays.com\/fr\/wp-json\/wp\/v2\/posts\/373024\/revisions"}],"wp:featuredmedia":[{"embeddable":true,"href":"https:\/\/www.europesays.com\/fr\/wp-json\/wp\/v2\/media\/373025"}],"wp:attachment":[{"href":"https:\/\/www.europesays.com\/fr\/wp-json\/wp\/v2\/media?parent=373024"}],"wp:term":[{"taxonomy":"category","embeddable":true,"href":"https:\/\/www.europesays.com\/fr\/wp-json\/wp\/v2\/categories?post=373024"},{"taxonomy":"post_tag","embeddable":true,"href":"https:\/\/www.europesays.com\/fr\/wp-json\/wp\/v2\/tags?post=373024"}],"curies":[{"name":"wp","href":"https:\/\/api.w.org\/{rel}","templated":true}]}}