{"id":373028,"date":"2025-09-07T13:23:58","date_gmt":"2025-09-07T13:23:58","guid":{"rendered":"https:\/\/www.europesays.com\/fr\/373028\/"},"modified":"2025-09-07T13:23:58","modified_gmt":"2025-09-07T13:23:58","slug":"levenement-des-jardiniers-lexpertise-des-producteurs","status":"publish","type":"post","link":"https:\/\/www.europesays.com\/fr\/373028\/","title":{"rendered":"L&rsquo;\u00e9v\u00e9nement des jardiniers, l&rsquo;expertise des producteurs."},"content":{"rendered":"<p class=\"article__intro\">Voil\u00e0 38 ans que le parc du Grand Blottereau \u00e0 Nantes devient d\u00e9but septembre le rendez-vous des amoureux des plantes, des jardiniers passionn\u00e9s et des chasseurs de vari\u00e9t\u00e9s rares. Ces 6 et 7 septembre, 170 exposants venus de plusieurs r\u00e9gions fran\u00e7aises et m\u00eame de Belgique vendent leur production et prodiguent leurs conseils.<\/p>\n<p>\n      L\u2019actu des r\u00e9gions\n    <\/p>\n<p>\n      Chaque jour, un tour d\u2019horizon des principales infos de toutes les r\u00e9gions.\n    <\/p>\n<p>    France T\u00e9l\u00e9visions utilise votre adresse e-mail afin de vous envoyer la newsletter \u00ab\u00a0L\u2019actu des r\u00e9gions\u00a0\u00bb. Vous pouvez vous d\u00e9sinscrire \u00e0 tout moment via le lien en bas de cette newsletter. <a target=\"_blank\" href=\"https:\/\/www.francetelevisions.fr\/groupe\/confidentialite\/politique-de-confidentialite\/politique-de-confidentialite-de-france-televisions-6503\" rel=\"nofollow noopener\">Notre politique de confidentialit\u00e9<\/a><\/p>\n<p>Il n&rsquo;est pas encore 10 heures et d\u00e9j\u00e0, ce samedi matin, on se presse devant le grand portail du parc du Grand Blottereau. Une bonne centaine de personnes attend l&rsquo;ouverture de la Folie des Plantes, ce rendez-vous \u00e0 succ\u00e8s o\u00f9 l&rsquo;on vient trouver des id\u00e9es, une vari\u00e9t\u00e9 que les jardineries n&rsquo;ont pas ou un conseil d&rsquo;expert.<\/p>\n<p>Aux abords du boulevard Peneau, la circulation est ferm\u00e9e, on attend 40 000 visiteurs sur ce premier week-end de septembre. Trouver o\u00f9 se garer est d\u00e9j\u00e0 un d\u00e9fi.<\/p>\n<p>Madeline et Nicolas sont venus de Rez\u00e9, \u00e0 une dizaine de kilom\u00e8tres de l\u00e0, chacun en v\u00e9lo-cargo, Madeline pour faire des emplettes, Nicolas pour aider au transport. Ils sont dans les starting-blocks pour entrer.<\/p>\n<p>\u00ab\u00a0Je viens chercher un figuier, annonce Madeline, je sais qu&rsquo;il y a un vendeur de figuiers renomm\u00e9, j&rsquo;esp\u00e8re qu&rsquo;il sera encore l\u00e0 cette ann\u00e9e.\u00a0\u00bb<\/p>\n<p>Le portail s&rsquo;ouvre, la petite foule des matinaux se disperse dans l&rsquo;immense parc, la chasse au tr\u00e9sor commence.<\/p>\n<p><a data-article-figure=\"\" href=\"https:\/\/france3-regions.franceinfo.fr\/image\/MNH3jOLhXB8WwPDk8FcSLZ5StxE\/4032x3024\/regions\/2025\/09\/06\/img-2945-68bc11d5dabd5238406478.jpg\" data-pswp-width=\"4032\" data-pswp-height=\"3024\" target=\"_blank\" rel=\"nofollow noopener\"><\/p>\n<p>          <img width=\"600\" height=\"400\" class=\"article-image lazy\" data-src=\"https:\/\/www.europesays.com\/fr\/wp-content\/uploads\/2025\/09\/img-2945-68bc11d5dabd5238406478.jpg\" alt=\"170 exposants venus de plusieurs r\u00e9gions.\" fetchpriority=\"high\" as=\"image\"\/><\/p>\n<p>\n            170 exposants venus de plusieurs r\u00e9gions.<br \/>\n                           \u2022<br \/>\n                                      \u00a9 France T\u00e9l\u00e9visions Olivier Quentin\n                      <\/p>\n<p><\/a><\/p>\n<p>\u00ab\u00a0On essaye chaque ann\u00e9e d&rsquo;avoir des nouveaux stands, explique Franck Coutant, responsable \u00e9v\u00e9nementiel au service Nature et Jardins de la ville de Nantes. Il y a des gens qui candidatent, mais on va chercher ceux qui ont des collections nationales de r\u00e9f\u00e9rence. Par exemple, on a trouv\u00e9 un p\u00e9pini\u00e9riste sp\u00e9cialis\u00e9 dans les lierres.\u00a0\u00bb<\/p>\n<p>On ne vient pas \u00e0 la Folie des Plantes pour y b\u00e9n\u00e9ficier de promotions mais d&rsquo;une expertise.<\/p>\n<p>\u00ab\u00a0On prend des producteurs sp\u00e9cialis\u00e9s dans leur domaine, sur une famille de plantes ou des obtenteurs de nouvelles vari\u00e9t\u00e9s, pas des revendeurs, pr\u00e9cise Franck Coutant. Ils viennent de toutes les r\u00e9gions, on a m\u00eame des Belges pour les bulbes. C&rsquo;est leur sp\u00e9cificit\u00e9.\u00a0\u00bb<\/p>\n<p>Sur l&rsquo;un des stands, un client potentiel est en recherche de plantes r\u00e9sistantes \u00e0 la s\u00e9cheresse. \u00ab\u00a0De mani\u00e8re g\u00e9n\u00e9rale, les plantes au feuillage gris sont tr\u00e8s r\u00e9sistantes mais il faut un sol drainant\u00a0\u00bb, pr\u00e9vient l&rsquo;exposant.<\/p>\n<p>Franck Poly est venu de l&rsquo;Is\u00e8re pour faire conna\u00eetre sa production de sempervivum et de sedum, des plantes r\u00e9sistantes au froid mais aussi \u00e0 la s\u00e9cheresse. Avec le changement climatique, ce crit\u00e8re est souvent mis en avant par la client\u00e8le.<\/p>\n<p>\u00ab\u00a0Tous les week-ends, j&rsquo;ai des gens qui viennent pour cette raison, constate l&rsquo;Is\u00e9rois qui est venu \u00e0 plusieurs reprises \u00e0 Nantes pr\u00e9senter ses productions \u00e0 la Folie des Plantes. Il compte pr\u00e8s d&rsquo;un millier de vari\u00e9t\u00e9s sur son exploitation. Il en a apport\u00e9 environ 150 \u00e0 Nantes. Il nous en montre une : \u00ab\u00a0Par temps sec, elle se referme sur le c\u0153ur, les feuilles du tour s\u00e8chent et prot\u00e8gent le centre de la plante\u00a0\u00bb, explique-t-il.<\/p>\n<p>On lui demande souvent ce genre de plante pour remplacer un g\u00e9ranium, par exemple, qui n&rsquo;a pas surv\u00e9cu \u00e0 l&rsquo;absence du propri\u00e9taire-jardinier en plein \u00e9t\u00e9 et qui n&rsquo;a pas support\u00e9 l&rsquo;absence d&rsquo;arrosage.<\/p>\n<p><a data-article-figure=\"\" href=\"https:\/\/france3-regions.franceinfo.fr\/image\/JHc18q9KuKOlJol0jvBjgsD9gGw\/4032x3024\/regions\/2025\/09\/06\/img-e2937-68bc122c468b9155075667.jpg\" data-pswp-width=\"4032\" data-pswp-height=\"3024\" target=\"_blank\" rel=\"nofollow noopener\"><\/p>\n<p>          <img width=\"600\" height=\"400\" class=\"article-image lazy\" data-src=\"https:\/\/www.europesays.com\/fr\/wp-content\/uploads\/2025\/09\/img-e2937-68bc122c468b9155075667.jpg\" alt=\"Franck Poly avec une Sempervivum et une Sedum\" fetchpriority=\"high\" as=\"image\"\/><\/p>\n<p>\n            Franck Poly avec une Sempervivum et une Sedum<br \/>\n                           \u2022<br \/>\n                                      \u00a9 France T\u00e9l\u00e9visions Olivier Quentin\n                      <\/p>\n<p><\/a><\/p>\n<p>\u00ab\u00a0Le sedum s&rsquo;utilise en couvre-sol pour v\u00e9g\u00e9taliser des toitures, ajoute le <a href=\"https:\/\/www.sempervivum-et-cie.com\/\" target=\"_blank\" data-tooltip-url=\"https:\/\/www.sempervivum-et-cie.com\/\" rel=\"noopener nofollow\">p\u00e9pini\u00e9riste<\/a>. \u00c7a pousse sur seulement quelques centim\u00e8tres de terre.\u00a0\u00bb<\/p>\n<p>Parmi les 170 exposants de cette \u00e9dition 2025, il y a, outre les producteurs de v\u00e9g\u00e9taux, un march\u00e9 d&rsquo;artisans. Bernard et Anne-Marie, sont venus d&rsquo;une commune proche de Saint-Nazaire. Ils viennent \u00e0 peine d&rsquo;entrer sur le site qu&rsquo;ils ont d\u00e9j\u00e0 trouv\u00e9 leur bonheur : trois poules en terre cuite fa\u00e7onn\u00e9es par un sculpteur sp\u00e9cialis\u00e9 dans les d\u00e9corations de jardin.<\/p>\n<p><a data-article-figure=\"\" href=\"https:\/\/france3-regions.franceinfo.fr\/image\/WjDsFYCoO3oPTU-m__OZmUhKA8M\/4032x3024\/regions\/2025\/09\/06\/img-2929-68bc127989308033329838.jpg\" data-pswp-width=\"4032\" data-pswp-height=\"3024\" target=\"_blank\" rel=\"nofollow noopener\"><\/p>\n<p>          <img width=\"600\" height=\"400\" class=\"article-image lazy\" data-src=\"https:\/\/www.europesays.com\/fr\/wp-content\/uploads\/2025\/09\/img-2929-68bc127989308033329838.jpg\" alt=\"Bernard a trouv\u00e9 une poule en terre cuite pour sa collection.\" fetchpriority=\"high\" as=\"image\"\/><\/p>\n<p>\n            Bernard a trouv\u00e9 une poule en terre cuite pour sa collection.<br \/>\n                           \u2022<br \/>\n                                      \u00a9 France T\u00e9l\u00e9visions Olivier Quentin\n                      <\/p>\n<p><\/a><\/p>\n<p>\u00ab\u00a0On a commenc\u00e9 notre collection de poules il y a une vingtaine d&rsquo;ann\u00e9es\u00a0\u00bb, s&rsquo;amuse Anne-Marie. Mais le couple va continuer sa d\u00e9ambulation en esp\u00e9rant trouver des plantes qui sortent de l&rsquo;ordinaire.<\/p>\n<p>La Folie des Plantes, ce sont aussi des animations comme des conseils pour d\u00e9velopper la biodiversit\u00e9 dans son jardin ou l&rsquo;exposition pr\u00e9figurant le projet d&rsquo;Ambassade de la biodiversit\u00e9 urbaine qui doit prendre place dans le parc du Grand Blottereau.<\/p>\n<p>Ou encore la d\u00e9couverte du potager tropical propos\u00e9e par les jardiniers de la ville. On profitera de l&rsquo;\u00e9v\u00e9nement \u00e9galement pour inaugurer le tout nouveau \u00ab\u00a0Jardin de Seattle\u00a0\u00bb, \u00e0 l&rsquo;occasion des 45 ans du jumelage avec Nantes. Un jardin nourricier comme on en fait dans cette ville du nord-ouest am\u00e9ricain.<\/p>\n<p><a href=\"https:\/\/metropole.nantes.fr\/actualites\/la-folie-des-plantes-rendez-vous-incontournable-des-amoureux-du-vegetal\" target=\"_blank\" data-tooltip-url=\"https:\/\/metropole.nantes.fr\/actualites\/la-folie-des-plantes-rendez-vous-incontournable-des-amoureux-du-vegetal\" rel=\"noopener nofollow\">La Folie des Plantes, les 6 et 7 septembre de 10 h \u00e0 18 h 30 au parc du Grand Blottereau. Entr\u00e9e gratuite<\/a>.<\/p>\n<p><strong>Retrouvez-nous sur nos r\u00e9seaux sociaux et sur\u00a0<\/strong><a href=\"http:\/\/france.tv\" data-tooltip-url=\"http:\/\/france.tv\" rel=\"nofollow noopener\" target=\"_blank\"><strong>france.tv<\/strong><\/a><\/p>\n","protected":false},"excerpt":{"rendered":"Voil\u00e0 38 ans que le parc du Grand Blottereau \u00e0 Nantes devient d\u00e9but septembre le rendez-vous des amoureux&hellip;\n","protected":false},"author":2,"featured_media":373029,"comment_status":"","ping_status":"","sticky":false,"template":"","format":"standard","meta":{"footnotes":""},"categories":[2818],"tags":[1111,11,1777,674,1011,27,766,12,2636,25],"class_list":{"0":"post-373028","1":"post","2":"type-post","3":"status-publish","4":"format-standard","5":"has-post-thumbnail","7":"category-nantes","8":"tag-actu","9":"tag-actualites","10":"tag-eu","11":"tag-europe","12":"tag-fr","13":"tag-france","14":"tag-nantes","15":"tag-news","16":"tag-pays-de-la-loire","17":"tag-republique-francaise"},"share_on_mastodon":{"url":"https:\/\/pubeurope.com\/@fr\/115163238399826077","error":""},"_links":{"self":[{"href":"https:\/\/www.europesays.com\/fr\/wp-json\/wp\/v2\/posts\/373028","targetHints":{"allow":["GET"]}}],"collection":[{"href":"https:\/\/www.europesays.com\/fr\/wp-json\/wp\/v2\/posts"}],"about":[{"href":"https:\/\/www.europesays.com\/fr\/wp-json\/wp\/v2\/types\/post"}],"author":[{"embeddable":true,"href":"https:\/\/www.europesays.com\/fr\/wp-json\/wp\/v2\/users\/2"}],"replies":[{"embeddable":true,"href":"https:\/\/www.europesays.com\/fr\/wp-json\/wp\/v2\/comments?post=373028"}],"version-history":[{"count":0,"href":"https:\/\/www.europesays.com\/fr\/wp-json\/wp\/v2\/posts\/373028\/revisions"}],"wp:featuredmedia":[{"embeddable":true,"href":"https:\/\/www.europesays.com\/fr\/wp-json\/wp\/v2\/media\/373029"}],"wp:attachment":[{"href":"https:\/\/www.europesays.com\/fr\/wp-json\/wp\/v2\/media?parent=373028"}],"wp:term":[{"taxonomy":"category","embeddable":true,"href":"https:\/\/www.europesays.com\/fr\/wp-json\/wp\/v2\/categories?post=373028"},{"taxonomy":"post_tag","embeddable":true,"href":"https:\/\/www.europesays.com\/fr\/wp-json\/wp\/v2\/tags?post=373028"}],"curies":[{"name":"wp","href":"https:\/\/api.w.org\/{rel}","templated":true}]}}