{"id":373030,"date":"2025-09-07T13:25:32","date_gmt":"2025-09-07T13:25:32","guid":{"rendered":"https:\/\/www.europesays.com\/fr\/373030\/"},"modified":"2025-09-07T13:25:32","modified_gmt":"2025-09-07T13:25:32","slug":"les-peluches-labubu-qui-cartonnent-dans-le-monde-debarquent-a-bordeaux","status":"publish","type":"post","link":"https:\/\/www.europesays.com\/fr\/373030\/","title":{"rendered":"Les peluches Labubu qui cartonnent dans le monde d\u00e9barquent \u00e0 Bordeaux"},"content":{"rendered":"\n<p>Vous n&rsquo;avez s\u00fbrement pas pu passer \u00e0 c\u00f4t\u00e9 de cette peluche qui rend fou les petits comme les grands. <strong>Les peluches Labubu<\/strong> font fureur. <strong>Mi-lapin, mi-monstre aux dents pointues avec un air mal\u00e9fique, <\/strong>ces peluches s&rsquo;arrachent depuis plusieurs mois. Vendues au prix de 30 euros en moyenne, dans des bo\u00eetes surprises. Elles sont r\u00e9guli\u00e8rement en rupture de stock.\u00a0<\/p>\n<p><strong>Et cette folie pourrait emporter Bordeaux<\/strong>. <a href=\"https:\/\/www.popmart.com\/fr\" rel=\"noopener nofollow\" target=\"_blank\">La soci\u00e9t\u00e9 chinoise Pop Mart<\/a>, qui commercialise la peluche Labubu, installe un magasin dans la capitale girondine. Et pas n&rsquo;importe o\u00f9 : dans la rue Sainte-Catherine.<\/p>\n<p>Une ouverture pr\u00e9vue le 10 septembre<\/p>\n<p>C&rsquo;est donc au <strong>8, rue Sainte-Catherine, \u00e0 Bordeaux, que l&rsquo;enseigne Pop Mart, ouvrira ses portes le mercredi 10 septembre, \u00e0 partir de 10h<\/strong>.\u00a0<\/p>\n<p>\u00c0 l&rsquo;int\u00e9rieur, des peluches Labubu mais aussi d&rsquo;autres objets comme des figurines avec diff\u00e9rents univers comme <strong>Skullpanda, Pucky ou encore Dimoo<\/strong>.\u00a0<\/p>\n<p>\u00a0<\/p>\n<p>Un ph\u00e9nom\u00e8ne face \u00e0 la contrefa\u00e7on<\/p>\n<p>De Rihanna \u00e0 Madonna, en passant par Brad Pitt, les peluches Labubu sont un v\u00e9ritable ph\u00e9nom\u00e8ne. Et qui dit ph\u00e9nom\u00e8ne dit contrefa\u00e7on. Cet \u00e9t\u00e9, les douanes fran\u00e7aises ont saisi pas moins de 45 000 fausses peluches Labubu d&rsquo;abord dans un camion en provenance de Grande-Bretagne et dans un second camion qui reliait l&rsquo;Espagne \u00e0 la Pologne.<\/p>\n","protected":false},"excerpt":{"rendered":"Vous n&rsquo;avez s\u00fbrement pas pu passer \u00e0 c\u00f4t\u00e9 de cette peluche qui rend fou les petits comme les&hellip;\n","protected":false},"author":2,"featured_media":373031,"comment_status":"","ping_status":"","sticky":false,"template":"","format":"standard","meta":{"footnotes":""},"categories":[2817],"tags":[1111,11,1997,2904,38314,981,8762,1777,674,1011,27,2905,24983,12,2219,50721,50720,25,50719],"class_list":{"0":"post-373030","1":"post","2":"type-post","3":"status-publish","4":"format-standard","5":"has-post-thumbnail","7":"category-bordeaux","8":"tag-actu","9":"tag-actualites","10":"tag-bordeaux","11":"tag-bordeaux-metropole","12":"tag-contrefacon","13":"tag-douane","14":"tag-enseigne","15":"tag-eu","16":"tag-europe","17":"tag-fr","18":"tag-france","19":"tag-gironde","20":"tag-labubu","21":"tag-news","22":"tag-nouvelle-aquitaine","23":"tag-peluche","24":"tag-pop-mart","25":"tag-republique-francaise","26":"tag-rue-saint-catherine"},"share_on_mastodon":{"url":"https:\/\/pubeurope.com\/@fr\/115163242435098424","error":""},"_links":{"self":[{"href":"https:\/\/www.europesays.com\/fr\/wp-json\/wp\/v2\/posts\/373030","targetHints":{"allow":["GET"]}}],"collection":[{"href":"https:\/\/www.europesays.com\/fr\/wp-json\/wp\/v2\/posts"}],"about":[{"href":"https:\/\/www.europesays.com\/fr\/wp-json\/wp\/v2\/types\/post"}],"author":[{"embeddable":true,"href":"https:\/\/www.europesays.com\/fr\/wp-json\/wp\/v2\/users\/2"}],"replies":[{"embeddable":true,"href":"https:\/\/www.europesays.com\/fr\/wp-json\/wp\/v2\/comments?post=373030"}],"version-history":[{"count":0,"href":"https:\/\/www.europesays.com\/fr\/wp-json\/wp\/v2\/posts\/373030\/revisions"}],"wp:featuredmedia":[{"embeddable":true,"href":"https:\/\/www.europesays.com\/fr\/wp-json\/wp\/v2\/media\/373031"}],"wp:attachment":[{"href":"https:\/\/www.europesays.com\/fr\/wp-json\/wp\/v2\/media?parent=373030"}],"wp:term":[{"taxonomy":"category","embeddable":true,"href":"https:\/\/www.europesays.com\/fr\/wp-json\/wp\/v2\/categories?post=373030"},{"taxonomy":"post_tag","embeddable":true,"href":"https:\/\/www.europesays.com\/fr\/wp-json\/wp\/v2\/tags?post=373030"}],"curies":[{"name":"wp","href":"https:\/\/api.w.org\/{rel}","templated":true}]}}