{"id":373032,"date":"2025-09-07T13:26:10","date_gmt":"2025-09-07T13:26:10","guid":{"rendered":"https:\/\/www.europesays.com\/fr\/373032\/"},"modified":"2025-09-07T13:26:10","modified_gmt":"2025-09-07T13:26:10","slug":"chantal-goya-et-son-mari-condamnes-a-payer-218-millions-de-dettes-au-credit-municipal-de-bordeaux","status":"publish","type":"post","link":"https:\/\/www.europesays.com\/fr\/373032\/","title":{"rendered":"Chantal Goya et son mari condamn\u00e9s \u00e0 payer 2,18 millions de dettes au cr\u00e9dit municipal de Bordeaux"},"content":{"rendered":"<p>Le couple d\u2019artistes a \u00e9t\u00e9 condamn\u00e9 \u00e0 verser plus de deux millions d\u2019euros \u00e0 l\u2019\u00e9tablissement. En cause\u00a0: un pr\u00eat contract\u00e9 en 2018 pour solder une lourde dette fiscale.<\/p>\n<p class=\"fig-paragraph\">La chanteuse<a href=\"http:\/\/www.lefigaro.fr\/musique\/ceux-qui-la-pensaient-demodee-se-sont-trompes-chantal-goya-50-ans-de-succes-foudroyant-20250512\" data-fig-type=\"Article\" data-gtm-custom-categorie=\"navigation\" data-gtm-custom-action=\"crossclick\" data-gtm-custom-label=\"Contextuel\" data-gtm-event=\"customEventSPE\" data-fig-domain=\"LEFIGARO\" rel=\"nofollow noopener\" target=\"_blank\">\u00a0Chantal Goya<\/a>\u00a0et son mari, le compositeur\u00a0<a href=\"http:\/\/www.lefigaro.fr\/musique\/jean-jacques-debout-raconte-anne-frank-frida-kahlo-et-jean-paul-belmondo-en-chansons-20240407\" data-fig-type=\"Article\" data-gtm-custom-categorie=\"navigation\" data-gtm-custom-action=\"crossclick\" data-gtm-custom-label=\"Contextuel\" data-gtm-event=\"customEventSPE\" data-fig-domain=\"LEFIGARO\" rel=\"nofollow noopener\" target=\"_blank\">Jean-Jacques Debout<\/a>, ont \u00e9t\u00e9 condamn\u00e9s, le 19 ao\u00fbt dernier, par le tribunal judiciaire de Paris, \u00e0 verser la somme de 2,18 millions d\u2019euros au Cr\u00e9dit municipal de Bordeaux, d\u2019apr\u00e8s une information de\u00a0<a href=\"https:\/\/www.sudouest.fr\/gironde\/bordeaux\/credit-municipal-de-bordeaux-chantal-goya-condamnee-a-regler-une-dette-de-2-18-millions-d-euros-25761614.php\" target=\"_blank\" rel=\"nofollow noopener\" data-gtm-custom-categorie=\"navigation\" data-gtm-custom-action=\"crossclick\" data-gtm-custom-label=\"Contextuel\" data-gtm-event=\"customEventSPE\">Sud-Ouest<\/a> \u00a0confirm\u00e9e au Figaro. Une fois la d\u00e9cision rendue, le couple a imm\u00e9diatement interjet\u00e9 appel.<\/p>\n<p class=\"fig-paragraph\">C\u2019est en 2018 que l\u2019interpr\u00e8te de B\u00e9cassine et Pandi Panda s\u2019est tourn\u00e9e, avec son \u00e9poux, vers l\u2019\u00e9tablissement bordelais pour contracter un emprunt de 2,215 millions d\u2019euros sur cinq ans. Le but, pour eux, \u00e9tait alors de r\u00e9gler une dette de 1,65 million d\u2019euros envers le Tr\u00e9sor public, afin d\u2019\u00e9viter une majoration potentielle. Le seul gage, pour rembourser la dette \u00e9tait les droits SACEM de Jean-Jacques Debout, qui a compos\u00e9 l\u2019int\u00e9gralit\u00e9 du r\u00e9pertoire jeunesse de sa femme, et notamment collabor\u00e9 avec\u00a0<a href=\"https:\/\/www.lefigaro.fr\/musique\/2017\/12\/12\/03006-20171212ARTFIG00273-un-lieu-emblematique-de-paris-prochainement-baptise-johnny-hallyday.php\" target=\"_blank\" data-fig-type=\"Article\" rel=\"noopener nofollow\" data-gtm-custom-categorie=\"navigation\" data-gtm-custom-action=\"crossclick\" data-gtm-custom-label=\"Contextuel\" data-gtm-event=\"customEventSPE\" data-fig-domain=\"LEFIGARO\">Johnny Hallyday<\/a>\u00a0ou encore\u00a0<a href=\"https:\/\/www.lefigaro.fr\/musique\/2015\/12\/02\/03006-20151202ARTFIG00031-dalida-le-secret-tragique-de-la-chanson-il-venait-d-avoir-18-ans.php\" target=\"_blank\" data-fig-type=\"Article\" rel=\"noopener nofollow\" data-gtm-custom-categorie=\"navigation\" data-gtm-custom-action=\"crossclick\" data-gtm-custom-label=\"Contextuel\" data-gtm-event=\"customEventSPE\" data-fig-domain=\"LEFIGARO\">Dalida<\/a>\u00a0pendant sa carri\u00e8re.<\/p>\n<p>                                    <a class=\"fig-a11y-skip a11y-hidden\" href=\"#fig-a11y-skip-main-inarticle\"><br \/>\n        Passer la publicit\u00e9<br \/>\n    <\/a><\/p>\n<p class=\"fig-paragraph\">Dans le m\u00eame temps, entre 2017 et 2020, le Cr\u00e9dit municipal de Bordeaux est soup\u00e7onn\u00e9, sur cette p\u00e9riode, d\u2019avoir accord\u00e9 plusieurs pr\u00eats jug\u00e9s risqu\u00e9s, loin de sa mission traditionnelle d\u2019aide sociale. Il a ainsi octroy\u00e9 des millions d\u2019euros \u00e0 quelques clients fortun\u00e9s,\u00a0<a href=\"http:\/\/www.lefigaro.fr\/flash-eco\/credit-municipal-de-bordeaux-enquete-sur-des-prets-douteux-20191129\" data-fig-type=\"NewsFlash\" data-gtm-custom-categorie=\"navigation\" data-gtm-custom-action=\"crossclick\" data-gtm-custom-label=\"Contextuel\" data-gtm-event=\"customEventSPE\" data-fig-domain=\"LEFIGARO\" rel=\"nofollow noopener\" target=\"_blank\">parfois sans garanties solides, comme des droits d\u2019auteur incertains ou m\u00eame des objets douteux<\/a>. En 2021, l\u2019Autorit\u00e9 de contr\u00f4le prudentiel et de r\u00e9solution (ACPR), le gendarme des banques, a \u00e9pingl\u00e9 la caisse pour mauvaise gestion\u00a0<a href=\"http:\/\/www.lefigaro.fr\/flash-eco\/derapages-au-credit-municipal-de-bordeaux-amende-minoree-la-mairie-soulagee-20210608\" data-fig-type=\"NewsFlash\" data-gtm-custom-categorie=\"navigation\" data-gtm-custom-action=\"crossclick\" data-gtm-custom-label=\"Contextuel\" data-gtm-event=\"customEventSPE\" data-fig-domain=\"LEFIGARO\" rel=\"nofollow noopener\" target=\"_blank\">et lui a inflig\u00e9 un bl\u00e2me ainsi qu\u2019une amende de 120.000 euros<\/a>. La Chambre r\u00e9gionale des comptes a ensuite estim\u00e9 que ces pr\u00eats hasardeux avaient caus\u00e9 plus de 3,9 millions d\u2019euros de pertes.<\/p>\n<p>\u00abJugement loin d\u2019\u00eatre d\u00e9finitif\u00bb<\/p>\n<p class=\"fig-paragraph\">Le couple affirme ne pas avoir \u00e9t\u00e9 suffisamment inform\u00e9 des dangers li\u00e9s \u00e0 l\u2019emprunt contract\u00e9. La justice n\u2019a toutefois pas retenu les arguments de Chantal Goya et Jean-Jacques Debout et a estim\u00e9 qu\u2019ils avaient \u00e9t\u00e9 d\u00fbment accompagn\u00e9s, notamment par un expert en droit \u00e9conomique et un courtier en financement. Leur demande d\u2019annulation de la dette, fond\u00e9e sur cette pr\u00e9tendue absence d\u2019information sur les risques de l\u2019emprunt, a donc \u00e9t\u00e9 rejet\u00e9e.<\/p>\n<p class=\"fig-paragraph\">Contact\u00e9 par Le Figaro, leur avocat, Me St\u00e9phane Loisy, indique que \u00abl\u2019appel est en cours, et que le jugement est loin d\u2019\u00eatre d\u00e9finitif\u00bb, tout en affirmant que le couple \u00abest loin d\u2019\u00eatre ruin\u00e9\u00bb. \u00abDe nombreux \u00e9l\u00e9ments factuels qui figurent dans ce jugement sont reproduits dans les publications incrimin\u00e9es et demeurent toutefois contestables. De fait, ils seront contest\u00e9s par leur conseil dans la poursuite de la proc\u00e9dure\u00bb, a-t-il conclu.<\/p>\n","protected":false},"excerpt":{"rendered":"Le couple d\u2019artistes a \u00e9t\u00e9 condamn\u00e9 \u00e0 verser plus de deux millions d\u2019euros \u00e0 l\u2019\u00e9tablissement. En cause\u00a0: un&hellip;\n","protected":false},"author":2,"featured_media":373033,"comment_status":"","ping_status":"","sticky":false,"template":"","format":"standard","meta":{"footnotes":""},"categories":[2817],"tags":[1111,11,1997,14397,1777,674,1011,27,12,2219,25],"class_list":{"0":"post-373032","1":"post","2":"type-post","3":"status-publish","4":"format-standard","5":"has-post-thumbnail","7":"category-bordeaux","8":"tag-actu","9":"tag-actualites","10":"tag-bordeaux","11":"tag-chantal-goya","12":"tag-eu","13":"tag-europe","14":"tag-fr","15":"tag-france","16":"tag-news","17":"tag-nouvelle-aquitaine","18":"tag-republique-francaise"},"share_on_mastodon":{"url":"https:\/\/pubeurope.com\/@fr\/115163246328068411","error":""},"_links":{"self":[{"href":"https:\/\/www.europesays.com\/fr\/wp-json\/wp\/v2\/posts\/373032","targetHints":{"allow":["GET"]}}],"collection":[{"href":"https:\/\/www.europesays.com\/fr\/wp-json\/wp\/v2\/posts"}],"about":[{"href":"https:\/\/www.europesays.com\/fr\/wp-json\/wp\/v2\/types\/post"}],"author":[{"embeddable":true,"href":"https:\/\/www.europesays.com\/fr\/wp-json\/wp\/v2\/users\/2"}],"replies":[{"embeddable":true,"href":"https:\/\/www.europesays.com\/fr\/wp-json\/wp\/v2\/comments?post=373032"}],"version-history":[{"count":0,"href":"https:\/\/www.europesays.com\/fr\/wp-json\/wp\/v2\/posts\/373032\/revisions"}],"wp:featuredmedia":[{"embeddable":true,"href":"https:\/\/www.europesays.com\/fr\/wp-json\/wp\/v2\/media\/373033"}],"wp:attachment":[{"href":"https:\/\/www.europesays.com\/fr\/wp-json\/wp\/v2\/media?parent=373032"}],"wp:term":[{"taxonomy":"category","embeddable":true,"href":"https:\/\/www.europesays.com\/fr\/wp-json\/wp\/v2\/categories?post=373032"},{"taxonomy":"post_tag","embeddable":true,"href":"https:\/\/www.europesays.com\/fr\/wp-json\/wp\/v2\/tags?post=373032"}],"curies":[{"name":"wp","href":"https:\/\/api.w.org\/{rel}","templated":true}]}}