{"id":373034,"date":"2025-09-07T13:27:12","date_gmt":"2025-09-07T13:27:12","guid":{"rendered":"https:\/\/www.europesays.com\/fr\/373034\/"},"modified":"2025-09-07T13:27:12","modified_gmt":"2025-09-07T13:27:12","slug":"portet-sur-garonne-la-ligne-117-express-dessert-quatre-arrets-a-portet","status":"publish","type":"post","link":"https:\/\/www.europesays.com\/fr\/373034\/","title":{"rendered":"Portet-sur-Garonne. La ligne 117 Express dessert quatre arr\u00eats \u00e0 Portet"},"content":{"rendered":"<p>Apr\u00e8s plusieurs mois de travaux, la ligne 117 Basso Cambo \/ Muret Gare SNCF fait peau neuve et devient la ligne 117 Express.<\/p>\n<p>En service depuis le lundi 1er septembre 2025, elle dessert quatre arr\u00eats sur la commune de Portet-sur-Garonne : Route d\u2019Espagne au niveau du rond-point avec la Route d\u2019Ax, Route d\u2019Espagne au carrefour Jean-Jaur\u00e8s,<b> <\/b>Centre Commercial Portet, et Larrieu.<\/p>\n<p>La liaison entre Muret et Basso Cambo s\u2019effectuerait en 35 minutes, gr\u00e2ce aux travaux d\u2019am\u00e9nagement de la ligne en site propre (voie unique r\u00e9serv\u00e9e). Avec une fr\u00e9quence renforc\u00e9e (15 \u00e0 30 min en heures de pointe), pas moins de 15 arr\u00eats sont d\u00e9sormais desservis sur son trajet.<\/p>\n<p>Elle offre des connexions avec les TER (Muret Gare SNCF), la ligne A (station Basso Cambo), les bus Lin\u00e9o 4, 11 et 14 (arr\u00eat Basso Cambo), le Lin\u00e9o 4 (arr\u00eat Eisenhower Est), et le Lin\u00e9o 5 (arr\u00eats Larrieu et Jean-Jaur\u00e8s).<\/p>\n<p>Des am\u00e9nagements de la Route d\u2019Espagne c\u00f4t\u00e9 pi\u00e9tons sont en cours, en compl\u00e9ment de ceux de la ligne 117 Express.<\/p>\n","protected":false},"excerpt":{"rendered":"Apr\u00e8s plusieurs mois de travaux, la ligne 117 Basso Cambo \/ Muret Gare SNCF fait peau neuve et&hellip;\n","protected":false},"author":2,"featured_media":373035,"comment_status":"","ping_status":"","sticky":false,"template":"","format":"standard","meta":{"footnotes":""},"categories":[2816],"tags":[1111,11,1777,674,1011,27,12,2680,25,2312],"class_list":{"0":"post-373034","1":"post","2":"type-post","3":"status-publish","4":"format-standard","5":"has-post-thumbnail","7":"category-toulouse","8":"tag-actu","9":"tag-actualites","10":"tag-eu","11":"tag-europe","12":"tag-fr","13":"tag-france","14":"tag-news","15":"tag-occitanie","16":"tag-republique-francaise","17":"tag-toulouse"},"share_on_mastodon":{"url":"https:\/\/pubeurope.com\/@fr\/115163250328003902","error":""},"_links":{"self":[{"href":"https:\/\/www.europesays.com\/fr\/wp-json\/wp\/v2\/posts\/373034","targetHints":{"allow":["GET"]}}],"collection":[{"href":"https:\/\/www.europesays.com\/fr\/wp-json\/wp\/v2\/posts"}],"about":[{"href":"https:\/\/www.europesays.com\/fr\/wp-json\/wp\/v2\/types\/post"}],"author":[{"embeddable":true,"href":"https:\/\/www.europesays.com\/fr\/wp-json\/wp\/v2\/users\/2"}],"replies":[{"embeddable":true,"href":"https:\/\/www.europesays.com\/fr\/wp-json\/wp\/v2\/comments?post=373034"}],"version-history":[{"count":0,"href":"https:\/\/www.europesays.com\/fr\/wp-json\/wp\/v2\/posts\/373034\/revisions"}],"wp:featuredmedia":[{"embeddable":true,"href":"https:\/\/www.europesays.com\/fr\/wp-json\/wp\/v2\/media\/373035"}],"wp:attachment":[{"href":"https:\/\/www.europesays.com\/fr\/wp-json\/wp\/v2\/media?parent=373034"}],"wp:term":[{"taxonomy":"category","embeddable":true,"href":"https:\/\/www.europesays.com\/fr\/wp-json\/wp\/v2\/categories?post=373034"},{"taxonomy":"post_tag","embeddable":true,"href":"https:\/\/www.europesays.com\/fr\/wp-json\/wp\/v2\/tags?post=373034"}],"curies":[{"name":"wp","href":"https:\/\/api.w.org\/{rel}","templated":true}]}}