{"id":373038,"date":"2025-09-07T13:30:12","date_gmt":"2025-09-07T13:30:12","guid":{"rendered":"https:\/\/www.europesays.com\/fr\/373038\/"},"modified":"2025-09-07T13:30:12","modified_gmt":"2025-09-07T13:30:12","slug":"selon-bruno-cote-rencontres-et-cote-pepetes-un-bon-cru-cette-annee","status":"publish","type":"post","link":"https:\/\/www.europesays.com\/fr\/373038\/","title":{"rendered":"selon Bruno, \u00ab c\u00f4t\u00e9 rencontres et c\u00f4t\u00e9 &lsquo;p\u00e9p\u00e8tes&rsquo;, un bon cru cette ann\u00e9e ! \u00bb"},"content":{"rendered":"<p>            Par<br \/>\n        <strong><br \/>\n            <a href=\"https:\/\/actu.fr\/auteur\/annesophie-2\" title=\"Consulter tous les articles de Anne-Sophie Hourdeaux\" target=\"_blank\" rel=\"noopener\">Anne-Sophie Hourdeaux<\/a><br \/>\n        <\/strong><\/p>\n<p>        Publi\u00e9 le<\/p>\n<p>            7 sept. 2025 \u00e0 15h02        <\/p>\n<p>Cela fait 5\u00a0ans que Bruno et sa famille, qui r\u00e9side \u00e0 Menin en <a href=\"https:\/\/actu.fr\/tag\/belgique\" target=\"_blank\" rel=\"noopener\">Belgique<\/a>, font la <a href=\"https:\/\/actu.fr\/hauts-de-france\/lille_59350\" target=\"_blank\" rel=\"noopener\">braderie de Lille<\/a>, toujours au Quai du Wault \u00ab\u2009le spot le plus sympa de la braderie\u2009\u00bb dit Bruno. Nous l\u2019avons rencontr\u00e9 ce dimanche 7\u00a0septembre 2025, apr\u00e8s qu\u2019il ait dormi sur place.<\/p>\n<p>Bien dormi<\/p>\n<p class=\" wall-content\">Il n\u2019avait pas l\u2019air trop fatigu\u00e9, Bruno, en ce dimanche matin, apr\u00e8s une nuit \u00e0 dormir dans son stand\u2009! \u00ab\u2009La nuit s\u2019est bien pass\u00e9e, j\u2019ai bien dormi, il y avait des jeunes qui avaient mis la musique mais ils ont arr\u00eat\u00e9 vers 22\u2009h, \u00e7a va. <b>Si on ne s\u2019amuse pas \u00e0 la braderie quand on est jeune, c\u2019est dommage<\/b>\u2009!\u2009\u00bb<\/p>\n<p class=\" wall-content\">Bruno lui, s\u2019amuse souvent. Comme lorsqu\u2019il a entendu un passant cette nuit dire \u00ab\u2009Je vais faire pipi contre la tente\u2009\u00bb. \u00ab\u2009J\u2019ai fait ma grosse voix, mais je savais que c\u2019\u00e9tait pour rire, ils ont vu la lumi\u00e8re\u2009!\u2009\u00bb<\/p>\n<p class=\" wall-content\">Sur son stand, il \u00ab\u2009monte la garde\u2009\u00bb gentiment \u00e0 c\u00f4t\u00e9 d\u2019un impressionnant ami, un ours en pastique jaune qui sourit en levant la patte. \u00ab\u2009C\u2019est un meuble \u00e0 bonbon Haribo\u2009\u00bb sourit Bruno. \u00ab\u2009C\u2019est une amie qui me l\u2019a confi\u00e9, on va partager les sous\u2009\u00bb. Il le met en vente \u00e0 200 \u20ac, il est pr\u00eat \u00e0 baisser un peu. \u00ab\u2009Je sais que \u00e7a partira, plusieurs personnes avaient l\u2019air int\u00e9ress\u00e9\u2009\u00bb.<\/p>\n<p>Un bon cru<\/p>\n<p class=\" wall-content\">C\u2019est la<b> 5e fois qu\u2019il fait la braderie de Lille<\/b> avec son \u00e9pouse Elisabeth. \u00ab\u2009On adore chiner durant l\u2019ann\u00e9e, enfin, surtout ma femme, moi, je suis le \u2018porteur\u2019\u2009!\u2009\u00bb Avec leur fils, c\u2019est la seule braderie o\u00f9 ils vendent, \u00ab\u2009on aime bien, surtout le quai du Wault, le meilleur spot de la braderie, c\u2019est un coin sympa\u2009!\u2009\u00bb<\/p>\n<p class=\" wall-content\">Il trouve que 2025, \u00ab\u2009c\u2019est un bon cru, aussi bien c\u00f4t\u00e9 rencontres que c\u00f4t\u00e9 p\u00e9pettes\u2009\u00bb (argent). \u00ab\u2009C\u2019est bon enfant, les gens parlent facilement, on voit qu\u2019ils ont envie d\u2019autre chose que la morosit\u00e9 ambiante\u2009\u00bb.<\/p>\n<p>D\u00e9poser un canap\u00e9 chez un jeune<\/p>\n<p class=\" wall-content\">Ce soir, il ne repartira pas tout de suite direction Menin. \u00ab\u2009Un jeune Ha\u00eftien m\u2019a achet\u00e9 un canap\u00e9 en rotin pour son appart, pr\u00e8s de la gare. C\u2019est gal\u00e8re \u00e0 transporter. Il m\u2019a pay\u00e9, et je lui d\u00e9pose ce soir en camionnette. C\u2019est normal\u2009!\u2009\u00bb<\/p>\n<p>Votre r\u00e9gion, votre actu !<\/p>\n<p>Recevez chaque jour les infos qui comptent pour vous.<\/p>\n<p>\t<a href=\"https:\/\/actu.fr\/newsletter\" class=\"ac-btn ac-btn--corner ac-btn--medium ac-btn--blue800\" target=\"_blank\" rel=\"noopener\">S&rsquo;incrire<\/a><\/p>\n<p class=\" wall-content\">La braderie, avec Bruno, c\u2019est toujours sympa\u2009!<\/p>\n<p class=\" wall-content\">Personnalisez votre actualit\u00e9 en ajoutant vos villes et m\u00e9dias en favori avec <a href=\"https:\/\/moncompte.actu.fr\" title=\"D\u00e9couvez Mon Actu\" rel=\"nofollow noopener\" data-trk=\"{&quot;cta&quot;:{&quot;action&quot;:&quot;https:\\\/\\\/moncompte.actu.fr&quot;,&quot;category&quot;:&quot;mon compte&quot;,&quot;from&quot;:&quot;article footer&quot;,&quot;name&quot;:&quot;Mon actu&quot;,&quot;type&quot;:&quot;cta&quot;}}\" target=\"_blank\">Mon Actu<\/a>.<\/p>\n","protected":false},"excerpt":{"rendered":"Par Anne-Sophie Hourdeaux Publi\u00e9 le 7 sept. 2025 \u00e0 15h02 Cela fait 5\u00a0ans que Bruno et sa famille,&hellip;\n","protected":false},"author":2,"featured_media":373039,"comment_status":"","ping_status":"","sticky":false,"template":"","format":"standard","meta":{"footnotes":""},"categories":[2815],"tags":[1111,11,18703,1777,674,1011,27,811,1307,12,25,104],"class_list":{"0":"post-373038","1":"post","2":"type-post","3":"status-publish","4":"format-standard","5":"has-post-thumbnail","7":"category-lille","8":"tag-actu","9":"tag-actualites","10":"tag-braderie-de-lille","11":"tag-eu","12":"tag-europe","13":"tag-fr","14":"tag-france","15":"tag-hauts-de-france","16":"tag-lille","17":"tag-news","18":"tag-republique-francaise","19":"tag-societe"},"share_on_mastodon":{"url":"https:\/\/pubeurope.com\/@fr\/115163262079675137","error":""},"_links":{"self":[{"href":"https:\/\/www.europesays.com\/fr\/wp-json\/wp\/v2\/posts\/373038","targetHints":{"allow":["GET"]}}],"collection":[{"href":"https:\/\/www.europesays.com\/fr\/wp-json\/wp\/v2\/posts"}],"about":[{"href":"https:\/\/www.europesays.com\/fr\/wp-json\/wp\/v2\/types\/post"}],"author":[{"embeddable":true,"href":"https:\/\/www.europesays.com\/fr\/wp-json\/wp\/v2\/users\/2"}],"replies":[{"embeddable":true,"href":"https:\/\/www.europesays.com\/fr\/wp-json\/wp\/v2\/comments?post=373038"}],"version-history":[{"count":0,"href":"https:\/\/www.europesays.com\/fr\/wp-json\/wp\/v2\/posts\/373038\/revisions"}],"wp:featuredmedia":[{"embeddable":true,"href":"https:\/\/www.europesays.com\/fr\/wp-json\/wp\/v2\/media\/373039"}],"wp:attachment":[{"href":"https:\/\/www.europesays.com\/fr\/wp-json\/wp\/v2\/media?parent=373038"}],"wp:term":[{"taxonomy":"category","embeddable":true,"href":"https:\/\/www.europesays.com\/fr\/wp-json\/wp\/v2\/categories?post=373038"},{"taxonomy":"post_tag","embeddable":true,"href":"https:\/\/www.europesays.com\/fr\/wp-json\/wp\/v2\/tags?post=373038"}],"curies":[{"name":"wp","href":"https:\/\/api.w.org\/{rel}","templated":true}]}}