{"id":373040,"date":"2025-09-07T13:31:11","date_gmt":"2025-09-07T13:31:11","guid":{"rendered":"https:\/\/www.europesays.com\/fr\/373040\/"},"modified":"2025-09-07T13:31:11","modified_gmt":"2025-09-07T13:31:11","slug":"deux-mois-apres-la-rage-des-sinistres-de-lestaque-ne-seteint-pas","status":"publish","type":"post","link":"https:\/\/www.europesays.com\/fr\/373040\/","title":{"rendered":"deux mois apr\u00e8s, la rage des sinistr\u00e9s de l&rsquo;Estaque ne s\u2019\u00e9teint pas"},"content":{"rendered":"<p>Comprendre ce qui a dysfonctionn\u00e9. <strong>Recevoir des excuses. Obtenir des r\u00e9ponses<\/strong>. Et r\u00e9paration. Qu\u2019ils aient r\u00e9ussi \u00e0 sauver &#8211; seuls &#8211; leur logement, ou qu\u2019ils l\u2019aient vu dispara\u00eetre sous les flammes, les sinistr\u00e9s de l\u2019incendie du 8\u00a0juillet \u00e0 l\u2019Estaque tiennent quasiment tous les m\u00eames discours\u00a0: \u00ab\u00a0Pourquoi, alors qu\u2019en\u00a02001, les pompiers avaient r\u00e9ussi \u00e0 sauver nos maisons, on nous a cette fois laiss\u00e9s seuls, prendre des risques pour s\u2019enfuir malgr\u00e9 les consignes, sans que personne ne vienne prot\u00e9ger nos logements\u00a0?\u00a0\u00bb<\/p>\n<p>Deux mois apr\u00e8s, la col\u00e8re reste vive, alimentant le d\u00e9sir de cr\u00e9er une association pour que<a href=\"https:\/\/www.laprovence.com\/article\/region\/84172227432616\/le-collectif-de-l-incendie-du-8-juillet-a-vu-le-jour-a-l-estaque-pour-comprendre-ce-qu-il-s-est-passe\" target=\"_blank\" rel=\"nofollow noopener\"> le collectif qui a vu le jour spontan\u00e9ment au lendemain du sinistre<\/a>, puisse se donner une existence juridique. Outre les plaintes contre X d\u00e9pos\u00e9es individuellement (plus de 90 selon nos informations, NDLR), des documents ont \u00e9t\u00e9 demand\u00e9s \u00e0 la pr\u00e9fecture, par l\u2019interm\u00e9diaire d\u2019un avocat, pour retracer le d\u00e9roulement pr\u00e9cis des ordres donn\u00e9s ce jour-l\u00e0. \u00ab\u00a0Sans r\u00e9ponse le 8\u00a0septembre, on pourra saisir la Commission d\u2019acc\u00e8s aux documents administratifs, pour qu\u2019un juge et des experts puissent les \u00e9tudier afin d\u2019\u00e9tablir <a href=\"https:\/\/www.laprovence.com\/article\/faits-divers-justice\/1401511491747715\/feu-des-pennes-mirabeau-et-marseille-la-colere-des-sinistres-les-questions-en-suspens\" target=\"_blank\" rel=\"nofollow noopener\">une \u00e9ventuelle responsabilit\u00e9 administrative<\/a> et permettre aux sin&#8230;<\/p>\n","protected":false},"excerpt":{"rendered":"Comprendre ce qui a dysfonctionn\u00e9. Recevoir des excuses. Obtenir des r\u00e9ponses. Et r\u00e9paration. Qu\u2019ils aient r\u00e9ussi \u00e0 sauver&hellip;\n","protected":false},"author":2,"featured_media":373041,"comment_status":"","ping_status":"","sticky":false,"template":"","format":"standard","meta":{"footnotes":""},"categories":[2814],"tags":[17,1111,11,150,154,4070,1777,674,1011,27,1310,10853,884,2561,12,882,33014,16,25],"class_list":{"0":"post-373040","1":"post","2":"type-post","3":"status-publish","4":"format-standard","5":"has-post-thumbnail","7":"category-marseille","8":"tag-17","9":"tag-actu","10":"tag-actualites","11":"tag-apres","12":"tag-des","13":"tag-deux","14":"tag-eu","15":"tag-europe","16":"tag-fr","17":"tag-france","18":"tag-incendie","19":"tag-lestaque","20":"tag-marseille","21":"tag-mois","22":"tag-news","23":"tag-provence-alpes-cote-dazur","24":"tag-rage","25":"tag-region","26":"tag-republique-francaise"},"share_on_mastodon":{"url":"https:\/\/pubeurope.com\/@fr\/115163266024363773","error":""},"_links":{"self":[{"href":"https:\/\/www.europesays.com\/fr\/wp-json\/wp\/v2\/posts\/373040","targetHints":{"allow":["GET"]}}],"collection":[{"href":"https:\/\/www.europesays.com\/fr\/wp-json\/wp\/v2\/posts"}],"about":[{"href":"https:\/\/www.europesays.com\/fr\/wp-json\/wp\/v2\/types\/post"}],"author":[{"embeddable":true,"href":"https:\/\/www.europesays.com\/fr\/wp-json\/wp\/v2\/users\/2"}],"replies":[{"embeddable":true,"href":"https:\/\/www.europesays.com\/fr\/wp-json\/wp\/v2\/comments?post=373040"}],"version-history":[{"count":0,"href":"https:\/\/www.europesays.com\/fr\/wp-json\/wp\/v2\/posts\/373040\/revisions"}],"wp:featuredmedia":[{"embeddable":true,"href":"https:\/\/www.europesays.com\/fr\/wp-json\/wp\/v2\/media\/373041"}],"wp:attachment":[{"href":"https:\/\/www.europesays.com\/fr\/wp-json\/wp\/v2\/media?parent=373040"}],"wp:term":[{"taxonomy":"category","embeddable":true,"href":"https:\/\/www.europesays.com\/fr\/wp-json\/wp\/v2\/categories?post=373040"},{"taxonomy":"post_tag","embeddable":true,"href":"https:\/\/www.europesays.com\/fr\/wp-json\/wp\/v2\/tags?post=373040"}],"curies":[{"name":"wp","href":"https:\/\/api.w.org\/{rel}","templated":true}]}}