{"id":373044,"date":"2025-09-07T13:33:12","date_gmt":"2025-09-07T13:33:12","guid":{"rendered":"https:\/\/www.europesays.com\/fr\/373044\/"},"modified":"2025-09-07T13:33:12","modified_gmt":"2025-09-07T13:33:12","slug":"il-fonce-sur-la-voiture-de-son-ex","status":"publish","type":"post","link":"https:\/\/www.europesays.com\/fr\/373044\/","title":{"rendered":"il fonce sur la voiture de son ex"},"content":{"rendered":"<p>Un grave\u00a0accident de la circulation s\u2019est produit samedi soir vers 23 heures \u00e0 Caluire, dans le secteur de l\u2019avenue G\u00e9n\u00e9ral-Leclerc, au niveau du 86, avenue Barth\u00e9lemy-Thimonnier. Les pompiers ont d\u00fb d\u00e9sincarc\u00e9rer les conducteurs des deux\u00a0v\u00e9hicules impliqu\u00e9s.<\/p>\n<p>Gri\u00e8vement bless\u00e9e, une femme a \u00e9t\u00e9 transport\u00e9e \u00e0\u00a0l\u2019h\u00f4pital Edouard-Herriot. Son pronostic vital n\u2019\u00e9tait pas engag\u00e9 samedi. L\u2019autre automobiliste a \u00e9t\u00e9 plus l\u00e9g\u00e8rement touch\u00e9. Il a \u00e9galement \u00e9t\u00e9 pris en charge par les secours.<\/p>\n<p>  Une des voitures s\u2019encastre dans un arbre<\/p>\n<p>L\u2019\u00e9quipage de police intervenu sur place a constat\u00e9 qu\u2019il ne s\u2019agissait pas d\u2019un simple accident\u00a0mais d\u2019une collision volontairement provoqu\u00e9e par le propri\u00e9taire d\u2019un des deux v\u00e9hicules.<\/p>\n<p>Ce contenu est bloqu\u00e9 car vous n&rsquo;avez pas accept\u00e9 les cookies et autres traceurs.<\/p>\n<p>En cliquant sur \u00ab J\u2019accepte \u00bb, les cookies et autres traceurs seront d\u00e9pos\u00e9s et vous pourrez visualiser les contenus  (<a href=\"\" class=\"consentModule_policy\" target=\"_blank\" title=\"Consulter la politique de protection des donn\u00e9es du fournisseur\">plus d&rsquo;informations<\/a>).<\/p>\n<p>En cliquant sur \u00ab J\u2019accepte tous les cookies \u00bb, vous autorisez des d\u00e9p\u00f4ts de cookies et autres traceurs pour le stockage de vos donn\u00e9es sur nos sites et applications \u00e0 des fins de personnalisation et de ciblage publicitaire.<\/p>\n<p class=\"consentModule_secondaryText\">Vous gardez la possibilit\u00e9 de retirer votre consentement \u00e0 tout moment en consultant notre <a href=\"https:\/\/www.leprogres.fr\/protection-des-donnees\" target=\"_blank\" title=\"Consulter notre politique de protection des donn\u00e9es\" rel=\"noopener\">politique de protection des donn\u00e9es<\/a>. <br \/>&#13;<br \/>\n            <a href=\"https:\/\/www.leprogres.fr\/faits-divers-justice\/2025\/09\/07\/javascript:Didomi.notice.show()\" class=\"consentModule_cmp\" target=\"_blank\" rel=\"noopener\">G\u00e9rer mes choix<\/a>&#13;\n        <\/p>\n<p>&#13;<br \/>\n                        J&rsquo;accepte&#13;<br \/>\n            J&rsquo;accepte tous les cookies&#13;\n        <\/p>\n<p>Selon les premiers \u00e9l\u00e9ments recueillis, l\u2019homme aurait percut\u00e9 violemment et \u00e0 vive allure la voiture de son ex-compagne. Sous le choc, cette derni\u00e8re a fonc\u00e9 sur un terre-plein central puis s\u2019est encastr\u00e9e dans un arbre avant d\u2019\u00eatre \u00e0 nouveau tamponn\u00e9e par derri\u00e8re par son ex.<\/p>\n<p>Le conducteur qui serait \u00e2g\u00e9 de 26 ans, tout comme la victime, a \u00e9t\u00e9 interpell\u00e9 et plac\u00e9 en garde \u00e0 vue pour tentative de meurtre. Une enqu\u00eate a \u00e9t\u00e9 ouverte pour faire toute la lumi\u00e8re sur ce drame.<\/p>\n","protected":false},"excerpt":{"rendered":"Un grave\u00a0accident de la circulation s\u2019est produit samedi soir vers 23 heures \u00e0 Caluire, dans le secteur de&hellip;\n","protected":false},"author":2,"featured_media":373045,"comment_status":"","ping_status":"","sticky":false,"template":"","format":"standard","meta":{"footnotes":""},"categories":[1889],"tags":[119,1111,11,2430,15843,15842,2757,1777,674,274,107,1011,27,2428,12,25,2429],"class_list":{"0":"post-373044","1":"post","2":"type-post","3":"status-publish","4":"format-standard","5":"has-post-thumbnail","7":"category-lyon","8":"tag-accident","9":"tag-actu","10":"tag-actualites","11":"tag-auvergne-rhone-alpes","12":"tag-caluire","13":"tag-caluire-et-cuire","14":"tag-edition-lyon-villeurbanne","15":"tag-eu","16":"tag-europe","17":"tag-faits-divers-justice","18":"tag-fil-info","19":"tag-fr","20":"tag-france","21":"tag-lyon","22":"tag-news","23":"tag-republique-francaise","24":"tag-rhone"},"share_on_mastodon":{"url":"https:\/\/pubeurope.com\/@fr\/115163273841157117","error":""},"_links":{"self":[{"href":"https:\/\/www.europesays.com\/fr\/wp-json\/wp\/v2\/posts\/373044","targetHints":{"allow":["GET"]}}],"collection":[{"href":"https:\/\/www.europesays.com\/fr\/wp-json\/wp\/v2\/posts"}],"about":[{"href":"https:\/\/www.europesays.com\/fr\/wp-json\/wp\/v2\/types\/post"}],"author":[{"embeddable":true,"href":"https:\/\/www.europesays.com\/fr\/wp-json\/wp\/v2\/users\/2"}],"replies":[{"embeddable":true,"href":"https:\/\/www.europesays.com\/fr\/wp-json\/wp\/v2\/comments?post=373044"}],"version-history":[{"count":0,"href":"https:\/\/www.europesays.com\/fr\/wp-json\/wp\/v2\/posts\/373044\/revisions"}],"wp:featuredmedia":[{"embeddable":true,"href":"https:\/\/www.europesays.com\/fr\/wp-json\/wp\/v2\/media\/373045"}],"wp:attachment":[{"href":"https:\/\/www.europesays.com\/fr\/wp-json\/wp\/v2\/media?parent=373044"}],"wp:term":[{"taxonomy":"category","embeddable":true,"href":"https:\/\/www.europesays.com\/fr\/wp-json\/wp\/v2\/categories?post=373044"},{"taxonomy":"post_tag","embeddable":true,"href":"https:\/\/www.europesays.com\/fr\/wp-json\/wp\/v2\/tags?post=373044"}],"curies":[{"name":"wp","href":"https:\/\/api.w.org\/{rel}","templated":true}]}}