{"id":373048,"date":"2025-09-07T13:36:12","date_gmt":"2025-09-07T13:36:12","guid":{"rendered":"https:\/\/www.europesays.com\/fr\/373048\/"},"modified":"2025-09-07T13:36:12","modified_gmt":"2025-09-07T13:36:12","slug":"blessures-de-dembele-et-doue-des-tensions-entre-les-equipes-medicales-du-psg-et-celle-de-lequipe-de-france","status":"publish","type":"post","link":"https:\/\/www.europesays.com\/fr\/373048\/","title":{"rendered":"Blessures de Demb\u00e9l\u00e9 et Dou\u00e9\u00a0: des tensions entre les \u00e9quipes m\u00e9dicales du PSG et celle de l&rsquo;\u00c9quipe de France"},"content":{"rendered":"<p>Alors que deux joueurs parisiens sont bless\u00e9s apr\u00e8s un match avec l&rsquo;\u00c9quipe de France, ICI Paris Ile de France s&rsquo;est procur\u00e9 la lettre envoy\u00e9 par le PSG \u00e0 la F\u00e9d\u00e9ration Fran\u00e7aise de Football la veille de la rencontre. Le club s&rsquo;inqui\u00e9tait alors pour la sant\u00e9 de ses joueurs.\n<\/p>\n<p>\u00c7a commence \u00e0 faire beaucoup. <strong>Entre 6 et 8 semaines d&rsquo;absence<\/strong>, soit environ deux mois, pour Ousmane Demb\u00e9l\u00e9. Le joueur de football est victime d&rsquo;une d\u00e9chirure \u00e0 l&rsquo;ischio jambier, derri\u00e8re la cuisse droite. Cela\u00a0fait 2 fois que l&rsquo;attaquant parisien <strong>revient dans la capitale bless\u00e9 apr\u00e8s un rendez-vous avec l&rsquo;\u00c9quipe de France<\/strong>. En outre, cette fois ci\u00a0<a class=\"IciLink ici-link IciArticleLink g-ici-body-regular-1 underline brand svelte-lu7k6w\" href=\"https:\/\/www.francebleu.fr\/sports\/football\/psg-les-footballeurs-parisiens-doue-et-dembele-blesses-avec-l-equipe-de-france-5353327\" rel=\"nofollow noopener\" target=\"_blank\">un deuxi\u00e8me joueur<\/a>\u00a0de Luis Enrique est \u00e9galement \u00e9loign\u00e9 des terrains\u00a0: 1 mois d&rsquo;absence pour D\u00e9sir\u00e9 Dou\u00e9 apr\u00e8s une d\u00e9chirure au mollet.\u00a0Les deux parisiens se sont bless\u00e9s\u00a0lors du\u00a0<a class=\"IciLink ici-link IciArticleLink g-ici-body-regular-1 underline brand svelte-lu7k6w\" href=\"https:\/\/www.francebleu.fr\/sports\/football\/qualifications-mondial-2026-la-france-s-impose-face-a-l-ukraine-7530527\" rel=\"nofollow noopener\" target=\"_blank\">match France Ukraine<\/a>\u00a0vendredi 5 ao\u00fbt.<\/p>\n<p>Un message envoy\u00e9 par le PSG \u00e0 la\u00a0veille du match des Bleus contre l\u2019Ukraine<\/p>\n<p>Sauf que le Paris Saint-Germain avait pr\u00e9venu, et c&rsquo;est\u00a0bien l\u00e0 que le bas blesse. ICI Paris Ile de France a pu lire\u00a0la lettre envoy\u00e9 par le club parisien \u00e0 la FFF, le F\u00e9d\u00e9ration Fran\u00e7aise de Football, la veille du match des Bleus contre l\u2019Ukraine. Il y est \u00e9crit noir sur blanc que le PSG s&rsquo;inqui\u00e8te pour la sant\u00e9 de ses joueurs.<br \/><strong>Le club avaient pr\u00e9venu le staff m\u00e9dical de l&rsquo;Equipe de France<\/strong>, notamment de la situation d&rsquo;Ousmane Demb\u00e9l\u00e9, d\u00e9j\u00e0 fragilis\u00e9 en arrivant lundi \u00e0 Clairefontaine (douleurs \u00e0 la cuisse gauche). Litt\u00e9ralement, dans cette lettre, le PSG fait part de sa \u00ab\u00a0profonde inqui\u00e9tude\u00a0\u00bb et de son \u00ab\u00a0m\u00e9contentement\u00a0\u00bb concernant la sant\u00e9 des joueurs appel\u00e9s en s\u00e9lection en \u00c9quipe de France.<\/p>\n<p>Le club \u00e9voque l&rsquo;\u00e9tat de Demb\u00e9l\u00e9 mais aussi de Lucas Hernandez, qui \u00e9taient \u00ab\u00a0bless\u00e9s\u00a0\u00bb au moment de la s\u00e9lection et qui ont \u00e9t\u00e9 maintenus, malgr\u00e9 \u00ab\u00a0une situation clinique clairement incompatible avec la comp\u00e9tition\u00a0\u00bb. Le maintien de ces joueurs constitue \u00ab\u00a0une prise de risque injustifi\u00e9e, tant que le plan physique que juridique\u00a0\u00bb, insiste le PSG, qui regrette que \u00ab\u00a0r\u00e9guli\u00e8rement\u00a0\u00bb, \u00ab\u00a0des d\u00e9cisions m\u00e9dicales importantes sont prises sans la moindre concertation avec [leurs] m\u00e9decins\u00a0\u00bb, peut-on enfin lire dans la missive.<\/p>\n<p>\u00ab\u00a0Il \u00e9tait dans de bonnes dispositions avant de rentrer\u00a0\u00bb<\/p>\n<p>Concernant Ousmane Demb\u00e9l\u00e9, il a repris l&rsquo;entra\u00eenement tard cette saison \u00e0 cause de la participation du PSG, vainqueur de la Ligue des Champions, \u00e0 la Coupe du monde des clubs en juin et juillet. Les footballeurs n&rsquo;ont\u00a0<a class=\"IciLink ici-link IciArticleLink g-ici-body-regular-1 underline brand svelte-lu7k6w\" href=\"https:\/\/www.francebleu.fr\/sports\/football\/les-joueurs-du-psg-de-retour-a-l-entrainement-ce-mercredi-5174172\" rel=\"nofollow noopener\" target=\"_blank\">retrouv\u00e9 la pelouse<\/a>\u00a0que\u00a0<strong>quelques jours avant le d\u00e9but de la nouvelle saison de Ligue 1<\/strong>.<\/p>\n<p>Ousmane Demb\u00e9l\u00e9 s&rsquo;est en outre d\u00e9j\u00e0 plains d&rsquo;une douleur apr\u00e8s le match entre le PSG et le TFC, mais l&rsquo;attaquant s&rsquo;est tout de m\u00eame rendu au rassemblement des Bleus. D&rsquo;ailleurs pour le s\u00e9lectionneur des Bleus Didier Deschamps, rien \u00e0 voir\u00a0:\u00a0<a class=\"IciLink ici-link IciArticleLink g-ici-body-regular-1 underline brand svelte-lu7k6w\" href=\"https:\/\/www.francebleu.fr\/sports\/football\/si-ousmane-dembele-ne-gagne-pas-le-ballon-d-or-il-y-a-un-probleme-declare-le-president-du-psg-nasser-al-khelaifi-6775400\" rel=\"nofollow noopener\" target=\"_blank\">le possible futur ballon d\u2019or<\/a>\u00a0\u00e9tait bien apte lorsqu\u2019il est entr\u00e9 en jeu,\u00a0<strong>une demi-heure avant cette blessure, cette fois \u00e0 la cuisse droite<\/strong>\u00a0\u00ab\u00a0Il \u00e9tait dans de bonnes dispositions avant de rentrer. Malheureusement c&rsquo;est arriv\u00e9 \u00e0 lui mais il n&rsquo;y avait pas la moindre appr\u00e9hension \u00e0 le faire jouer\u00a0\u00bb, a r\u00e9agi l&rsquo;entraineur en conf\u00e9rence de presse d&rsquo;apr\u00e8s-match, pr\u00e9cisant que Demb\u00e9l\u00e9 n&rsquo;avait \u00ab\u00a0pas ressenti de truc violent\u00a0\u00bb.<\/p>\n<p>Le PSG demande la mise en place d&rsquo;un protocole plus transparent<\/p>\n<p>Ce dimanche matin, le club parisien officialise sa r\u00e9action\u00a0<a target=\"_blank\" rel=\"nofollow noopener noreferrer\" class=\"IciLink ici-link IciArticleLink g-ici-body-regular-1 underline brand svelte-lu7k6w\" href=\"https:\/\/www.psg.fr\/content\/cp-le-paris-saint-germain-appelle-a-la-mise-en-place-dun-nouveau-protocole-de-coordination-medico-sportive-entre-clubs-et-selection-nationale\">dans un communiqu\u00e9<\/a>. Il appelle notamment\u00a0\u00e0 un nouveau protocole de coordination m\u00e9dico-sportive entre les clubs et la s\u00e9lection nationale. Un dispositif \u00ab\u00a0plus transparent et collaboratif, pour faire de la sant\u00e9 des joueurs et de leur accompagnement m\u00e9dical une priorit\u00e9 absolue\u00a0\u00bb, est-il \u00e9crit sur le site du PSG.<br \/>On y trouve \u00e9galement <strong>une r\u00e9f\u00e9rence \u00e0 peine masqu\u00e9e au cas pr\u00e9cis de Demb\u00e9l\u00e9<\/strong> avec \u00ab\u00a0un principe de pr\u00e9caution renforc\u00e9 dans l\u2019utilisation des joueurs, notamment lorsqu\u2019ils pr\u00e9sentent une pathologie en cours de traitement.\u00a0\u00bb Avant de conclure\u00a0: \u00ab\u00a0Les faits r\u00e9cemment survenus, graves et \u00e9vitables, doivent donner lieu \u00e0 des mesures correctives rapides et imm\u00e9diates.\u00a0\u00bb<\/p>\n<p>\u00ab\u00a0Faute grave\u00a0\u00bb ou \u00ab\u00a0accusations injustes\u00a0\u00bb<\/p>\n<p>Plusieurs grands noms du football ont r\u00e9agi suite \u00e0 cette pol\u00e9mique.\u00a0Apr\u00e8s l&rsquo;annonce de ces indisponibilit\u00e9s, l&rsquo;ancien joueur parisien J\u00e9r\u00f4me Alonzo n&rsquo;a pas m\u00e2ch\u00e9 ses mots dimanche matin. Il \u00e9voque \u00ab\u00a0une faute grave\u00a0\u00bb de la part de l&rsquo;\u00c9quipe de France,\u00a0\u00ab\u00a0c&rsquo;est inqui\u00e9tant pour Ousmane Demb\u00e9l\u00e9 car on parle d&rsquo;un gar\u00e7on qui, toute sa carri\u00e8re, a eu ce genre de p\u00e9pins l\u00e0. Depuis qu&rsquo;il est au PSG, \u00e7a allait beaucoup mieux. Pour moi, l&rsquo;immense faute et l&rsquo;immense incomp\u00e9tence du staff m\u00e9dical des bleus, c&rsquo;est qu&rsquo;on a affaire \u00e0 un joueur qui \u00e9tait sur un terrain propice, qui a une fragilit\u00e9, et qui a fait une saison \u00e0 60 matchs\u00a0\u00bb, fustige sur France info J\u00e9r\u00f4me Alonzo.<\/p>\n<p>D&rsquo;autre part,\u00a0David\u00a0Terrier le pr\u00e9sident de l&rsquo;UNFP, l\u2019Union nationale des footballeurs professionnels est plus mesur\u00e9\u00a0: \u00ab\u00a0C&rsquo;est injuste de charger Didier Deschamps\u00a0\u00bb, estime le pr\u00e9sident, \u00ab\u00a0il y a aussi des objectifs \u00e0 atteindre, une qualification en Coupe du Monde\u00a0\u00bb. Quant \u00e0 la pr\u00e9sence d&rsquo;autres joueurs, disponibles, sur le banc, le pr\u00e9sident nuance \u00ab\u00a0quand vous avez le match le plus important de la poule, vous devez faire rentrer vos atouts\u00a0\u00bb, rappelant au passage que <strong>Demb\u00e9l\u00e9 n&rsquo;\u00e9tait pas titulaire<\/strong> et qu&rsquo;il est rentr\u00e9e en d\u00e9but de seconde p\u00e9riode&#8230;pour remplacer un certain D\u00e9sir\u00e9 Dou\u00e9. Dans les deux cas, le PSG \u00e9tait perdant.<\/p>\n<p>\u00c0 lire aussi   <img decoding=\"async\" src=\"https:\/\/www.europesays.com\/fr\/wp-content\/uploads\/2025\/09\/1757252171_985_560x315\" alt=\"Ousmane Demb\u00e9l\u00e9, coupe du monde 2022\" style=\"--_image-preview:url('data:image\/jpeg;base64,\/9j\/2wBDACgcHiMeGSgjISMtKygwPGRBPDc3PHtYXUlkkYCZlo+AjIqgtObDoKrarYqMyP\/L2u71\/\/\/\/m8H\/\/\/\/6\/+b9\/\/j\/2wBDASstLTw1PHZBQXb4pYyl+Pj4+Pj4+Pj4+Pj4+Pj4+Pj4+Pj4+Pj4+Pj4+Pj4+Pj4+Pj4+Pj4+Pj4+Pj4+Pj4+Pj\/wAARCAAXACoDASIAAhEBAxEB\/8QAFgABAQEAAAAAAAAAAAAAAAAAAAMB\/8QAFhABAQEAAAAAAAAAAAAAAAAAABES\/8QAFgEBAQEAAAAAAAAAAAAAAAAAAAEC\/8QAFREBAQAAAAAAAAAAAAAAAAAAABH\/2gAMAwEAAhEDEQA\/AIRkUhEonCKZMoqcZFcsyUUhAZRsIAEZAQf\/2Q==');\" loading=\"lazy\" fetchpriority=\"low\" aria-hidden=\"true\" class=\"svelte-1pnmlwx rounded\" onload=\"this.__e=event\" onerror=\"this.__e=event\"\/>\u00c0 \u00e9couter aussi   <img decoding=\"async\" src=\"https:\/\/www.europesays.com\/fr\/wp-content\/uploads\/2025\/09\/1757252172_701_560x315\" alt=\"Didier Deschamps conseille aux joueurs de se pr\u00e9server mais s\u00e9lectionne les bless\u00e9s...\" style=\"--_image-preview:url('data:image\/jpeg;base64,\/9j\/2wBDACgcHiMeGSgjISMtKygwPGRBPDc3PHtYXUlkkYCZlo+AjIqgtObDoKrarYqMyP\/L2u71\/\/\/\/m8H\/\/\/\/6\/+b9\/\/j\/2wBDASstLTw1PHZBQXb4pYyl+Pj4+Pj4+Pj4+Pj4+Pj4+Pj4+Pj4+Pj4+Pj4+Pj4+Pj4+Pj4+Pj4+Pj4+Pj4+Pj4+Pj\/wAARCAAXACoDASIAAhEBAxEB\/8QAGAAAAwEBAAAAAAAAAAAAAAAAAAEDAgT\/xAAYEAEBAQEBAAAAAAAAAAAAAAAAAQIREv\/EABYBAQEBAAAAAAAAAAAAAAAAAAABAv\/EABQRAQAAAAAAAAAAAAAAAAAAAAD\/2gAMAwEAAhEDEQA\/AOr0PSPs5pGl5puVz50pNApaz0ul1WXDNtTQAqmapKADfS6AqP\/Z');\" loading=\"lazy\" fetchpriority=\"low\" aria-hidden=\"true\" class=\"svelte-1pnmlwx rounded\" onload=\"this.__e=event\" onerror=\"this.__e=event\"\/><\/p>\n","protected":false},"excerpt":{"rendered":"Alors que deux joueurs parisiens sont bless\u00e9s apr\u00e8s un match avec l&rsquo;\u00c9quipe de France, ICI Paris Ile de&hellip;\n","protected":false},"author":2,"featured_media":373049,"comment_status":"","ping_status":"","sticky":false,"template":"","format":"standard","meta":{"footnotes":""},"categories":[1592],"tags":[1111,11,1777,674,1011,27,662,12,626,25],"class_list":{"0":"post-373048","1":"post","2":"type-post","3":"status-publish","4":"format-standard","5":"has-post-thumbnail","7":"category-ile-de-france","8":"tag-actu","9":"tag-actualites","10":"tag-eu","11":"tag-europe","12":"tag-fr","13":"tag-france","14":"tag-ile-de-france","15":"tag-news","16":"tag-paris","17":"tag-republique-francaise"},"share_on_mastodon":{"url":"https:\/\/pubeurope.com\/@fr\/115163286159550750","error":""},"_links":{"self":[{"href":"https:\/\/www.europesays.com\/fr\/wp-json\/wp\/v2\/posts\/373048","targetHints":{"allow":["GET"]}}],"collection":[{"href":"https:\/\/www.europesays.com\/fr\/wp-json\/wp\/v2\/posts"}],"about":[{"href":"https:\/\/www.europesays.com\/fr\/wp-json\/wp\/v2\/types\/post"}],"author":[{"embeddable":true,"href":"https:\/\/www.europesays.com\/fr\/wp-json\/wp\/v2\/users\/2"}],"replies":[{"embeddable":true,"href":"https:\/\/www.europesays.com\/fr\/wp-json\/wp\/v2\/comments?post=373048"}],"version-history":[{"count":0,"href":"https:\/\/www.europesays.com\/fr\/wp-json\/wp\/v2\/posts\/373048\/revisions"}],"wp:featuredmedia":[{"embeddable":true,"href":"https:\/\/www.europesays.com\/fr\/wp-json\/wp\/v2\/media\/373049"}],"wp:attachment":[{"href":"https:\/\/www.europesays.com\/fr\/wp-json\/wp\/v2\/media?parent=373048"}],"wp:term":[{"taxonomy":"category","embeddable":true,"href":"https:\/\/www.europesays.com\/fr\/wp-json\/wp\/v2\/categories?post=373048"},{"taxonomy":"post_tag","embeddable":true,"href":"https:\/\/www.europesays.com\/fr\/wp-json\/wp\/v2\/tags?post=373048"}],"curies":[{"name":"wp","href":"https:\/\/api.w.org\/{rel}","templated":true}]}}