{"id":373050,"date":"2025-09-07T13:37:11","date_gmt":"2025-09-07T13:37:11","guid":{"rendered":"https:\/\/www.europesays.com\/fr\/373050\/"},"modified":"2025-09-07T13:37:11","modified_gmt":"2025-09-07T13:37:11","slug":"je-la-comprends-didier-deschamps-revient-sur-la-colere-du-psg-apres-la-blessure-dousmane-dembele","status":"publish","type":"post","link":"https:\/\/www.europesays.com\/fr\/373050\/","title":{"rendered":"\u00ab\u00a0Je la comprends\u00a0\u00bb\u00a0: Didier Deschamps revient sur la col\u00e8re du PSG apr\u00e8s la blessure d\u2019Ousmane Demb\u00e9l\u00e9"},"content":{"rendered":"<p class=\"paragraph text_align_left lp-f-body-02\">Sa nouvelle prise de parole sur le sujet \u00e9tait attendue. Apr\u00e8s s\u2019\u00eatre bri\u00e8vement exprim\u00e9 sur la blessure \u00e0 la cuisse droite d\u2019Ousmane Demb\u00e9l\u00e9 vendredi soir en conf\u00e9rence de presse apr\u00e8s <a href=\"https:\/\/www.leparisien.fr\/sports\/football\/coupe-du-monde\/ukraine-france-0-2-les-bleus-deja-serieux-sur-la-route-mondial-lanalyse-de-dominique-severac-05-09-2025-ELHI3Y6EDVGE5L5LKHR2VW4TDU.php\" target=\"_blank\" rel=\"noreferrer noopener\">la victoire des Bleus (0-2) en Ukraine<\/a> en qualification pour le Mondial 2026, Didier Deschamps est revenu dimanche matin sur la col\u00e8re parisienne li\u00e9e \u00e0 <a href=\"https:\/\/www.leparisien.fr\/sports\/football\/psg\/psg-ousmane-dembele-absent-six-semaines-apres-sa-blessure-contre-lukraine-06-09-2025-XA5NE3TM7RGKHEWWDEZ65KX7RY.php\" target=\"_blank\" rel=\"noreferrer noopener\">l\u2019absence \u00e0 venir de l\u2019attaquant du PSG, estim\u00e9e \u00e0 six semaines<\/a>.<\/p>\n<p class=\"paragraph text_align_left lp-f-body-02\">\u00ab Ce n\u2019est pas que le staff m\u00e9dical, c\u2019est l\u2019\u00e9quipe de France, a expliqu\u00e9 le s\u00e9lectionneur tricolore sur le plateau de l\u2019\u00e9mission de TF1 T\u00e9l\u00e9foot. Ce rapport-l\u00e0, on l\u2019a toujours eu avec tous les clubs. On a conscience de la situation des joueurs quand nous recevons des informations, il y a certains clubs qui les donnent plus ou moins. On a fait les choses avec beaucoup de s\u00e9rieux et de professionnalisme. Je la comprends, \u00e0 leur place j\u2019aurais le m\u00eame ressenti. \u00bb<\/p>\n<p>\u00ab Le risque z\u00e9ro n\u2019existe pas \u00bb<\/p>\n<p class=\"paragraph text_align_left lp-f-body-02\">\u00ab Je ne suis pas l\u00e0 pour prendre des risques. A partir du moment o\u00f9 il est sur le terrain, le risque z\u00e9ro n\u2019existe pas. Prenons un exemple : j\u2019ai Rayan Cherki et William Saliba qui sont bless\u00e9s, c\u2019est act\u00e9, je ne les fais pas venir. Le protocole pr\u00e9voit qu\u2019ils doivent venir faire acter leur blessure le lundi matin, \u00e7a n\u2019a pas de sens. On a fait \u00e7a avec beaucoup de s\u00e9rieux et d\u2019application, on a demand\u00e9 le ressenti du joueur avant chaque s\u00e9ance. Le ressenti est tr\u00e8s important. \u00bb<\/p>\n<p class=\"paragraph text_align_left lp-f-body-02\">\u00ab Un exemple : D\u00e9sir\u00e9 Dou\u00e9 <a href=\"https:\/\/www.leparisien.fr\/sports\/football\/psg\/psg-desire-doue-absent-trois-a-quatre-semaines-et-forfait-pour-le-debut-de-la-ligue-des-champions-06-09-2025-XBXT3QIBP5AWNPEGWRI47MBC3E.php\" target=\"_blank\" rel=\"noreferrer noopener\">(\u00e9galement bless\u00e9 contre l\u2019Ukraine pour une dur\u00e9e de trois \u00e0 quatre semaines)<\/a> m\u2019a demand\u00e9 \u00e0 sortir. L\u2019envie de jouer prend parfois le pas sur beaucoup de choses. Si au bout de 20 minutes il me dit qu\u2019il y a quelque chose, je le change. \u00bb<\/p>\n<p class=\"paragraph text_align_left lp-f-body-02\">Les deux joueurs parisiens ont quitt\u00e9 le rassemblement des Bleus apr\u00e8s leur blessure. Remont\u00e9 par la gestion de leur cas, <a href=\"https:\/\/www.leparisien.fr\/sports\/football\/psg\/le-psg-exige-un-nouveau-protocole-medical-avec-la-fff-apres-les-blessures-de-dembele-et-doue-07-09-2025-2VA74DAI3JFGTIMKOLUZQQW2KA.php\" target=\"_blank\" rel=\"noreferrer noopener\">le PSG \u00e9voque ce dimanche des \u00ab faits graves et \u00e9vitables \u00bb<\/a> qui \u00ab doivent donner lieu \u00e0 des mesures correctives rapides et imm\u00e9diates \u00bb. Le club exige un nouveau protocole m\u00e9dical avec la FFF.<\/p>\n","protected":false},"excerpt":{"rendered":"Sa nouvelle prise de parole sur le sujet \u00e9tait attendue. Apr\u00e8s s\u2019\u00eatre bri\u00e8vement exprim\u00e9 sur la blessure \u00e0&hellip;\n","protected":false},"author":2,"featured_media":373051,"comment_status":"","ping_status":"","sticky":false,"template":"","format":"standard","meta":{"footnotes":""},"categories":[1888],"tags":[1111,1928,11,1927,27345,1777,674,63,1011,27,12,1926,626,1925,25,60],"class_list":{"0":"post-373050","1":"post","2":"type-post","3":"status-publish","4":"format-standard","5":"has-post-thumbnail","7":"category-paris","8":"tag-actu","9":"tag-actu-paris","10":"tag-actualites","11":"tag-actualites-paris","12":"tag-equipe_france_foot","13":"tag-eu","14":"tag-europe","15":"tag-football","16":"tag-fr","17":"tag-france","18":"tag-news","19":"tag-news-paris","20":"tag-paris","21":"tag-paris-news","22":"tag-republique-francaise","23":"tag-sports"},"share_on_mastodon":{"url":"https:\/\/pubeurope.com\/@fr\/115163289545438652","error":""},"_links":{"self":[{"href":"https:\/\/www.europesays.com\/fr\/wp-json\/wp\/v2\/posts\/373050","targetHints":{"allow":["GET"]}}],"collection":[{"href":"https:\/\/www.europesays.com\/fr\/wp-json\/wp\/v2\/posts"}],"about":[{"href":"https:\/\/www.europesays.com\/fr\/wp-json\/wp\/v2\/types\/post"}],"author":[{"embeddable":true,"href":"https:\/\/www.europesays.com\/fr\/wp-json\/wp\/v2\/users\/2"}],"replies":[{"embeddable":true,"href":"https:\/\/www.europesays.com\/fr\/wp-json\/wp\/v2\/comments?post=373050"}],"version-history":[{"count":0,"href":"https:\/\/www.europesays.com\/fr\/wp-json\/wp\/v2\/posts\/373050\/revisions"}],"wp:featuredmedia":[{"embeddable":true,"href":"https:\/\/www.europesays.com\/fr\/wp-json\/wp\/v2\/media\/373051"}],"wp:attachment":[{"href":"https:\/\/www.europesays.com\/fr\/wp-json\/wp\/v2\/media?parent=373050"}],"wp:term":[{"taxonomy":"category","embeddable":true,"href":"https:\/\/www.europesays.com\/fr\/wp-json\/wp\/v2\/categories?post=373050"},{"taxonomy":"post_tag","embeddable":true,"href":"https:\/\/www.europesays.com\/fr\/wp-json\/wp\/v2\/tags?post=373050"}],"curies":[{"name":"wp","href":"https:\/\/api.w.org\/{rel}","templated":true}]}}